{"id":844,"date":"2018-12-26T10:30:55","date_gmt":"2018-12-26T12:30:55","guid":{"rendered":"https:\/\/wp.ufpel.edu.br\/producao\/?p=844"},"modified":"2018-12-26T10:30:55","modified_gmt":"2018-12-26T12:30:55","slug":"periodo-de-recesso-horarios-e-agendamentos-de-atendimentos","status":"publish","type":"post","link":"https:\/\/wp.ufpel.edu.br\/producao\/2018\/12\/26\/periodo-de-recesso-horarios-e-agendamentos-de-atendimentos\/","title":{"rendered":"Per\u00edodo de Recesso: hor\u00e1rios e agendamentos de atendimentos"},"content":{"rendered":"<div class=\"\">\n<div class=\"_1mf _1mj\"><strong>Aten\u00e7\u00e3o comunidade da Engenharia de Produ\u00e7\u00e3o<\/strong><\/div>\n<\/div>\n<div class=\"\">\n<div class=\"_1mf _1mj\"><span>\u00a0<\/span><\/div>\n<\/div>\n<div class=\"\">\n<div class=\"_1mf _1mj\"><span>Devido ao turno \u00fanico de funcionamento na UFPel no per\u00edodo de recesso a secretaria do colegiado funcionar\u00e1 apenas no per\u00edodo da manh\u00e3. <\/span><\/div>\n<\/div>\n<div class=\"\">\n<div class=\"_1mf _1mj\"><span>O pr\u00e9dio da Cotada estar\u00e1 fechado nos per\u00edodos da tarde e da noite.<\/span><\/div>\n<\/div>\n<div class=\"\">\n<div class=\"_1mf _1mj\"><span>Atendimentos com a coordena\u00e7\u00e3o podem ser agendados por email:<\/span><\/div>\n<\/div>\n<div class=\"\">\n<div class=\"_1mf _1mj\"><span>a) de 26\/12\/2018 a 31\/12\/2018 com a professora Ariane, que est\u00e1 respons\u00e1vel pela coordena\u00e7\u00e3o no per\u00edodo, pelo email: afprosa61@gmail.com<\/span><\/div>\n<\/div>\n<div class=\"\">\n<div class=\"_1mf _1mj\"><span>b) a partir de 02\/01\/2019 com o coordenador do curso professor Gilson pelo email: gilson.porciuncula@gmail.com<\/span><\/div>\n<\/div>\n<div class=\"\">\n<div class=\"_1mf _1mj\"><span>\u00a0<\/span><\/div>\n<\/div>\n<div class=\"\">\n<div class=\"_1mf _1mj\"><span>Atenciosamente,<\/span><\/div>\n<\/div>\n<div class=\"\">\n<div class=\"_1mf _1mj\"><span>\u00a0<\/span><\/div>\n<\/div>\n<div class=\"\">\n<div class=\"_1mf _1mj\"><span>Coordena\u00e7\u00e3o do Curso de Engenharia de Produ\u00e7\u00e3o<\/span><\/div>\n<\/div>\n","protected":false},"excerpt":{"rendered":"<p>Aten\u00e7\u00e3o comunidade da Engenharia de Produ\u00e7\u00e3o \u00a0 Devido ao turno \u00fanico de funcionamento na UFPel no per\u00edodo de recesso a secretaria do colegiado funcionar\u00e1 apenas no per\u00edodo da manh\u00e3. O pr\u00e9dio da Cotada estar\u00e1 fechado nos per\u00edodos da tarde e da noite. Atendimentos com a coordena\u00e7\u00e3o podem ser agendados por email: a) de 26\/12\/2018 a [&hellip;]<\/p>\n","protected":false},"author":62,"featured_media":0,"comment_status":"closed","ping_status":"closed","sticky":false,"template":"","format":"standard","meta":{"footnotes":""},"categories":[1],"tags":[],"class_list":["post-844","post","type-post","status-publish","format-standard","hentry","category-noticias"],"jetpack_featured_media_url":"","_links":{"self":[{"href":"https:\/\/wp.ufpel.edu.br\/producao\/wp-json\/wp\/v2\/posts\/844","targetHints":{"allow":["GET"]}}],"collection":[{"href":"https:\/\/wp.ufpel.edu.br\/producao\/wp-json\/wp\/v2\/posts"}],"about":[{"href":"https:\/\/wp.ufpel.edu.br\/producao\/wp-json\/wp\/v2\/types\/post"}],"author":[{"embeddable":true,"href":"https:\/\/wp.ufpel.edu.br\/producao\/wp-json\/wp\/v2\/users\/62"}],"replies":[{"embeddable":true,"href":"https:\/\/wp.ufpel.edu.br\/producao\/wp-json\/wp\/v2\/comments?post=844"}],"version-history":[{"count":3,"href":"https:\/\/wp.ufpel.edu.br\/producao\/wp-json\/wp\/v2\/posts\/844\/revisions"}],"predecessor-version":[{"id":848,"href":"https:\/\/wp.ufpel.edu.br\/producao\/wp-json\/wp\/v2\/posts\/844\/revisions\/848"}],"wp:attachment":[{"href":"https:\/\/wp.ufpel.edu.br\/producao\/wp-json\/wp\/v2\/media?parent=844"}],"wp:term":[{"taxonomy":"category","embeddable":true,"href":"https:\/\/wp.ufpel.edu.br\/producao\/wp-json\/wp\/v2\/categories?post=844"},{"taxonomy":"post_tag","embeddable":true,"href":"https:\/\/wp.ufpel.edu.br\/producao\/wp-json\/wp\/v2\/tags?post=844"}],"curies":[{"name":"wp","href":"https:\/\/api.w.org\/{rel}","templated":true}]}}