{"id":769,"date":"2018-07-17T16:11:05","date_gmt":"2018-07-17T19:11:05","guid":{"rendered":"https:\/\/wp.ufpel.edu.br\/producao\/?p=769"},"modified":"2018-07-17T16:11:21","modified_gmt":"2018-07-17T19:11:21","slug":"edital-de-eleicao-colegiado-de-engenharia-de-producao","status":"publish","type":"post","link":"https:\/\/wp.ufpel.edu.br\/producao\/2018\/07\/17\/edital-de-eleicao-colegiado-de-engenharia-de-producao\/","title":{"rendered":"Edital de Elei\u00e7\u00e3o Colegiado de Engenharia de Produ\u00e7\u00e3o"},"content":{"rendered":"<p>Edital de Elei\u00e7\u00e3o de Representante para o Colegiado de Engenharia de Produ\u00e7\u00e3o<\/p>\n<p>As inscri\u00e7\u00f5es iniciam nesta quarta feria dia 18\/07\/2018 das 14:00 as 20:00<\/p>\n<p>Maiores informa\u00e7\u00f5es no edital abaixo.<\/p>\n<p><a href=\"https:\/\/wp.ufpel.edu.br\/producao\/files\/2018\/07\/Edital-Elei\u00e7\u00e3o-Colegiado-Engenharia-de-Produ\u00e7\u00e3o-.pdf\">Edital Elei\u00e7\u00e3o Colegiado Engenharia de Produ\u00e7\u00e3o<\/a><\/p>\n<p>&nbsp;<\/p>\n","protected":false},"excerpt":{"rendered":"<p>Edital de Elei\u00e7\u00e3o de Representante para o Colegiado de Engenharia de Produ\u00e7\u00e3o As inscri\u00e7\u00f5es iniciam nesta quarta feria dia 18\/07\/2018 das 14:00 as 20:00 Maiores informa\u00e7\u00f5es no edital abaixo. Edital Elei\u00e7\u00e3o Colegiado Engenharia de Produ\u00e7\u00e3o &nbsp;<\/p>\n","protected":false},"author":62,"featured_media":0,"comment_status":"closed","ping_status":"closed","sticky":false,"template":"","format":"standard","meta":{"footnotes":""},"categories":[1],"tags":[],"class_list":["post-769","post","type-post","status-publish","format-standard","hentry","category-noticias"],"jetpack_featured_media_url":"","_links":{"self":[{"href":"https:\/\/wp.ufpel.edu.br\/producao\/wp-json\/wp\/v2\/posts\/769","targetHints":{"allow":["GET"]}}],"collection":[{"href":"https:\/\/wp.ufpel.edu.br\/producao\/wp-json\/wp\/v2\/posts"}],"about":[{"href":"https:\/\/wp.ufpel.edu.br\/producao\/wp-json\/wp\/v2\/types\/post"}],"author":[{"embeddable":true,"href":"https:\/\/wp.ufpel.edu.br\/producao\/wp-json\/wp\/v2\/users\/62"}],"replies":[{"embeddable":true,"href":"https:\/\/wp.ufpel.edu.br\/producao\/wp-json\/wp\/v2\/comments?post=769"}],"version-history":[{"count":2,"href":"https:\/\/wp.ufpel.edu.br\/producao\/wp-json\/wp\/v2\/posts\/769\/revisions"}],"predecessor-version":[{"id":773,"href":"https:\/\/wp.ufpel.edu.br\/producao\/wp-json\/wp\/v2\/posts\/769\/revisions\/773"}],"wp:attachment":[{"href":"https:\/\/wp.ufpel.edu.br\/producao\/wp-json\/wp\/v2\/media?parent=769"}],"wp:term":[{"taxonomy":"category","embeddable":true,"href":"https:\/\/wp.ufpel.edu.br\/producao\/wp-json\/wp\/v2\/categories?post=769"},{"taxonomy":"post_tag","embeddable":true,"href":"https:\/\/wp.ufpel.edu.br\/producao\/wp-json\/wp\/v2\/tags?post=769"}],"curies":[{"name":"wp","href":"https:\/\/api.w.org\/{rel}","templated":true}]}}