{"id":630,"date":"2017-12-07T15:18:16","date_gmt":"2017-12-07T17:18:16","guid":{"rendered":"https:\/\/wp.ufpel.edu.br\/producao\/?p=630"},"modified":"2017-12-07T15:18:16","modified_gmt":"2017-12-07T17:18:16","slug":"artigo-elaborado-por-professor-e-alunos-da-engenharia-de-producao-recebe-premios-no-xix-engema","status":"publish","type":"post","link":"https:\/\/wp.ufpel.edu.br\/producao\/2017\/12\/07\/artigo-elaborado-por-professor-e-alunos-da-engenharia-de-producao-recebe-premios-no-xix-engema\/","title":{"rendered":"Artigo elaborado por professor e alunos da Engenharia de Produ\u00e7\u00e3o recebe pr\u00eamios no XIX ENGEMA"},"content":{"rendered":"<p>O artigo intitulado\u00a0\u201cA influ\u00eancia das redes sociais sobre a consci\u00eancia ambiental e responsabilidade social das gera\u00e7\u00f5es\u201d, desenvolvido pelo professor Julio Cesar Ferro de Guimar\u00e3es e pelos acad\u00eamicos do Curso de Engenharia\u00a0 de Produ\u00e7\u00e3o Mateus Luan\u00a0e\u00a0Rossana Parizotto Capitanio em parceria com a pesquisadora Eliana Andrea Severo,\u00a0 recebeu dois pr\u00eamios no XIX Encontro Internacional sobre Gest\u00e3o Empresarial e Meio Ambiente (ENGEMA) na FEA USP,\u00a0 um dos maiores evento de Gest\u00e3o Ambiental do Brasil.<\/p>\n<div>\n<p>As premia\u00e7\u00f5es recebidas foram a de\u00a0<strong>Melhor Trabalho do Evento Internacional<\/strong>, entre centenas de artigos publicados, e de\u00a0<strong>Melhor Artigo na\u00a0\u00e1rea de\u00a0E<\/strong><strong>duca\u00e7\u00e3o e Sustentabilidade.<\/strong><\/p>\n<p>Link do Evento:\u00a0<a href=\"http:\/\/www.engema.org.br\/19\/areas-tematicas\/\">http:\/\/www.engema.org.br\/19\/areas-tematicas\/<\/a><\/p>\n<table>\n<tbody>\n<tr>\n<td><img class=\"aligncenter size-full wp-image-632\" src=\"https:\/\/wp.ufpel.edu.br\/producao\/files\/2017\/12\/Premio-1.jpg\" alt=\"\" width=\"960\" height=\"636\" srcset=\"https:\/\/wp.ufpel.edu.br\/producao\/files\/2017\/12\/Premio-1.jpg 960w, https:\/\/wp.ufpel.edu.br\/producao\/files\/2017\/12\/Premio-1-400x265.jpg 400w, https:\/\/wp.ufpel.edu.br\/producao\/files\/2017\/12\/Premio-1-768x509.jpg 768w\" sizes=\"(max-width: 960px) 100vw, 960px\" \/><\/td>\n<td><img class=\"aligncenter size-full wp-image-633\" src=\"https:\/\/wp.ufpel.edu.br\/producao\/files\/2017\/12\/Premio2.jpg\" alt=\"\" width=\"960\" height=\"686\" srcset=\"https:\/\/wp.ufpel.edu.br\/producao\/files\/2017\/12\/Premio2.jpg 960w, https:\/\/wp.ufpel.edu.br\/producao\/files\/2017\/12\/Premio2-400x286.jpg 400w, https:\/\/wp.ufpel.edu.br\/producao\/files\/2017\/12\/Premio2-768x549.jpg 768w\" sizes=\"(max-width: 960px) 100vw, 960px\" \/><\/td>\n<\/tr>\n<\/tbody>\n<\/table>\n<\/div>\n","protected":false},"excerpt":{"rendered":"<p>O artigo intitulado\u00a0\u201cA influ\u00eancia das redes sociais sobre a consci\u00eancia ambiental e responsabilidade social das gera\u00e7\u00f5es\u201d, desenvolvido pelo professor Julio Cesar Ferro de Guimar\u00e3es e pelos acad\u00eamicos do Curso de Engenharia\u00a0 de Produ\u00e7\u00e3o Mateus Luan\u00a0e\u00a0Rossana Parizotto Capitanio em parceria com a pesquisadora Eliana Andrea Severo,\u00a0 recebeu dois pr\u00eamios no XIX Encontro Internacional sobre Gest\u00e3o Empresarial [&hellip;]<\/p>\n","protected":false},"author":62,"featured_media":0,"comment_status":"closed","ping_status":"closed","sticky":false,"template":"","format":"standard","meta":{"footnotes":""},"categories":[1],"tags":[],"class_list":["post-630","post","type-post","status-publish","format-standard","hentry","category-noticias"],"jetpack_featured_media_url":"","_links":{"self":[{"href":"https:\/\/wp.ufpel.edu.br\/producao\/wp-json\/wp\/v2\/posts\/630","targetHints":{"allow":["GET"]}}],"collection":[{"href":"https:\/\/wp.ufpel.edu.br\/producao\/wp-json\/wp\/v2\/posts"}],"about":[{"href":"https:\/\/wp.ufpel.edu.br\/producao\/wp-json\/wp\/v2\/types\/post"}],"author":[{"embeddable":true,"href":"https:\/\/wp.ufpel.edu.br\/producao\/wp-json\/wp\/v2\/users\/62"}],"replies":[{"embeddable":true,"href":"https:\/\/wp.ufpel.edu.br\/producao\/wp-json\/wp\/v2\/comments?post=630"}],"version-history":[{"count":1,"href":"https:\/\/wp.ufpel.edu.br\/producao\/wp-json\/wp\/v2\/posts\/630\/revisions"}],"predecessor-version":[{"id":634,"href":"https:\/\/wp.ufpel.edu.br\/producao\/wp-json\/wp\/v2\/posts\/630\/revisions\/634"}],"wp:attachment":[{"href":"https:\/\/wp.ufpel.edu.br\/producao\/wp-json\/wp\/v2\/media?parent=630"}],"wp:term":[{"taxonomy":"category","embeddable":true,"href":"https:\/\/wp.ufpel.edu.br\/producao\/wp-json\/wp\/v2\/categories?post=630"},{"taxonomy":"post_tag","embeddable":true,"href":"https:\/\/wp.ufpel.edu.br\/producao\/wp-json\/wp\/v2\/tags?post=630"}],"curies":[{"name":"wp","href":"https:\/\/api.w.org\/{rel}","templated":true}]}}