{"id":622,"date":"2017-12-07T15:06:35","date_gmt":"2017-12-07T17:06:35","guid":{"rendered":"https:\/\/wp.ufpel.edu.br\/producao\/?p=622"},"modified":"2017-12-07T15:06:35","modified_gmt":"2017-12-07T17:06:35","slug":"disciplinas-de-metrologia-promove-aula-pratica-de-instrumentos-de-medicao-no-senai","status":"publish","type":"post","link":"https:\/\/wp.ufpel.edu.br\/producao\/2017\/12\/07\/disciplinas-de-metrologia-promove-aula-pratica-de-instrumentos-de-medicao-no-senai\/","title":{"rendered":"Disciplinas de Metrologia promove Aula Pr\u00e1tica de Instrumentos de Medi\u00e7\u00e3o no Senai"},"content":{"rendered":"<p>Na \u00faltima sexta-feira dia 01\/12 os alunos da disciplina de <strong>Metrologia e Ensaios<\/strong> foram visitar o <strong>Senai<\/strong> acompanhados do professor <strong>Tiago Delbrucke<\/strong>. A visita foi sugerida pelo aluno <strong>Danilo Leite<\/strong> da Engenharia agr\u00edcola com o intuito de realizar atividades pr\u00e1ticas com instrumentos de medi\u00e7\u00e3o. As atividades tiveram aux\u00edlio do instrutor <strong>Andr\u00e9 Menezes Nunes<\/strong><\/p>\n<table>\n<tbody>\n<tr>\n<td colspan=\"2\">\u00a0 \u00a0\u00a0\u00a0 \u00a0\u00a0<img class=\"aligncenter size-full wp-image-628\" src=\"https:\/\/wp.ufpel.edu.br\/producao\/files\/2017\/12\/WhatsApp-Image-2017-12-01-at-23.16.51-2.jpeg\" alt=\"\" width=\"902\" height=\"646\" srcset=\"https:\/\/wp.ufpel.edu.br\/producao\/files\/2017\/12\/WhatsApp-Image-2017-12-01-at-23.16.51-2.jpeg 902w, https:\/\/wp.ufpel.edu.br\/producao\/files\/2017\/12\/WhatsApp-Image-2017-12-01-at-23.16.51-2-400x286.jpeg 400w, https:\/\/wp.ufpel.edu.br\/producao\/files\/2017\/12\/WhatsApp-Image-2017-12-01-at-23.16.51-2-768x550.jpeg 768w\" sizes=\"(max-width: 902px) 100vw, 902px\" \/><\/td>\n<\/tr>\n<tr>\n<td><img class=\"aligncenter size-full wp-image-627\" src=\"https:\/\/wp.ufpel.edu.br\/producao\/files\/2017\/12\/WhatsApp-Image-2017-12-01-at-23.16.51-1-1.jpeg\" alt=\"\" width=\"1028\" height=\"613\" srcset=\"https:\/\/wp.ufpel.edu.br\/producao\/files\/2017\/12\/WhatsApp-Image-2017-12-01-at-23.16.51-1-1.jpeg 1028w, https:\/\/wp.ufpel.edu.br\/producao\/files\/2017\/12\/WhatsApp-Image-2017-12-01-at-23.16.51-1-1-400x239.jpeg 400w, https:\/\/wp.ufpel.edu.br\/producao\/files\/2017\/12\/WhatsApp-Image-2017-12-01-at-23.16.51-1-1-768x458.jpeg 768w, https:\/\/wp.ufpel.edu.br\/producao\/files\/2017\/12\/WhatsApp-Image-2017-12-01-at-23.16.51-1-1-1024x611.jpeg 1024w\" sizes=\"(max-width: 1028px) 100vw, 1028px\" \/><\/td>\n<td><img class=\"aligncenter size-full wp-image-624\" src=\"https:\/\/wp.ufpel.edu.br\/producao\/files\/2017\/12\/WhatsApp-Image-2017-12-01-at-23.16.52.jpeg\" alt=\"\" width=\"1280\" height=\"720\" srcset=\"https:\/\/wp.ufpel.edu.br\/producao\/files\/2017\/12\/WhatsApp-Image-2017-12-01-at-23.16.52.jpeg 1280w, https:\/\/wp.ufpel.edu.br\/producao\/files\/2017\/12\/WhatsApp-Image-2017-12-01-at-23.16.52-400x225.jpeg 400w, https:\/\/wp.ufpel.edu.br\/producao\/files\/2017\/12\/WhatsApp-Image-2017-12-01-at-23.16.52-768x432.jpeg 768w, https:\/\/wp.ufpel.edu.br\/producao\/files\/2017\/12\/WhatsApp-Image-2017-12-01-at-23.16.52-1024x576.jpeg 1024w\" sizes=\"(max-width: 1280px) 100vw, 1280px\" \/><\/td>\n<\/tr>\n<\/tbody>\n<\/table>\n<p><\/p>\n","protected":false},"excerpt":{"rendered":"<p>Na \u00faltima sexta-feira dia 01\/12 os alunos da disciplina de Metrologia e Ensaios foram visitar o Senai acompanhados do professor Tiago Delbrucke. A visita foi sugerida pelo aluno Danilo Leite da Engenharia agr\u00edcola com o intuito de realizar atividades pr\u00e1ticas com instrumentos de medi\u00e7\u00e3o. As atividades tiveram aux\u00edlio do instrutor Andr\u00e9 Menezes Nunes \u00a0 \u00a0\u00a0\u00a0 [&hellip;]<\/p>\n","protected":false},"author":62,"featured_media":0,"comment_status":"closed","ping_status":"closed","sticky":false,"template":"","format":"standard","meta":{"footnotes":""},"categories":[1],"tags":[],"class_list":["post-622","post","type-post","status-publish","format-standard","hentry","category-noticias"],"jetpack_featured_media_url":"","_links":{"self":[{"href":"https:\/\/wp.ufpel.edu.br\/producao\/wp-json\/wp\/v2\/posts\/622","targetHints":{"allow":["GET"]}}],"collection":[{"href":"https:\/\/wp.ufpel.edu.br\/producao\/wp-json\/wp\/v2\/posts"}],"about":[{"href":"https:\/\/wp.ufpel.edu.br\/producao\/wp-json\/wp\/v2\/types\/post"}],"author":[{"embeddable":true,"href":"https:\/\/wp.ufpel.edu.br\/producao\/wp-json\/wp\/v2\/users\/62"}],"replies":[{"embeddable":true,"href":"https:\/\/wp.ufpel.edu.br\/producao\/wp-json\/wp\/v2\/comments?post=622"}],"version-history":[{"count":1,"href":"https:\/\/wp.ufpel.edu.br\/producao\/wp-json\/wp\/v2\/posts\/622\/revisions"}],"predecessor-version":[{"id":629,"href":"https:\/\/wp.ufpel.edu.br\/producao\/wp-json\/wp\/v2\/posts\/622\/revisions\/629"}],"wp:attachment":[{"href":"https:\/\/wp.ufpel.edu.br\/producao\/wp-json\/wp\/v2\/media?parent=622"}],"wp:term":[{"taxonomy":"category","embeddable":true,"href":"https:\/\/wp.ufpel.edu.br\/producao\/wp-json\/wp\/v2\/categories?post=622"},{"taxonomy":"post_tag","embeddable":true,"href":"https:\/\/wp.ufpel.edu.br\/producao\/wp-json\/wp\/v2\/tags?post=622"}],"curies":[{"name":"wp","href":"https:\/\/api.w.org\/{rel}","templated":true}]}}