{"id":598,"date":"2017-11-19T22:25:05","date_gmt":"2017-11-20T00:25:05","guid":{"rendered":"https:\/\/wp.ufpel.edu.br\/producao\/?p=598"},"modified":"2017-11-21T15:17:53","modified_gmt":"2017-11-21T17:17:53","slug":"semana-integrada-de-inovacao-ensinopesquisa-e-extensao","status":"publish","type":"post","link":"https:\/\/wp.ufpel.edu.br\/producao\/2017\/11\/19\/semana-integrada-de-inovacao-ensinopesquisa-e-extensao\/","title":{"rendered":"Engenharia de Produ\u00e7\u00e3o na III Semana Integrada de Inova\u00e7\u00e3o, Ensino,Pesquisa e Extens\u00e3o"},"content":{"rendered":"<p>Entre os dias 20 e 24 de novembro acontece na UFPel a III\u00a0Semana Integrada de Inova\u00e7\u00e3o, Ensino,Pesquisa e Extens\u00e3o &#8211; III SIIEPE, neste per\u00edodo de acordo com o Calend\u00e1rio, todas as atividades acad\u00eamicas devem ser desenvolvidas em torno dos Congressos de Inova\u00e7\u00e3o Tecnol\u00f3gica, Congresso de Ensino e Gradua\u00e7\u00e3o, Congresso de Inicia\u00e7\u00e3o Cient\u00edfica e o Congresso de Extens\u00e3o. Desta forma, os alunos devem ser dispensadas das atividades de sala de aula para participar da III SIEPE. Segue abaixo os trabalhos apresentados pelos alunos e professores do Curso de Engenharia de Produ\u00e7ao.<\/p>\n<table width=\"950\">\n<tbody>\n<tr style=\"background-color: #e4f3f5\">\n<td style=\"text-align: center\" colspan=\"6\" width=\"1059\"><span style=\"font-size: 14pt\"><strong>Trabalhos publicados no Congresso de Inicia\u00e7\u00e3o Cient\u00edfica<\/strong><\/span><\/td>\n<\/tr>\n<tr style=\"background-color: #daedec\">\n<td style=\"text-align: center\" width=\"526\"><strong>T\u00edtulo do Trabalho<\/strong><\/td>\n<td style=\"text-align: center\"><strong>Aluno<\/strong><\/td>\n<td style=\"text-align: center\"><strong>Orientador<\/strong><\/td>\n<td style=\"text-align: center\">Data<\/td>\n<td style=\"text-align: center\">Hora<\/td>\n<td style=\"text-align: center\">Sala<\/td>\n<\/tr>\n<tr>\n<td width=\"526\">Sistemas de Ventila\u00e7\u00e3o e Qualidade do ar em Ambientes Internos<\/td>\n<td>Bernardo Reis Strapason<\/td>\n<td>Alejandro Martins Rodriguez<\/td>\n<td>24\/nov<\/td>\n<td>\u00a008:30:00<\/td>\n<td>246<\/td>\n<\/tr>\n<tr>\n<td width=\"526\">AN\u00c1LISE FUNCIONAL E ESTRUTURAL DE SISTEMAS HIDR\u00c1ULICOS POR MEIO DE REPRESENTA\u00c7\u00c3O MATRICIAL<\/td>\n<td>Gilmar Rossi Filho<\/td>\n<td>Gilson Sim\u00f5es Porci\u00fancula<\/td>\n<td>24\/nov<\/td>\n<td>11:20<\/td>\n<td>246<\/td>\n<\/tr>\n<tr>\n<td width=\"526\">CARTAS DE CONTROLE MULTIVARIADAS N\u00c3O PARAM\u00c9TRICAS BASEADAS NO K-NEAREST NEIGHBOR (KNN)<\/td>\n<td>\u00a0Rog\u00e9rio Greque H\u00e4rter<\/td>\n<td>\u00a0Ariane Ferreira Porto Rosa<\/td>\n<td>24\/nov<\/td>\n<td>13:30<\/td>\n<td>246<\/td>\n<\/tr>\n<tr>\n<td width=\"526\">CARTAS DE CONTROLE MULTIVARIADAS PARAM\u00c9TRICAS: UMA REVIS\u00c3O<\/td>\n<td>\u00a0Rafael da Costa Carrir<\/td>\n<td>\u00a0Ariane Ferreira Porto Rosa<\/td>\n<td>24\/nov<\/td>\n<td>13:50<\/td>\n<td>246<\/td>\n<\/tr>\n<tr>\n<td width=\"526\">ESTUDO DE UM MODELO QUANTITATIVO DE CONFIABILIDADE HUMANA, APLICADO A UM ESTUDO DE CASO<\/td>\n<td>\u00a0Stela Xavier Terra<\/td>\n<td>\u00a0Ariane Ferreira Porto Rosa<\/td>\n<td>24\/nov<\/td>\n<td>14:10<\/td>\n<td>246<\/td>\n<\/tr>\n<tr>\n<td width=\"526\">ESTUDO PARA A APLICA\u00c7\u00c3O DA FERRAMENTA MAPEAMENTO DO FLUXO DE VALOR EM UMA IND\u00daSTRIA DO SETOR DA SA\u00daDE<\/td>\n<td>Eduardo Angelin<\/td>\n<td>\u00a0Ariane Ferreira Porto Rosa<\/td>\n<td>24\/nov<\/td>\n<td>14:30<\/td>\n<td>246<\/td>\n<\/tr>\n<tr>\n<td width=\"526\">REVIS\u00c3O DA LITERATURA SOBRE CARTAS DE CONTROLE MULTIVARIADAS N\u00c3O PARAM\u00c9TRICAS<\/td>\n<td>\u00a0Tamires Fernanda Barbosa Nunes<\/td>\n<td>\u00a0Ariane Ferreira Porto Rosa<\/td>\n<td>24\/nov<\/td>\n<td>15:20<\/td>\n<td>246<\/td>\n<\/tr>\n<tr>\n<td width=\"526\">T\u00c9CNICAS ESPECIAIS DE MONITORAMENTO E CONTROLE ESTAT\u00cdSTICO DE PROCESSO UNIVARIADO<\/td>\n<td>\u00a0Diulia Marina Rangel Do Amaral<\/td>\n<td>\u00a0Ariane Ferreira Porto Rosa<\/td>\n<td>24\/nov<\/td>\n<td>15:40<\/td>\n<td>246<\/td>\n<\/tr>\n<tr>\n<td width=\"526\">ERGONOMIA NO TRABALHO DO FRENTISTA: ESTUDO BIBLIOM\u00c9TRICO E QUANTO AO PERFIL DESTES PROFISSIONAIS EM PELOTAS<\/td>\n<td>Gabriela Yohana Smaniotto<\/td>\n<td>Luis Antonio dos Santos Franz<\/td>\n<td>24\/nov<\/td>\n<td>08:50<\/td>\n<td>247<\/td>\n<\/tr>\n<tr>\n<td width=\"526\">AN\u00c1LISE DOS ASPECTOS ERGON\u00d4MICOS EM UMA CONSTRUTORA NO PROCESSO DE PAVIMENTA\u00c7\u00c3O DE VIAS P\u00daBLICAS NA CIDADE DE RIO GRANDE-RS<\/td>\n<td>Fernanda Mallmann<\/td>\n<td>Luis Antonio dos Santos Franz<\/td>\n<td>24\/nov<\/td>\n<td>\u00a09:10<\/td>\n<td>247<\/td>\n<\/tr>\n<tr>\n<td width=\"526\">QUALIDADE EM SERVI\u00c7OS: ESTUDO DE CASO APLICADO EM UMA EMPRESA DE MONITORAMENTO ELETR\u00d4NICO<\/td>\n<td>Uilson Diego Gomes Prestes<\/td>\n<td>\u00a0Rog\u00e9rio Royer<\/td>\n<td>24\/nov<\/td>\n<td>\u00a09:10<\/td>\n<td>248<\/td>\n<\/tr>\n<tr>\n<td width=\"526\">AN\u00c1LISE ERGON\u00d4MICA NO SETOR DE PRODU\u00c7\u00c3O DE UMA IND\u00daSTRIA DE LUMIN\u00c1RIAS DA CIDADE DE PELOTAS<\/td>\n<td>\u00a0Queila da SIlva Rodeghiero<\/td>\n<td>Luis Antonio dos Santos Franz<\/td>\n<td>24\/nov<\/td>\n<td>09:30<\/td>\n<td>247<\/td>\n<\/tr>\n<tr>\n<td width=\"526\">BIBLIOTECA CAMPUS VISCONDE DA GRA\u00c7A \u2013 IFSUL: UM ESTUDO SOBRE AS CONDI\u00c7\u00d5ES ERGON\u00d4MICAS NO AMBIENTE DE TRABALHO<\/td>\n<td>\u00a0Juliana Gularte Coutinho<\/td>\n<td>Luis Antonio dos Santos Franz<\/td>\n<td>24\/nov<\/td>\n<td>10:20<\/td>\n<td>247<\/td>\n<\/tr>\n<tr>\n<td width=\"526\">AN\u00c1LISE DAS CONDI\u00c7\u00d5ES T\u00c9RMICAS EM UMA LAVANDERIA SELF SERVICE DA CIDADE DE PELOTAS &#8211; RS<\/td>\n<td>Gustavo Schuster<\/td>\n<td>Luis Antonio dos Santos Franz<\/td>\n<td>24\/nov<\/td>\n<td>10:40<\/td>\n<td>247<\/td>\n<\/tr>\n<tr>\n<td width=\"526\">An\u00e1lise Ergon\u00f4mica do posto de trabalho de uma costureira na cidade de Pelotas \u2013 RS<\/td>\n<td>\u00a0Liana Schons<\/td>\n<td>Luis Antonio dos Santos Franz<\/td>\n<td>24\/nov<\/td>\n<td>11:00<\/td>\n<td>247<\/td>\n<\/tr>\n<tr>\n<td width=\"526\">LOG\u00cdSTICA REVERSA E AS BANCAS DE JORNAL E REVISTAS.<\/td>\n<td>Eder Geovane Schmitt<\/td>\n<td>Patricia Costa Duarte<\/td>\n<td>24\/nov<\/td>\n<td>13:50<\/td>\n<td>247<\/td>\n<\/tr>\n<tr>\n<td width=\"526\">M\u00c9TODO EXPERIMENTAL DE ARMAZENAMENTO DE DOCUMENTOS EM CIDADES COM UMIDADE ATMOSF\u00c9RICA RELATIVA ALTA. UM ESTUDO NA CIDADE DE PELOTAS\/RS.<\/td>\n<td>N\u00e1gila de Moura Duarte<\/td>\n<td>Patricia Costa Duarte<\/td>\n<td>24\/nov<\/td>\n<td>14:10<\/td>\n<td>247<\/td>\n<\/tr>\n<tr>\n<td width=\"526\">A PR\u00c1TICA DA LOG\u00cdSTICA REVERSA PARA A COLETA DE \u00d3LEO DE COZINHA USADO, NA CIDADE DE PELOTAS<\/td>\n<td>J\u00falia Matzembacher Corr\u00eaa<\/td>\n<td>Patricia Costa Duarte<\/td>\n<td>24\/nov<\/td>\n<td>14:30<\/td>\n<td>247<\/td>\n<\/tr>\n<tr>\n<td width=\"526\">AN\u00c1LISE DA LOG\u00cdSTICA REVERSA UTILIZADA POR UMA EMPRESA DE PERFUMARIA E COSM\u00c9TICOS: UM ESTUDO DE CASO EM UMA FRANQUIA NA CIDADE DE CANGU\u00c7U\/RS<\/td>\n<td>Silene Pestana Carvalho<\/td>\n<td>Patricia Costa Duarte<\/td>\n<td>24\/nov<\/td>\n<td>15:20<\/td>\n<td>247<\/td>\n<\/tr>\n<tr>\n<td width=\"526\">AN\u00c1LISE DOS PONTOS DE LOCALIZA\u00c7\u00c3O DE UNIDADES DE ATENDIMENTO POLICIAL NA CIDADE DE PELOTAS\/RS<\/td>\n<td>Juan Enrique Peixoto Cuadro<\/td>\n<td>Patricia Costa Duarte<\/td>\n<td>24\/nov<\/td>\n<td>15:40<\/td>\n<td>247<\/td>\n<\/tr>\n<tr>\n<td width=\"526\">LOG\u00cdSTICA REVERSA DE MEDICAMENTOS: UM ESTUDO DE CASO EM UMA REDE FARMAC\u00caUTICA DA CIDADE DE PELOTAS\/RS<\/td>\n<td>Mariana da Silveira Gir\u00e3o<\/td>\n<td>Patricia Costa Duarte<\/td>\n<td>24\/nov<\/td>\n<td>16:00<\/td>\n<td>247<\/td>\n<\/tr>\n<tr>\n<td width=\"526\">LOG\u00cdSTICA REVERSA: LIXO ELETR\u00d4NICO NA CIDADE DE PELOTAS &#8211; RS<\/td>\n<td>\u00c1lisson Garcia Couto<\/td>\n<td>Patricia Costa Duarte<\/td>\n<td>24\/nov<\/td>\n<td>16:20<\/td>\n<td>247<\/td>\n<\/tr>\n<tr style=\"background-color: #dfeded\">\n<td style=\"text-align: center\" colspan=\"6\" width=\"1059\"><span style=\"font-size: 14pt\"><strong>Trabalhos publicados no Congresso de Inova\u00e7\u00e3o Tecnol\u00f3gica<\/strong><\/span><\/td>\n<\/tr>\n<tr style=\"background-color: #e9f2f2\">\n<td width=\"526\"><strong>T\u00edtulo do Trabalho<\/strong><\/td>\n<td><strong>Aluno<\/strong><\/td>\n<td><strong>Orientador<\/strong><\/td>\n<td><strong>Data<\/strong><\/td>\n<td><strong>Hora<\/strong><\/td>\n<td><strong>Sala<\/strong><\/td>\n<\/tr>\n<tr>\n<td width=\"526\">PROPOSTA DE MELHORIA CONT\u00cdNUA EM UMA IND\u00daSTRIA ALIMENT\u00cdCIA UTILIZANDO FERRAMENTAS DA QUALIDADE<\/td>\n<td>\u00a0Queila da SIlva Rodeghiero<\/td>\n<td>\u00a0Rog\u00e9rio Royer<\/td>\n<td>22\/nov<\/td>\n<td>14:40<\/td>\n<td>319B<\/td>\n<\/tr>\n<tr>\n<td width=\"526\">UMA EXPERI\u00caNCIA DID\u00c1TICA: LABIRINTO LEGO<\/td>\n<td>\u00a0Uilson Diego Gomes Prestes<\/td>\n<td>\u00a0Gilson Porciuncula<\/td>\n<td>22\/nov<\/td>\n<td>15:00<\/td>\n<td>319B<\/td>\n<\/tr>\n<tr style=\"background-color: #daf1f2\">\n<td style=\"text-align: center\" colspan=\"6\" width=\"1059\"><span style=\"font-size: 14pt\"><strong>Trabalhos publicados no Congresso de Ensino de Gradua\u00e7\u00e3o<\/strong><\/span><\/td>\n<\/tr>\n<tr style=\"background-color: #e4f5f3\">\n<td width=\"526\"><strong>T\u00edtulo do Trabalho<\/strong><\/td>\n<td><strong>Aluno<\/strong><\/td>\n<td><strong>Orientador<\/strong><\/td>\n<td><strong>Data<\/strong><\/td>\n<td><strong>Hora<\/strong><\/td>\n<td><strong>Sala<\/strong><\/td>\n<\/tr>\n<tr>\n<td width=\"526\">DESEMPENHO DE BANCADA DIDATICA DE HIDRAULICA: AVALI\u00c7\u00c3O DE RENDIMENTOS<\/td>\n<td>\u00a0Ricardo da Silveira dos Santos<\/td>\n<td>Gilson Sim\u00f5es Porci\u00fancula<\/td>\n<td>23\/nov<\/td>\n<td>\u00a0 16:50<\/td>\n<td>310<\/td>\n<\/tr>\n<tr>\n<td width=\"526\">GEST\u00c3O DE PROJETOS: OS DESDOBRAMENTOS DO C\u00c1LCULO DO \u00cdNDICE DO RENDIMENTO OPERACIONAL GLOBAL (IROG) E SUAS APLICA\u00c7\u00d5ES<\/td>\n<td>Ge\u00f3rgia Souto<\/td>\n<td>Alejandro Martins<\/td>\n<td>24\/nov<\/td>\n<td>09:30<\/td>\n<td>310<\/td>\n<\/tr>\n<tr>\n<td width=\"526\">AN\u00c1LISE DOS \u00cdNDICES DA CIA HERING COMPARADA AO<br \/>\nBENCHMARKING LOJAS GUARARAPES S.A<\/td>\n<td>Diulia Marina Rangel Do<br \/>\nAmaral<\/td>\n<td>Everton Anger<br \/>\nCavalheiro<\/td>\n<td>24\/nov<\/td>\n<td>10:40<\/td>\n<td>310<\/td>\n<\/tr>\n<tr>\n<td width=\"526\">OTIMIZA\u00c7\u00c3O DO PROCESSO ENSINO-APRENDIZAGEM NA DISCIPLINA DE ENGENHARIA ECON\u00d4MICA ATRAV\u00c9S DA ATIVIDADE PR\u00c1TICA: O USO DE DADOS DE EMPLACAMENTOS DE VE\u00cdCULOS COMO INSTRUMENTO<\/td>\n<td>Jaime de Paula Neto<\/td>\n<td>Leonardo Betemps<br \/>\nKontz<\/td>\n<td>24\/nov<\/td>\n<td>11:00<\/td>\n<td>310<\/td>\n<\/tr>\n<tr>\n<td width=\"526\">SIMULA\u00c7\u00c3O DE UM SISTEMA DE FILAS EM UM POSTO DE COMBUST\u00cdVEL SITUADO EM PELOTAS\/RS UTILIZANDO O SOFTWARE ARENA<\/td>\n<td>Uilson Diego Gomes<br \/>\nPrestes<\/td>\n<td>Leonardo Rohde<\/td>\n<td>24\/nov<\/td>\n<td>11:20<\/td>\n<td>310<\/td>\n<\/tr>\n<\/tbody>\n<\/table>\n<p>&nbsp;<\/p>\n","protected":false},"excerpt":{"rendered":"<p>Entre os dias 20 e 24 de novembro acontece na UFPel a III\u00a0Semana Integrada de Inova\u00e7\u00e3o, Ensino,Pesquisa e Extens\u00e3o &#8211; III SIIEPE, neste per\u00edodo de acordo com o Calend\u00e1rio, todas as atividades acad\u00eamicas devem ser desenvolvidas em torno dos Congressos de Inova\u00e7\u00e3o Tecnol\u00f3gica, Congresso de Ensino e Gradua\u00e7\u00e3o, Congresso de Inicia\u00e7\u00e3o Cient\u00edfica e o Congresso [&hellip;]<\/p>\n","protected":false},"author":62,"featured_media":0,"comment_status":"closed","ping_status":"closed","sticky":false,"template":"page-sem-sidebar.php","format":"standard","meta":{"footnotes":""},"categories":[1],"tags":[],"class_list":["post-598","post","type-post","status-publish","format-standard","hentry","category-noticias"],"jetpack_featured_media_url":"","_links":{"self":[{"href":"https:\/\/wp.ufpel.edu.br\/producao\/wp-json\/wp\/v2\/posts\/598","targetHints":{"allow":["GET"]}}],"collection":[{"href":"https:\/\/wp.ufpel.edu.br\/producao\/wp-json\/wp\/v2\/posts"}],"about":[{"href":"https:\/\/wp.ufpel.edu.br\/producao\/wp-json\/wp\/v2\/types\/post"}],"author":[{"embeddable":true,"href":"https:\/\/wp.ufpel.edu.br\/producao\/wp-json\/wp\/v2\/users\/62"}],"replies":[{"embeddable":true,"href":"https:\/\/wp.ufpel.edu.br\/producao\/wp-json\/wp\/v2\/comments?post=598"}],"version-history":[{"count":9,"href":"https:\/\/wp.ufpel.edu.br\/producao\/wp-json\/wp\/v2\/posts\/598\/revisions"}],"predecessor-version":[{"id":610,"href":"https:\/\/wp.ufpel.edu.br\/producao\/wp-json\/wp\/v2\/posts\/598\/revisions\/610"}],"wp:attachment":[{"href":"https:\/\/wp.ufpel.edu.br\/producao\/wp-json\/wp\/v2\/media?parent=598"}],"wp:term":[{"taxonomy":"category","embeddable":true,"href":"https:\/\/wp.ufpel.edu.br\/producao\/wp-json\/wp\/v2\/categories?post=598"},{"taxonomy":"post_tag","embeddable":true,"href":"https:\/\/wp.ufpel.edu.br\/producao\/wp-json\/wp\/v2\/tags?post=598"}],"curies":[{"name":"wp","href":"https:\/\/api.w.org\/{rel}","templated":true}]}}