{"id":490,"date":"2017-10-31T16:40:47","date_gmt":"2017-10-31T18:40:47","guid":{"rendered":"https:\/\/wp.ufpel.edu.br\/producao\/?p=490"},"modified":"2017-11-10T15:13:06","modified_gmt":"2017-11-10T17:13:06","slug":"viii-semana-academica-de-engenharia-de-producao","status":"publish","type":"post","link":"https:\/\/wp.ufpel.edu.br\/producao\/2017\/10\/31\/viii-semana-academica-de-engenharia-de-producao\/","title":{"rendered":"VIII Semana acad\u00eamica de Engenharia de Produ\u00e7\u00e3o"},"content":{"rendered":"<p><a href=\"https:\/\/wp.ufpel.edu.br\/producao\/files\/2017\/10\/P1060608.jpg\">Na semana compreendida entre 23 e 27 de outubro realizou-se a Semana Acad\u00eamica do Curso de Engenharia de Produ\u00e7\u00e3o da Universidade Federal de Pelotas.<\/a><\/p>\n<p><a href=\"https:\/\/wp.ufpel.edu.br\/producao\/files\/2017\/10\/P1060608.jpg\"><img class=\"aligncenter size-full wp-image-493\" src=\"https:\/\/wp.ufpel.edu.br\/producao\/files\/2017\/10\/P1060608.jpg\" alt=\"\" width=\"4320\" height=\"2432\" srcset=\"https:\/\/wp.ufpel.edu.br\/producao\/files\/2017\/10\/P1060608.jpg 4320w, https:\/\/wp.ufpel.edu.br\/producao\/files\/2017\/10\/P1060608-400x225.jpg 400w, https:\/\/wp.ufpel.edu.br\/producao\/files\/2017\/10\/P1060608-768x432.jpg 768w, https:\/\/wp.ufpel.edu.br\/producao\/files\/2017\/10\/P1060608-1024x576.jpg 1024w\" sizes=\"(max-width: 4320px) 100vw, 4320px\" \/><\/a><\/p>\n<p>A coordena\u00e7\u00e3o da VIII SAEP \u00e9 de responsabilidade dos professores Rog\u00e9rio Royer e Ariane Ferreira Porto Rosa e envolve, ainda, quinze alunos do Curso. O projeto de ensino est\u00e1 devidamente registrado no Cobalto e foi proposto e iniciado em maio de 2017.<\/p>\n<p>Durante a semana, foram realizadas palestras em diferentes tem\u00e1ticas, atividades culturais, roda de conversa com alunos que realizaram interc\u00e2mbios em institui\u00e7\u00f5es no exterior, roda de conversa com alunos formados pelo curso e que j\u00e1 est\u00e3o atuando no mercado de trabalho e minicursos em diferentes \u00e1reas do conhecimento.<\/p>\n<p>Al\u00e9m disso, a programa\u00e7\u00e3o previu sete visitas t\u00e9cnicas.\u00a0 J\u00e1 ocorreram visitas \u00e0s empresas Salton, Todeschini, Josapar, Lifemed, Freedom, Dellano e Miolo e est\u00e3o agendadas, at\u00e9 o final de 2017, visitas a Staara, Itaipu, Mascarelo, Aurora Alimentos, A1 Engenharia, O Botic\u00e1rio, Soprano, Randon e Rio Grande Celulose.<\/p>\n<p><a href=\"https:\/\/wp.ufpel.edu.br\/producao\/files\/2017\/10\/P1060621.jpg\"><img class=\"aligncenter size-full wp-image-499\" src=\"https:\/\/wp.ufpel.edu.br\/producao\/files\/2017\/10\/P1060621.jpg\" alt=\"\" width=\"4320\" height=\"2432\" srcset=\"https:\/\/wp.ufpel.edu.br\/producao\/files\/2017\/10\/P1060621.jpg 4320w, https:\/\/wp.ufpel.edu.br\/producao\/files\/2017\/10\/P1060621-400x225.jpg 400w, https:\/\/wp.ufpel.edu.br\/producao\/files\/2017\/10\/P1060621-768x432.jpg 768w, https:\/\/wp.ufpel.edu.br\/producao\/files\/2017\/10\/P1060621-1024x576.jpg 1024w\" sizes=\"(max-width: 4320px) 100vw, 4320px\" \/>O encerramento do projeto est\u00e1 previsto para o in\u00edcio de 2018, com a entrega do relat\u00f3rio final, contendo a descri\u00e7\u00e3o e os registros das atividades realizadas, assim como o resultado de uma pesquisa de satisfa\u00e7\u00e3o relacionado \u00e0s atividades do evento e que est\u00e1 sendo aplicada a cada um dos eventos realizado.<\/a><\/p>\n","protected":false},"excerpt":{"rendered":"<p>Na semana compreendida entre 23 e 27 de outubro realizou-se a Semana Acad\u00eamica do Curso de Engenharia de Produ\u00e7\u00e3o da Universidade Federal de Pelotas. A coordena\u00e7\u00e3o da VIII SAEP \u00e9 de responsabilidade dos professores Rog\u00e9rio Royer e Ariane Ferreira Porto Rosa e envolve, ainda, quinze alunos do Curso. O projeto de ensino est\u00e1 devidamente registrado [&hellip;]<\/p>\n","protected":false},"author":62,"featured_media":0,"comment_status":"closed","ping_status":"closed","sticky":false,"template":"","format":"standard","meta":{"footnotes":""},"categories":[1],"tags":[],"class_list":["post-490","post","type-post","status-publish","format-standard","hentry","category-noticias"],"jetpack_featured_media_url":"","_links":{"self":[{"href":"https:\/\/wp.ufpel.edu.br\/producao\/wp-json\/wp\/v2\/posts\/490","targetHints":{"allow":["GET"]}}],"collection":[{"href":"https:\/\/wp.ufpel.edu.br\/producao\/wp-json\/wp\/v2\/posts"}],"about":[{"href":"https:\/\/wp.ufpel.edu.br\/producao\/wp-json\/wp\/v2\/types\/post"}],"author":[{"embeddable":true,"href":"https:\/\/wp.ufpel.edu.br\/producao\/wp-json\/wp\/v2\/users\/62"}],"replies":[{"embeddable":true,"href":"https:\/\/wp.ufpel.edu.br\/producao\/wp-json\/wp\/v2\/comments?post=490"}],"version-history":[{"count":3,"href":"https:\/\/wp.ufpel.edu.br\/producao\/wp-json\/wp\/v2\/posts\/490\/revisions"}],"predecessor-version":[{"id":567,"href":"https:\/\/wp.ufpel.edu.br\/producao\/wp-json\/wp\/v2\/posts\/490\/revisions\/567"}],"wp:attachment":[{"href":"https:\/\/wp.ufpel.edu.br\/producao\/wp-json\/wp\/v2\/media?parent=490"}],"wp:term":[{"taxonomy":"category","embeddable":true,"href":"https:\/\/wp.ufpel.edu.br\/producao\/wp-json\/wp\/v2\/categories?post=490"},{"taxonomy":"post_tag","embeddable":true,"href":"https:\/\/wp.ufpel.edu.br\/producao\/wp-json\/wp\/v2\/tags?post=490"}],"curies":[{"name":"wp","href":"https:\/\/api.w.org\/{rel}","templated":true}]}}