{"id":488,"date":"2017-10-31T16:38:00","date_gmt":"2017-10-31T18:38:00","guid":{"rendered":"https:\/\/wp.ufpel.edu.br\/producao\/?p=488"},"modified":"2017-11-10T15:13:43","modified_gmt":"2017-11-10T17:13:43","slug":"xvii-mostra-de-iniciacao-cientifica-pos-graduacao-pesquisa-e-extensao-ppgaucs","status":"publish","type":"post","link":"https:\/\/wp.ufpel.edu.br\/producao\/2017\/10\/31\/xvii-mostra-de-iniciacao-cientifica-pos-graduacao-pesquisa-e-extensao-ppgaucs\/","title":{"rendered":"XVII Mostra de Inicia\u00e7\u00e3o Cient\u00edfica, P\u00f3s-Gradua\u00e7\u00e3o, Pesquisa e Extens\u00e3o (PPGA\/UCS)"},"content":{"rendered":"<p>&nbsp;<\/p>\n<p>No \u00faltimo final de semana, dias 27 e 28\u00a0 de outubro, alunos e professores do Curso de Engenharia de Produ\u00e7\u00e3o da UFPel, participaram do evento cient\u00edfico acad\u00eamico na Universidade de Caxias do Sul &#8211; UCS, a XVII Mostra de Inicia\u00e7\u00e3o Cient\u00edfica, P\u00f3s-Gradua\u00e7\u00e3o, Pesquisa e Extens\u00e3o (PPGA\/UCS).<\/p>\n<p>Foram 6 artigos publicados pelos Alunos e Professores. A equipe foi composta por nove alunas (os): N\u00e1gila Moura Duart, Bruna Fronza Santos, Liana Schons, Joyce Abrantes Dias, Victor Manuel Gomez Gonzalez, Diulia Marina Rangel do Amaral, Queila da Silva Rodeghiero, Juliano \u00c1vila da Silva Hallal, Eduardo Carvalho Sanchez e pelos professores\u00a0Patr\u00edcia Costa Duarte e Julio Cesar Ferro Guimar\u00e3es<\/p>\n<p>Parab\u00e9ns aos alunos e professores.<\/p>\n<table>\n<tbody>\n<tr>\n<td><a href=\"https:\/\/wp.ufpel.edu.br\/producao\/files\/2017\/10\/XVII-Mostra.jpg\"><img class=\"aligncenter size-full wp-image-501\" src=\"https:\/\/wp.ufpel.edu.br\/producao\/files\/2017\/10\/XVII-Mostra.jpg\" alt=\"\" width=\"960\" height=\"679\" srcset=\"https:\/\/wp.ufpel.edu.br\/producao\/files\/2017\/10\/XVII-Mostra.jpg 960w, https:\/\/wp.ufpel.edu.br\/producao\/files\/2017\/10\/XVII-Mostra-400x283.jpg 400w, https:\/\/wp.ufpel.edu.br\/producao\/files\/2017\/10\/XVII-Mostra-768x543.jpg 768w\" sizes=\"(max-width: 960px) 100vw, 960px\" \/><\/a><\/td>\n<td><a href=\"https:\/\/wp.ufpel.edu.br\/producao\/files\/2017\/10\/XVII-Mostra-III.jpg\"><img class=\"aligncenter size-full wp-image-506\" src=\"https:\/\/wp.ufpel.edu.br\/producao\/files\/2017\/10\/XVII-Mostra-III.jpg\" alt=\"\" width=\"960\" height=\"540\" srcset=\"https:\/\/wp.ufpel.edu.br\/producao\/files\/2017\/10\/XVII-Mostra-III.jpg 960w, https:\/\/wp.ufpel.edu.br\/producao\/files\/2017\/10\/XVII-Mostra-III-400x225.jpg 400w, https:\/\/wp.ufpel.edu.br\/producao\/files\/2017\/10\/XVII-Mostra-III-768x432.jpg 768w\" sizes=\"(max-width: 960px) 100vw, 960px\" \/><\/a><\/td>\n<\/tr>\n<tr>\n<td><a href=\"https:\/\/wp.ufpel.edu.br\/producao\/files\/2017\/10\/XVII-Mostra-II.jpg\"><img class=\"aligncenter size-full wp-image-510\" src=\"https:\/\/wp.ufpel.edu.br\/producao\/files\/2017\/10\/XVII-Mostra-II.jpg\" alt=\"\" width=\"960\" height=\"719\" srcset=\"https:\/\/wp.ufpel.edu.br\/producao\/files\/2017\/10\/XVII-Mostra-II.jpg 960w, https:\/\/wp.ufpel.edu.br\/producao\/files\/2017\/10\/XVII-Mostra-II-400x300.jpg 400w, https:\/\/wp.ufpel.edu.br\/producao\/files\/2017\/10\/XVII-Mostra-II-768x575.jpg 768w\" sizes=\"(max-width: 960px) 100vw, 960px\" \/><\/a><\/td>\n<td><a href=\"https:\/\/wp.ufpel.edu.br\/producao\/files\/2017\/10\/XVII-Mostra-IV.jpg\"><img class=\"aligncenter size-full wp-image-511\" src=\"https:\/\/wp.ufpel.edu.br\/producao\/files\/2017\/10\/XVII-Mostra-IV.jpg\" alt=\"\" width=\"960\" height=\"540\" srcset=\"https:\/\/wp.ufpel.edu.br\/producao\/files\/2017\/10\/XVII-Mostra-IV.jpg 960w, https:\/\/wp.ufpel.edu.br\/producao\/files\/2017\/10\/XVII-Mostra-IV-400x225.jpg 400w, https:\/\/wp.ufpel.edu.br\/producao\/files\/2017\/10\/XVII-Mostra-IV-768x432.jpg 768w\" sizes=\"(max-width: 960px) 100vw, 960px\" \/><\/a><\/td>\n<\/tr>\n<\/tbody>\n<\/table>\n<p>&nbsp;<\/p>\n","protected":false},"excerpt":{"rendered":"<p>&nbsp; No \u00faltimo final de semana, dias 27 e 28\u00a0 de outubro, alunos e professores do Curso de Engenharia de Produ\u00e7\u00e3o da UFPel, participaram do evento cient\u00edfico acad\u00eamico na Universidade de Caxias do Sul &#8211; UCS, a XVII Mostra de Inicia\u00e7\u00e3o Cient\u00edfica, P\u00f3s-Gradua\u00e7\u00e3o, Pesquisa e Extens\u00e3o (PPGA\/UCS). Foram 6 artigos publicados pelos Alunos e Professores. [&hellip;]<\/p>\n","protected":false},"author":62,"featured_media":0,"comment_status":"closed","ping_status":"closed","sticky":false,"template":"","format":"standard","meta":{"footnotes":""},"categories":[1],"tags":[],"class_list":["post-488","post","type-post","status-publish","format-standard","hentry","category-noticias"],"jetpack_featured_media_url":"","_links":{"self":[{"href":"https:\/\/wp.ufpel.edu.br\/producao\/wp-json\/wp\/v2\/posts\/488","targetHints":{"allow":["GET"]}}],"collection":[{"href":"https:\/\/wp.ufpel.edu.br\/producao\/wp-json\/wp\/v2\/posts"}],"about":[{"href":"https:\/\/wp.ufpel.edu.br\/producao\/wp-json\/wp\/v2\/types\/post"}],"author":[{"embeddable":true,"href":"https:\/\/wp.ufpel.edu.br\/producao\/wp-json\/wp\/v2\/users\/62"}],"replies":[{"embeddable":true,"href":"https:\/\/wp.ufpel.edu.br\/producao\/wp-json\/wp\/v2\/comments?post=488"}],"version-history":[{"count":3,"href":"https:\/\/wp.ufpel.edu.br\/producao\/wp-json\/wp\/v2\/posts\/488\/revisions"}],"predecessor-version":[{"id":569,"href":"https:\/\/wp.ufpel.edu.br\/producao\/wp-json\/wp\/v2\/posts\/488\/revisions\/569"}],"wp:attachment":[{"href":"https:\/\/wp.ufpel.edu.br\/producao\/wp-json\/wp\/v2\/media?parent=488"}],"wp:term":[{"taxonomy":"category","embeddable":true,"href":"https:\/\/wp.ufpel.edu.br\/producao\/wp-json\/wp\/v2\/categories?post=488"},{"taxonomy":"post_tag","embeddable":true,"href":"https:\/\/wp.ufpel.edu.br\/producao\/wp-json\/wp\/v2\/tags?post=488"}],"curies":[{"name":"wp","href":"https:\/\/api.w.org\/{rel}","templated":true}]}}