{"id":477,"date":"2017-10-19T18:40:30","date_gmt":"2017-10-19T20:40:30","guid":{"rendered":"https:\/\/wp.ufpel.edu.br\/producao\/?p=477"},"modified":"2017-10-19T18:40:52","modified_gmt":"2017-10-19T20:40:52","slug":"viii-semana-academica-do-curso-de-engenharia-de-producao-viii-saep","status":"publish","type":"post","link":"https:\/\/wp.ufpel.edu.br\/producao\/2017\/10\/19\/viii-semana-academica-do-curso-de-engenharia-de-producao-viii-saep\/","title":{"rendered":"VIII Semana Acad\u00eamica do Curso de Engenharia de Produ\u00e7\u00e3o &#8211; VIII SAEP"},"content":{"rendered":"<p>Na pr\u00f3xima segunda-feira dia 23 de outubro inicia a VIII SAEP, um dos evento mais importante do Curso de Engenharia de Produ\u00e7\u00e3o. Nesse ano a Coordena\u00e7\u00e3o da SAEP juntamente com a equipe de alunos (Equipe organizadora) apresentam uma grande variedade de PALESTRAS, MINICURSOS e VISITAS T\u00c9CNICAS. Estas \u00faltimas com um destaque maior pela qualidade e quantidade de visitas\u00a0 que j\u00e1 iniciaram em desde o inicio de outubro e se estendem at\u00e9 o m\u00eas de novembro. As fotos abaixo,apresentam algumas visitas j\u00e1 realizadas.<\/p>\n<table>\n<tbody>\n<tr>\n<td><a href=\"https:\/\/wp.ufpel.edu.br\/producao\/files\/2017\/10\/Todeschine.jpg\"><img class=\"aligncenter wp-image-479 \" src=\"https:\/\/wp.ufpel.edu.br\/producao\/files\/2017\/10\/Todeschine-400x246.jpg\" alt=\"\" width=\"519\" height=\"319\" srcset=\"https:\/\/wp.ufpel.edu.br\/producao\/files\/2017\/10\/Todeschine-400x246.jpg 400w, https:\/\/wp.ufpel.edu.br\/producao\/files\/2017\/10\/Todeschine.jpg 655w\" sizes=\"(max-width: 519px) 100vw, 519px\" \/><\/a><\/td>\n<td><a href=\"https:\/\/wp.ufpel.edu.br\/producao\/files\/2017\/10\/josapar.jpg\"><img class=\"aligncenter wp-image-480 \" src=\"https:\/\/wp.ufpel.edu.br\/producao\/files\/2017\/10\/josapar-217x400.jpg\" alt=\"\" width=\"236\" height=\"435\" srcset=\"https:\/\/wp.ufpel.edu.br\/producao\/files\/2017\/10\/josapar-217x400.jpg 217w, https:\/\/wp.ufpel.edu.br\/producao\/files\/2017\/10\/josapar-768x1419.jpg 768w, https:\/\/wp.ufpel.edu.br\/producao\/files\/2017\/10\/josapar-554x1024.jpg 554w, https:\/\/wp.ufpel.edu.br\/producao\/files\/2017\/10\/josapar.jpg 1249w\" sizes=\"(max-width: 236px) 100vw, 236px\" \/><\/a><\/td>\n<\/tr>\n<tr>\n<td style=\"text-align: center\">Visita Todeschini e Vin\u00edcola Salton dia 06\/10<\/td>\n<td style=\"text-align: center\">Visita JOSAPAR dia 19\/10<\/td>\n<\/tr>\n<\/tbody>\n<\/table>\n<p>ESCOLHA UMA ATIVIDADE e PARTICIPEM&#8230;.<\/p>\n<p>&nbsp;<\/p>\n","protected":false},"excerpt":{"rendered":"<p>Na pr\u00f3xima segunda-feira dia 23 de outubro inicia a VIII SAEP, um dos evento mais importante do Curso de Engenharia de Produ\u00e7\u00e3o. Nesse ano a Coordena\u00e7\u00e3o da SAEP juntamente com a equipe de alunos (Equipe organizadora) apresentam uma grande variedade de PALESTRAS, MINICURSOS e VISITAS T\u00c9CNICAS. Estas \u00faltimas com um destaque maior pela qualidade e [&hellip;]<\/p>\n","protected":false},"author":62,"featured_media":0,"comment_status":"closed","ping_status":"closed","sticky":false,"template":"","format":"standard","meta":{"footnotes":""},"categories":[1],"tags":[],"class_list":["post-477","post","type-post","status-publish","format-standard","hentry","category-noticias"],"jetpack_featured_media_url":"","_links":{"self":[{"href":"https:\/\/wp.ufpel.edu.br\/producao\/wp-json\/wp\/v2\/posts\/477","targetHints":{"allow":["GET"]}}],"collection":[{"href":"https:\/\/wp.ufpel.edu.br\/producao\/wp-json\/wp\/v2\/posts"}],"about":[{"href":"https:\/\/wp.ufpel.edu.br\/producao\/wp-json\/wp\/v2\/types\/post"}],"author":[{"embeddable":true,"href":"https:\/\/wp.ufpel.edu.br\/producao\/wp-json\/wp\/v2\/users\/62"}],"replies":[{"embeddable":true,"href":"https:\/\/wp.ufpel.edu.br\/producao\/wp-json\/wp\/v2\/comments?post=477"}],"version-history":[{"count":1,"href":"https:\/\/wp.ufpel.edu.br\/producao\/wp-json\/wp\/v2\/posts\/477\/revisions"}],"predecessor-version":[{"id":481,"href":"https:\/\/wp.ufpel.edu.br\/producao\/wp-json\/wp\/v2\/posts\/477\/revisions\/481"}],"wp:attachment":[{"href":"https:\/\/wp.ufpel.edu.br\/producao\/wp-json\/wp\/v2\/media?parent=477"}],"wp:term":[{"taxonomy":"category","embeddable":true,"href":"https:\/\/wp.ufpel.edu.br\/producao\/wp-json\/wp\/v2\/categories?post=477"},{"taxonomy":"post_tag","embeddable":true,"href":"https:\/\/wp.ufpel.edu.br\/producao\/wp-json\/wp\/v2\/tags?post=477"}],"curies":[{"name":"wp","href":"https:\/\/api.w.org\/{rel}","templated":true}]}}