{"id":4257,"date":"2025-10-17T08:34:12","date_gmt":"2025-10-17T11:34:12","guid":{"rendered":"https:\/\/wp.ufpel.edu.br\/producao\/?p=4257"},"modified":"2025-10-17T08:34:12","modified_gmt":"2025-10-17T11:34:12","slug":"programa-de-estagio-da-slc-agricola","status":"publish","type":"post","link":"https:\/\/wp.ufpel.edu.br\/producao\/2025\/10\/17\/programa-de-estagio-da-slc-agricola\/","title":{"rendered":"Programa de Est\u00e1gio da SLC Agr\u00edcola"},"content":{"rendered":"<p><img class=\"size-medium wp-image-4259 aligncenter\" src=\"https:\/\/wp.ufpel.edu.br\/producao\/files\/2025\/10\/Divulgacao-SLC-320x400.jpg\" alt=\"\" width=\"320\" height=\"400\" srcset=\"https:\/\/wp.ufpel.edu.br\/producao\/files\/2025\/10\/Divulgacao-SLC-320x400.jpg 320w, https:\/\/wp.ufpel.edu.br\/producao\/files\/2025\/10\/Divulgacao-SLC-819x1024.jpg 819w, https:\/\/wp.ufpel.edu.br\/producao\/files\/2025\/10\/Divulgacao-SLC-768x960.jpg 768w, https:\/\/wp.ufpel.edu.br\/producao\/files\/2025\/10\/Divulgacao-SLC-1229x1536.jpg 1229w, https:\/\/wp.ufpel.edu.br\/producao\/files\/2025\/10\/Divulgacao-SLC-1638x2048.jpg 1638w, https:\/\/wp.ufpel.edu.br\/producao\/files\/2025\/10\/Divulgacao-SLC-scaled.jpg 2048w\" sizes=\"(max-width: 320px) 100vw, 320px\" \/><\/p>\n<p>O <strong>Programa de Est\u00e1gio SLC Agr\u00edcola<\/strong> \u00e9 uma oportunidade de aprendizado e desenvolvimento em uma das maiores produtoras de gr\u00e3os, fibras e sementes do pa\u00eds. Durante 6 meses, voc\u00ea vai participar ativamente de projetos que impulsionam o futuro do agro, em um ambiente que valoriza inova\u00e7\u00e3o, sustentabilidade e gente que faz a diferen\u00e7a.<\/p>\n<p><strong>Inscri\u00e7\u00f5es abertas at\u00e9 12\/11\/2025<\/strong><br \/>\n<a href=\"https:\/\/t.rdsv2.net\/ls\/click?upn=u001.vSmbNqQxAvd2xXqUixuEoMIbLOLbcyCk-2FPOzjrwNC8P1p-2FCguYhfU7xzHPgmPGmQfGpEQRMnXlf96qF7-2BeuZxbh6MIX3gmkUp2nNC5uEGbm4Jbyh2gFs2ka90BnlREyZ4cilg8sAA9nmpJsqc5-2B8vhXWnmQ5xSG6bu-2FnEeLrzYOocnxpsVCPV-2BQqpYABecriTF25_ceor0VWStWcNC3jSELZTaZQHLmf8arBruPMgl7exNjd4uzOwkf87uO9qBDxdkgr4l7re6XzUAJUzDzJzQKYzzPUEsb2pYDfey65rsMAH1fR1yQeQ-2FiSjwxHITsmcsD-2BoIeiAJ18tHxe9lKlVtBm-2Bea-2Bkj8kjsmYrPIOVpwRhhnaEnu3G5XJw5twr-2BOLy1Q9qzPT2a3ySKwXyW9KTb9y2F-2F0-2B6gRQgNKEfYZROqOznjSb5DLUhY1Tt0Pybu4R4gmfPnwosNpr-2BKtFpxUvTBCAY7YTt7Ah3kwy5gxZmrO2tmQNCpL2pwtMIkTZPUsCfpMDhpFnxEhbLtK-2F2gUWCgbCr9HcPz7Wdds5Qj6OxNXYyymZ2yfkCS6Dfpan9HHJwI72APEw6Z8MoV0WwzzH7HUF1qbta1m1VtuGLA5AIaZpbq-2BQ-2Bat-2BnBWVzo2wf7l1v2-2BUPKuuThixJ9OjovBWGuV3hv8OWC1MzsKhbeXzb-2F20issnG0aPZuGJgFby6kcD3bFUarPZ2GWq9WqvEUt-2FFCRLnNGVwqX9TQPTvI4RN-2B5jlplgNzTqYnPc0-2BrUXAdIqhdwptOP-2FlBwntD5Q8c1scHcbU31GCrpeobIOeP1L5fKV-2Bd9L0UgAKKClZHqBh2nQsrYi0Lih0IRy8-2FgqMbmG1UwipJQpjVqLTuWvNMV3Ye92NM-3D\" target=\"_blank\" rel=\"noopener\" data-saferedirecturl=\"https:\/\/www.google.com\/url?q=https:\/\/t.rdsv2.net\/ls\/click?upn%3Du001.vSmbNqQxAvd2xXqUixuEoMIbLOLbcyCk-2FPOzjrwNC8P1p-2FCguYhfU7xzHPgmPGmQfGpEQRMnXlf96qF7-2BeuZxbh6MIX3gmkUp2nNC5uEGbm4Jbyh2gFs2ka90BnlREyZ4cilg8sAA9nmpJsqc5-2B8vhXWnmQ5xSG6bu-2FnEeLrzYOocnxpsVCPV-2BQqpYABecriTF25_ceor0VWStWcNC3jSELZTaZQHLmf8arBruPMgl7exNjd4uzOwkf87uO9qBDxdkgr4l7re6XzUAJUzDzJzQKYzzPUEsb2pYDfey65rsMAH1fR1yQeQ-2FiSjwxHITsmcsD-2BoIeiAJ18tHxe9lKlVtBm-2Bea-2Bkj8kjsmYrPIOVpwRhhnaEnu3G5XJw5twr-2BOLy1Q9qzPT2a3ySKwXyW9KTb9y2F-2F0-2B6gRQgNKEfYZROqOznjSb5DLUhY1Tt0Pybu4R4gmfPnwosNpr-2BKtFpxUvTBCAY7YTt7Ah3kwy5gxZmrO2tmQNCpL2pwtMIkTZPUsCfpMDhpFnxEhbLtK-2F2gUWCgbCr9HcPz7Wdds5Qj6OxNXYyymZ2yfkCS6Dfpan9HHJwI72APEw6Z8MoV0WwzzH7HUF1qbta1m1VtuGLA5AIaZpbq-2BQ-2Bat-2BnBWVzo2wf7l1v2-2BUPKuuThixJ9OjovBWGuV3hv8OWC1MzsKhbeXzb-2F20issnG0aPZuGJgFby6kcD3bFUarPZ2GWq9WqvEUt-2FFCRLnNGVwqX9TQPTvI4RN-2B5jlplgNzTqYnPc0-2BrUXAdIqhdwptOP-2FlBwntD5Q8c1scHcbU31GCrpeobIOeP1L5fKV-2Bd9L0UgAKKClZHqBh2nQsrYi0Lih0IRy8-2FgqMbmG1UwipJQpjVqLTuWvNMV3Ye92NM-3D&amp;source=gmail&amp;ust=1760786369249000&amp;usg=AOvVaw3DJrEq0psUcCBalgJPARfd\">https:\/\/go.eureca.me\/P41NQ2<\/a><\/p>\n","protected":false},"excerpt":{"rendered":"<p>O Programa de Est\u00e1gio SLC Agr\u00edcola \u00e9 uma oportunidade de aprendizado e desenvolvimento em uma das maiores produtoras de gr\u00e3os, fibras e sementes do pa\u00eds. Durante 6 meses, voc\u00ea vai participar ativamente de projetos que impulsionam o futuro do agro, em um ambiente que valoriza inova\u00e7\u00e3o, sustentabilidade e gente que faz a diferen\u00e7a. Inscri\u00e7\u00f5es abertas [&hellip;]<\/p>\n","protected":false},"author":1278,"featured_media":0,"comment_status":"closed","ping_status":"closed","sticky":false,"template":"","format":"standard","meta":{"footnotes":""},"categories":[1],"tags":[],"class_list":["post-4257","post","type-post","status-publish","format-standard","hentry","category-noticias"],"jetpack_featured_media_url":"","_links":{"self":[{"href":"https:\/\/wp.ufpel.edu.br\/producao\/wp-json\/wp\/v2\/posts\/4257","targetHints":{"allow":["GET"]}}],"collection":[{"href":"https:\/\/wp.ufpel.edu.br\/producao\/wp-json\/wp\/v2\/posts"}],"about":[{"href":"https:\/\/wp.ufpel.edu.br\/producao\/wp-json\/wp\/v2\/types\/post"}],"author":[{"embeddable":true,"href":"https:\/\/wp.ufpel.edu.br\/producao\/wp-json\/wp\/v2\/users\/1278"}],"replies":[{"embeddable":true,"href":"https:\/\/wp.ufpel.edu.br\/producao\/wp-json\/wp\/v2\/comments?post=4257"}],"version-history":[{"count":1,"href":"https:\/\/wp.ufpel.edu.br\/producao\/wp-json\/wp\/v2\/posts\/4257\/revisions"}],"predecessor-version":[{"id":4260,"href":"https:\/\/wp.ufpel.edu.br\/producao\/wp-json\/wp\/v2\/posts\/4257\/revisions\/4260"}],"wp:attachment":[{"href":"https:\/\/wp.ufpel.edu.br\/producao\/wp-json\/wp\/v2\/media?parent=4257"}],"wp:term":[{"taxonomy":"category","embeddable":true,"href":"https:\/\/wp.ufpel.edu.br\/producao\/wp-json\/wp\/v2\/categories?post=4257"},{"taxonomy":"post_tag","embeddable":true,"href":"https:\/\/wp.ufpel.edu.br\/producao\/wp-json\/wp\/v2\/tags?post=4257"}],"curies":[{"name":"wp","href":"https:\/\/api.w.org\/{rel}","templated":true}]}}