{"id":3873,"date":"2024-03-20T10:38:22","date_gmt":"2024-03-20T13:38:22","guid":{"rendered":"https:\/\/wp.ufpel.edu.br\/producao\/?p=3873"},"modified":"2024-03-20T10:42:33","modified_gmt":"2024-03-20T13:42:33","slug":"encontro-nacional-de-engenharia-de-producao-enegep","status":"publish","type":"post","link":"https:\/\/wp.ufpel.edu.br\/producao\/2024\/03\/20\/encontro-nacional-de-engenharia-de-producao-enegep\/","title":{"rendered":"Encontro Nacional de Engenharia de Produ\u00e7\u00e3o &#8211; ENEGEP"},"content":{"rendered":"<div class=\"elementor-element elementor-element-bc1cd63 elementor-widget elementor-widget-text-editor\" data-id=\"bc1cd63\" data-element_type=\"widget\" data-widget_type=\"text-editor.default\">\n<div class=\"elementor-widget-container\">\n<div class=\"elementor-text-editor elementor-clearfix\">\n<div class=\"elementor-element elementor-element-70f1279 elementor-widget elementor-widget-text-editor\" data-id=\"70f1279\" data-element_type=\"text-editor.default\">\n<div class=\"elementor-widget-container\">\n<div class=\"elementor-text-editor elementor-clearfix\">\n<p class=\"s7\"><span class=\"s5\">O Encontro Nacional de Engenharia de Produ\u00e7\u00e3o (ENEGEP)\u00a0\u00e9 o maior evento nacional da \u00e1rea de En<\/span><span class=\"s5\">genharia de Produ\u00e7\u00e3o<\/span><span class=\"s5\">\u00a0e, em 2024, chega a 44\u00aa edi\u00e7\u00e3o.<\/span><\/p>\n<p class=\"s7\"><span class=\"s5\">O<\/span><span class=\"s5\">rganizado pela\u00a0<\/span><strong><span class=\"s5\">Associa\u00e7\u00e3o Brasileira de Engenh<\/span><span class=\"s5\">aria de\u00a0<\/span><span class=\"s6\">Produ\u00e7\u00e3o\u00a0<\/span><\/strong><span class=\"s6\"><strong>(ABEPRO)<\/strong>, o\u00a0<strong>ENEGEP\u00a0<\/strong><\/span><span class=\"s5\">r<\/span><span class=\"s5\">e\u00fane a comunidade acad\u00eami<\/span><span class=\"s5\">ca, pesquisadores, professores,\u00a0<\/span><span class=\"s5\">estudantes, empres\u00e1rios, consultores, engenheiros, administradores e demais profissionais atuantes na Engenharia de Produ\u00e7\u00e3o. Constitui-se em um dos principais divulgadores da produ\u00e7\u00e3o t\u00e9cnica e cient\u00edfica da \u00e1rea e se consolidou como f\u00f3rum de discuss\u00e3o de quest\u00f5es pertinentes \u00e0 Engenharia<\/span><span class=\"s5\">\u00a0de Produ\u00e7\u00e3o no \u00e2mbito naciona<\/span><span class=\"s6\">l, a<\/span><span class=\"s6\">l\u00e9m\u00a0<\/span><span class=\"s5\">de promover a integra\u00e7\u00e3o\/interc\u00e2mbio do conhecimento acad\u00eamico com o setor produtivo.<\/span><\/p>\n<p class=\"s7\"><strong><span class=\"s6\">Assim, o ENEGEP torna-se oportunidade \u00edmpar para a aglutina\u00e7\u00e3o dos esfor\u00e7os de todos\u00a0<\/span><\/strong><span class=\"s5\">os que atuam nesta \u00e1rea vital para o desenvolvimento.<\/span><span class=\"s5\"><br \/>\n<\/span><span class=\"s5\">\u00a0<\/span><span class=\"s5\"><br \/>\n<\/span><span class=\"s6\">Com\u00a0<strong>estimativa de aproximadamente 2<\/strong><\/span><strong><span class=\"s6\">\u00a0mil<\/span><span class=\"s6\">\u00a0participantes<\/span><\/strong><span class=\"s5\">, o evento contar\u00e1 com uma programa\u00e7\u00e3o variada de palestras nacionais, internacionais, workshops, grupos de trabalho, pain\u00e9is, minicursos e visitas t\u00e9cnicas, entre outras atividades.<\/span><\/p>\n<\/div>\n<\/div>\n<\/div>\n<\/div>\n<\/div>\n<\/div>\n<div class=\"elementor-element elementor-element-465ece1 elementor-widget elementor-widget-heading\" data-id=\"465ece1\" data-element_type=\"widget\" data-widget_type=\"heading.default\">\n<div class=\"elementor-widget-container\">\n<h2 class=\"elementor-heading-title elementor-size-default\">Tem\u00e1tica<\/h2>\n<\/div>\n<\/div>\n<div class=\"elementor-element elementor-element-f6a503a elementor-widget-divider--view-line elementor-widget elementor-widget-divider\" data-id=\"f6a503a\" data-element_type=\"widget\" data-widget_type=\"divider.default\">\n<div class=\"elementor-widget-container\">\n<div class=\"elementor-divider\"><span style=\"text-align: justify; color: var(--cor-texto); font-family: var(--fonte-corpo);\">Neste ano, o evento tem como debate central o tema <\/span><strong style=\"text-align: justify; color: var(--cor-texto); font-family: var(--fonte-corpo);\">\u201cReindustrializa\u00e7\u00e3o no Brasil<\/strong><strong style=\"text-align: justify; color: var(--cor-texto); font-family: var(--fonte-corpo);\">\u201d<\/strong><\/div>\n<div><\/div>\n<\/div>\n<div><a href=\"https:\/\/wp.ufpel.edu.br\/producao\/files\/2024\/03\/Banner-XLIVEncontroNacionaldeEnge-nhariadeProduc\u0327a\u0303o.pdf\">Banner-XLIVEncontroNacionaldeEnge nhariadeProduc\u0327a\u0303o<\/a><\/div>\n<\/div>\n","protected":false},"excerpt":{"rendered":"<p>O Encontro Nacional de Engenharia de Produ\u00e7\u00e3o (ENEGEP)\u00a0\u00e9 o maior evento nacional da \u00e1rea de Engenharia de Produ\u00e7\u00e3o\u00a0e, em 2024, chega a 44\u00aa edi\u00e7\u00e3o. Organizado pela\u00a0Associa\u00e7\u00e3o Brasileira de Engenharia de\u00a0Produ\u00e7\u00e3o\u00a0(ABEPRO), o\u00a0ENEGEP\u00a0re\u00fane a comunidade acad\u00eamica, pesquisadores, professores,\u00a0estudantes, empres\u00e1rios, consultores, engenheiros, administradores e demais profissionais atuantes na Engenharia de Produ\u00e7\u00e3o. Constitui-se em um dos principais divulgadores da [&hellip;]<\/p>\n","protected":false},"author":1278,"featured_media":0,"comment_status":"closed","ping_status":"closed","sticky":false,"template":"","format":"standard","meta":{"footnotes":""},"categories":[1],"tags":[],"class_list":["post-3873","post","type-post","status-publish","format-standard","hentry","category-noticias"],"jetpack_featured_media_url":"","_links":{"self":[{"href":"https:\/\/wp.ufpel.edu.br\/producao\/wp-json\/wp\/v2\/posts\/3873","targetHints":{"allow":["GET"]}}],"collection":[{"href":"https:\/\/wp.ufpel.edu.br\/producao\/wp-json\/wp\/v2\/posts"}],"about":[{"href":"https:\/\/wp.ufpel.edu.br\/producao\/wp-json\/wp\/v2\/types\/post"}],"author":[{"embeddable":true,"href":"https:\/\/wp.ufpel.edu.br\/producao\/wp-json\/wp\/v2\/users\/1278"}],"replies":[{"embeddable":true,"href":"https:\/\/wp.ufpel.edu.br\/producao\/wp-json\/wp\/v2\/comments?post=3873"}],"version-history":[{"count":3,"href":"https:\/\/wp.ufpel.edu.br\/producao\/wp-json\/wp\/v2\/posts\/3873\/revisions"}],"predecessor-version":[{"id":3879,"href":"https:\/\/wp.ufpel.edu.br\/producao\/wp-json\/wp\/v2\/posts\/3873\/revisions\/3879"}],"wp:attachment":[{"href":"https:\/\/wp.ufpel.edu.br\/producao\/wp-json\/wp\/v2\/media?parent=3873"}],"wp:term":[{"taxonomy":"category","embeddable":true,"href":"https:\/\/wp.ufpel.edu.br\/producao\/wp-json\/wp\/v2\/categories?post=3873"},{"taxonomy":"post_tag","embeddable":true,"href":"https:\/\/wp.ufpel.edu.br\/producao\/wp-json\/wp\/v2\/tags?post=3873"}],"curies":[{"name":"wp","href":"https:\/\/api.w.org\/{rel}","templated":true}]}}