{"id":3578,"date":"2023-08-11T10:08:54","date_gmt":"2023-08-11T13:08:54","guid":{"rendered":"https:\/\/wp.ufpel.edu.br\/producao\/?p=3578"},"modified":"2023-08-11T10:08:54","modified_gmt":"2023-08-11T13:08:54","slug":"evento-acolhimento-proed-ai-4-0-inteligencia-artificial-e-suas-aplicacoes-nos-meios-academicos-e-profissional","status":"publish","type":"post","link":"https:\/\/wp.ufpel.edu.br\/producao\/2023\/08\/11\/evento-acolhimento-proed-ai-4-0-inteligencia-artificial-e-suas-aplicacoes-nos-meios-academicos-e-profissional\/","title":{"rendered":"Evento Acolhimento ProED AI 4.0 &#8211; Intelig\u00eancia Artificial e Suas Aplica\u00e7\u00f5es nos Meios Acad\u00eamicos e Profissional"},"content":{"rendered":"<p>Convite para o Evento Acolhimento ProED AI 4.0 &#8211; Intelig\u00eancia Artificial e Suas Aplica\u00e7\u00f5es nos Meios Acad\u00eamicos e Profissional!*<\/p>\n<p><img class=\"alignnone size-medium wp-image-3580\" src=\"https:\/\/wp.ufpel.edu.br\/producao\/files\/2023\/08\/WhatsApp-Image-2023-08-11-at-09.16.14-1-320x400.jpeg\" alt=\"\" width=\"320\" height=\"400\" srcset=\"https:\/\/wp.ufpel.edu.br\/producao\/files\/2023\/08\/WhatsApp-Image-2023-08-11-at-09.16.14-1-320x400.jpeg 320w, https:\/\/wp.ufpel.edu.br\/producao\/files\/2023\/08\/WhatsApp-Image-2023-08-11-at-09.16.14-1-819x1024.jpeg 819w, https:\/\/wp.ufpel.edu.br\/producao\/files\/2023\/08\/WhatsApp-Image-2023-08-11-at-09.16.14-1-768x960.jpeg 768w, https:\/\/wp.ufpel.edu.br\/producao\/files\/2023\/08\/WhatsApp-Image-2023-08-11-at-09.16.14-1.jpeg 1080w\" sizes=\"(max-width: 320px) 100vw, 320px\" \/><\/p>\n<p>\ud83d\uddd3\ufe0f Data: 18 de Agosto de 2023 (Sexta-feira)<br \/>\n\ud83d\udd53 Hor\u00e1rio: 16:00<br \/>\n\ud83d\udccd Local: Mini Audit\u00f3rio CEHUS (Biblioteca ICH), UFPel<\/p>\n<p>Preparados para uma tarde incr\u00edvel de aprendizado e insights sobre Intelig\u00eancia Artificial? O Projeto Exatas Diversidades Afroind\u00edgenas (ProeDAI), do Centro de Engenharias da UFPel, tem o prazer de convidar voc\u00ea para o Acolhimento ProED AI 4.0, um evento imperd\u00edvel que explora as fascinantes aplica\u00e7\u00f5es da IA!<\/p>\n<p>*Palestras Imperd\u00edveis:*<br \/>\n\ud83d\udd39 Aplica\u00e7\u00e3o da IA: Automatiza\u00e7\u00e3o do Atendimento de Delivery &#8211; Anota AI<br \/>\n\ud83c\udf99\ufe0f Por Bruno Mirapalheta, Team Leader na Anota AI<\/p>\n<p>\ud83d\udd39 Sabedoria Digital: Formas \u00c9ticas de Utilizar a IA na Educa\u00e7\u00e3o<br \/>\n\ud83c\udf99\ufe0f Por Pedro Thiago Roque, Graduando em Ci\u00eancia da Computa\u00e7\u00e3o &#8211; UFPEL<\/p>\n<p>Venha descobrir como a Intelig\u00eancia Artificial est\u00e1 moldando nosso presente e futuro, seja na otimiza\u00e7\u00e3o do atendimento de delivery ou no cen\u00e1rio educacional. Voc\u00ea n\u00e3o pode ficar de fora!<\/p>\n<p>\ud83c\udf89 *Realiza\u00e7\u00e3o:* Projeto Exatas Diversidades Afroind\u00edgenas (ProeDAI) do Centro de Engenharias da UFPel<br \/>\n\ud83e\udd1d *Apoio:* Divino Sabor<\/p>\n<p>Garanta seu lugar e inscreva-se agora mesmo! N\u00e3o perca essa oportunidade de expandir seus horizontes e se conectar com profissionais e acad\u00eamicos interessados na IA.<\/p>\n<p>Para se inscrever em acesse o Link de inscri\u00e7\u00e3o na Bio do @proedai.Ufpel<\/p>\n<p>Mal podemos esperar para te receber nesse encontro enriquecedor!<\/p>\n<p>#ProEDAI #Intelig\u00eanciaArtificial #EventoUFPel #AcolhimentoProEDAI #Inova\u00e7\u00e3oAcad\u00eamica #IA4.0<\/p>\n","protected":false},"excerpt":{"rendered":"<p>Convite para o Evento Acolhimento ProED AI 4.0 &#8211; Intelig\u00eancia Artificial e Suas Aplica\u00e7\u00f5es nos Meios Acad\u00eamicos e Profissional!* \ud83d\uddd3\ufe0f Data: 18 de Agosto de 2023 (Sexta-feira) \ud83d\udd53 Hor\u00e1rio: 16:00 \ud83d\udccd Local: Mini Audit\u00f3rio CEHUS (Biblioteca ICH), UFPel Preparados para uma tarde incr\u00edvel de aprendizado e insights sobre Intelig\u00eancia Artificial? O Projeto Exatas Diversidades Afroind\u00edgenas [&hellip;]<\/p>\n","protected":false},"author":1278,"featured_media":0,"comment_status":"closed","ping_status":"closed","sticky":false,"template":"","format":"standard","meta":{"footnotes":""},"categories":[1],"tags":[],"class_list":["post-3578","post","type-post","status-publish","format-standard","hentry","category-noticias"],"jetpack_featured_media_url":"","_links":{"self":[{"href":"https:\/\/wp.ufpel.edu.br\/producao\/wp-json\/wp\/v2\/posts\/3578","targetHints":{"allow":["GET"]}}],"collection":[{"href":"https:\/\/wp.ufpel.edu.br\/producao\/wp-json\/wp\/v2\/posts"}],"about":[{"href":"https:\/\/wp.ufpel.edu.br\/producao\/wp-json\/wp\/v2\/types\/post"}],"author":[{"embeddable":true,"href":"https:\/\/wp.ufpel.edu.br\/producao\/wp-json\/wp\/v2\/users\/1278"}],"replies":[{"embeddable":true,"href":"https:\/\/wp.ufpel.edu.br\/producao\/wp-json\/wp\/v2\/comments?post=3578"}],"version-history":[{"count":2,"href":"https:\/\/wp.ufpel.edu.br\/producao\/wp-json\/wp\/v2\/posts\/3578\/revisions"}],"predecessor-version":[{"id":3589,"href":"https:\/\/wp.ufpel.edu.br\/producao\/wp-json\/wp\/v2\/posts\/3578\/revisions\/3589"}],"wp:attachment":[{"href":"https:\/\/wp.ufpel.edu.br\/producao\/wp-json\/wp\/v2\/media?parent=3578"}],"wp:term":[{"taxonomy":"category","embeddable":true,"href":"https:\/\/wp.ufpel.edu.br\/producao\/wp-json\/wp\/v2\/categories?post=3578"},{"taxonomy":"post_tag","embeddable":true,"href":"https:\/\/wp.ufpel.edu.br\/producao\/wp-json\/wp\/v2\/tags?post=3578"}],"curies":[{"name":"wp","href":"https:\/\/api.w.org\/{rel}","templated":true}]}}