{"id":3516,"date":"2023-07-04T08:31:05","date_gmt":"2023-07-04T11:31:05","guid":{"rendered":"https:\/\/wp.ufpel.edu.br\/producao\/?p=3516"},"modified":"2023-07-04T08:31:18","modified_gmt":"2023-07-04T11:31:18","slug":"carreira-internacional-relatos-sobre-oportunidades-e-desafios-por-uma-egressa-do-curso","status":"publish","type":"post","link":"https:\/\/wp.ufpel.edu.br\/producao\/2023\/07\/04\/carreira-internacional-relatos-sobre-oportunidades-e-desafios-por-uma-egressa-do-curso\/","title":{"rendered":"Carreira internacional: relatos sobre oportunidades e desafios por uma egressa do curso"},"content":{"rendered":"<p>Convidamos voc\u00eas para participar de uma palestra com nossa egressa Amanda Montagner, na pr\u00f3xima sexta-feira dia 14 de julho na sala 303 da cotada. Garantia de certificado!<\/p>\n<p>Inscri\u00e7\u00f5es: mentoria.engprod@gmail.com<\/p>\n<p><img class=\"alignnone size-medium wp-image-3518\" src=\"https:\/\/wp.ufpel.edu.br\/producao\/files\/2023\/07\/WhatsApp-Image-2023-07-03-at-16.43.18-400x400.jpeg\" alt=\"\" width=\"400\" height=\"400\" srcset=\"https:\/\/wp.ufpel.edu.br\/producao\/files\/2023\/07\/WhatsApp-Image-2023-07-03-at-16.43.18-400x400.jpeg 400w, https:\/\/wp.ufpel.edu.br\/producao\/files\/2023\/07\/WhatsApp-Image-2023-07-03-at-16.43.18-1024x1024.jpeg 1024w, https:\/\/wp.ufpel.edu.br\/producao\/files\/2023\/07\/WhatsApp-Image-2023-07-03-at-16.43.18-200x200.jpeg 200w, https:\/\/wp.ufpel.edu.br\/producao\/files\/2023\/07\/WhatsApp-Image-2023-07-03-at-16.43.18-768x768.jpeg 768w, https:\/\/wp.ufpel.edu.br\/producao\/files\/2023\/07\/WhatsApp-Image-2023-07-03-at-16.43.18.jpeg 1080w\" sizes=\"(max-width: 400px) 100vw, 400px\" \/><\/p>\n","protected":false},"excerpt":{"rendered":"<p>Convidamos voc\u00eas para participar de uma palestra com nossa egressa Amanda Montagner, na pr\u00f3xima sexta-feira dia 14 de julho na sala 303 da cotada. Garantia de certificado! Inscri\u00e7\u00f5es: mentoria.engprod@gmail.com<\/p>\n","protected":false},"author":1278,"featured_media":0,"comment_status":"closed","ping_status":"closed","sticky":false,"template":"","format":"standard","meta":{"footnotes":""},"categories":[1],"tags":[],"class_list":["post-3516","post","type-post","status-publish","format-standard","hentry","category-noticias"],"jetpack_featured_media_url":"","_links":{"self":[{"href":"https:\/\/wp.ufpel.edu.br\/producao\/wp-json\/wp\/v2\/posts\/3516","targetHints":{"allow":["GET"]}}],"collection":[{"href":"https:\/\/wp.ufpel.edu.br\/producao\/wp-json\/wp\/v2\/posts"}],"about":[{"href":"https:\/\/wp.ufpel.edu.br\/producao\/wp-json\/wp\/v2\/types\/post"}],"author":[{"embeddable":true,"href":"https:\/\/wp.ufpel.edu.br\/producao\/wp-json\/wp\/v2\/users\/1278"}],"replies":[{"embeddable":true,"href":"https:\/\/wp.ufpel.edu.br\/producao\/wp-json\/wp\/v2\/comments?post=3516"}],"version-history":[{"count":3,"href":"https:\/\/wp.ufpel.edu.br\/producao\/wp-json\/wp\/v2\/posts\/3516\/revisions"}],"predecessor-version":[{"id":3521,"href":"https:\/\/wp.ufpel.edu.br\/producao\/wp-json\/wp\/v2\/posts\/3516\/revisions\/3521"}],"wp:attachment":[{"href":"https:\/\/wp.ufpel.edu.br\/producao\/wp-json\/wp\/v2\/media?parent=3516"}],"wp:term":[{"taxonomy":"category","embeddable":true,"href":"https:\/\/wp.ufpel.edu.br\/producao\/wp-json\/wp\/v2\/categories?post=3516"},{"taxonomy":"post_tag","embeddable":true,"href":"https:\/\/wp.ufpel.edu.br\/producao\/wp-json\/wp\/v2\/tags?post=3516"}],"curies":[{"name":"wp","href":"https:\/\/api.w.org\/{rel}","templated":true}]}}