{"id":3482,"date":"2023-06-27T18:27:39","date_gmt":"2023-06-27T21:27:39","guid":{"rendered":"https:\/\/wp.ufpel.edu.br\/producao\/?p=3482"},"modified":"2023-06-27T18:39:26","modified_gmt":"2023-06-27T21:39:26","slug":"acolhida-alunos-negros-do-ceng","status":"publish","type":"post","link":"https:\/\/wp.ufpel.edu.br\/producao\/2023\/06\/27\/acolhida-alunos-negros-do-ceng\/","title":{"rendered":"Acolhida alunos negros do CENG"},"content":{"rendered":"<p>\ud83d\udce2 Convite Especial para os Alunos Ingressantes! \u2615\ufe0f<\/p>\n<p>\ud83c\udf93 Queridos calouros e calouras, temos uma \u00f3tima not\u00edcia para compartilhar com voc\u00eas! \ud83c\udf1f<\/p>\n<p>O Proedai tem a honra de convid\u00e1-los para um encontro incr\u00edvel no Caf\u00e9 Proedai! \ud83c\udf3a\ud83c\udf0d<br \/>\n\u270a\ud83c\udffeO Caf\u00e9 Proedai \u00e9 um evento promovido pelo projeto Exatas Diversidade Afro Ind\u00edgena (PROEDAI), que visa criar um ambiente acolhedor e inclusivo para todos os estudantes, especialmente para aqueles que se identificam como afrodescendentes ou ind\u00edgenas.<\/p>\n<p>Ser\u00e1 um momento de troca de experi\u00eancias, networking e constru\u00e7\u00e3o de la\u00e7os entre os ingressantes e estudantes que j\u00e1 fazem parte do PROEDAI. Aqui, voc\u00eas ter\u00e3o a oportunidade de conhecer pessoas inspiradoras e formar uma rede de apoio desde o in\u00edcio da jornada universit\u00e1ria. \ud83d\udcaa\ud83c\udffe<\/p>\n<p>\ud83d\udcc5 Data: 30\/06\/2023<br \/>\n\u23f0 Hor\u00e1rio: 17:00hrs<br \/>\n\ud83d\udccd Local: Sala 306 COTADA.<\/p>\n<p><img class=\"alignnone size-medium wp-image-3484\" src=\"https:\/\/wp.ufpel.edu.br\/producao\/files\/2023\/06\/WhatsApp-Image-2023-06-27-at-18.02.10-400x400.jpeg\" alt=\"\" width=\"400\" height=\"400\" srcset=\"https:\/\/wp.ufpel.edu.br\/producao\/files\/2023\/06\/WhatsApp-Image-2023-06-27-at-18.02.10-400x400.jpeg 400w, https:\/\/wp.ufpel.edu.br\/producao\/files\/2023\/06\/WhatsApp-Image-2023-06-27-at-18.02.10-1024x1024.jpeg 1024w, https:\/\/wp.ufpel.edu.br\/producao\/files\/2023\/06\/WhatsApp-Image-2023-06-27-at-18.02.10-200x200.jpeg 200w, https:\/\/wp.ufpel.edu.br\/producao\/files\/2023\/06\/WhatsApp-Image-2023-06-27-at-18.02.10-768x768.jpeg 768w, https:\/\/wp.ufpel.edu.br\/producao\/files\/2023\/06\/WhatsApp-Image-2023-06-27-at-18.02.10.jpeg 1080w\" sizes=\"(max-width: 400px) 100vw, 400px\" \/><\/p>\n","protected":false},"excerpt":{"rendered":"<p>\ud83d\udce2 Convite Especial para os Alunos Ingressantes! \u2615\ufe0f \ud83c\udf93 Queridos calouros e calouras, temos uma \u00f3tima not\u00edcia para compartilhar com voc\u00eas! \ud83c\udf1f O Proedai tem a honra de convid\u00e1-los para um encontro incr\u00edvel no Caf\u00e9 Proedai! \ud83c\udf3a\ud83c\udf0d \u270a\ud83c\udffeO Caf\u00e9 Proedai \u00e9 um evento promovido pelo projeto Exatas Diversidade Afro Ind\u00edgena (PROEDAI), que visa criar um [&hellip;]<\/p>\n","protected":false},"author":1278,"featured_media":0,"comment_status":"closed","ping_status":"closed","sticky":false,"template":"","format":"standard","meta":{"footnotes":""},"categories":[1],"tags":[],"class_list":["post-3482","post","type-post","status-publish","format-standard","hentry","category-noticias"],"jetpack_featured_media_url":"","_links":{"self":[{"href":"https:\/\/wp.ufpel.edu.br\/producao\/wp-json\/wp\/v2\/posts\/3482","targetHints":{"allow":["GET"]}}],"collection":[{"href":"https:\/\/wp.ufpel.edu.br\/producao\/wp-json\/wp\/v2\/posts"}],"about":[{"href":"https:\/\/wp.ufpel.edu.br\/producao\/wp-json\/wp\/v2\/types\/post"}],"author":[{"embeddable":true,"href":"https:\/\/wp.ufpel.edu.br\/producao\/wp-json\/wp\/v2\/users\/1278"}],"replies":[{"embeddable":true,"href":"https:\/\/wp.ufpel.edu.br\/producao\/wp-json\/wp\/v2\/comments?post=3482"}],"version-history":[{"count":3,"href":"https:\/\/wp.ufpel.edu.br\/producao\/wp-json\/wp\/v2\/posts\/3482\/revisions"}],"predecessor-version":[{"id":3487,"href":"https:\/\/wp.ufpel.edu.br\/producao\/wp-json\/wp\/v2\/posts\/3482\/revisions\/3487"}],"wp:attachment":[{"href":"https:\/\/wp.ufpel.edu.br\/producao\/wp-json\/wp\/v2\/media?parent=3482"}],"wp:term":[{"taxonomy":"category","embeddable":true,"href":"https:\/\/wp.ufpel.edu.br\/producao\/wp-json\/wp\/v2\/categories?post=3482"},{"taxonomy":"post_tag","embeddable":true,"href":"https:\/\/wp.ufpel.edu.br\/producao\/wp-json\/wp\/v2\/tags?post=3482"}],"curies":[{"name":"wp","href":"https:\/\/api.w.org\/{rel}","templated":true}]}}