{"id":3452,"date":"2023-06-21T20:58:45","date_gmt":"2023-06-21T23:58:45","guid":{"rendered":"https:\/\/wp.ufpel.edu.br\/producao\/?p=3452"},"modified":"2023-06-21T20:59:58","modified_gmt":"2023-06-21T23:59:58","slug":"apresentacao-do-curso-de-engenharia-de-producao-nas-escolas-de-pelotas","status":"publish","type":"post","link":"https:\/\/wp.ufpel.edu.br\/producao\/2023\/06\/21\/apresentacao-do-curso-de-engenharia-de-producao-nas-escolas-de-pelotas\/","title":{"rendered":"Apresenta\u00e7\u00e3o do curso de Engenharia de Produ\u00e7\u00e3o nas escolas de Pelotas"},"content":{"rendered":"<p>Bolsistas volunt\u00e1rios e professores do curso iniciaram no dia 12 de junho as visita\u00e7\u00f5es nas escolas do munic\u00edpio de Pelotas para a apresenta\u00e7\u00e3o do curso de Engenharia de Produ\u00e7\u00e3o para acad\u00eamicos de ensino m\u00e9dio.<\/p>\n<p>A a\u00e7\u00e3o de extens\u00e3o do projeto coordenado pela Prof. Renata Heidtmann Bemvenuti visa fornecer conhecimento aos acad\u00eamicos de ensino m\u00e9dio sobre o curso e estimular os acad\u00eamicos que continuem os estudos e ingressem na Universidade.<\/p>\n<p>Nessa primeira fase foram visitadas as escolas: Escola Santa M\u00f4nica (unidade centro), Escola Santa M\u00f4nica Altos do Laranjal, Escola Gonzaga, Escola Alfredo Simon, Escola Assis Brasil, Escola S\u00e3o Jos\u00e9, Escola Dr. Ant\u00f4nio Leivas Leite, Escola Dr. Edmar Fetter.<\/p>\n<p><img class=\"alignnone wp-image-3454\" src=\"https:\/\/wp.ufpel.edu.br\/producao\/files\/2023\/06\/WhatsApp-Image-2023-06-13-at-08.41.41-400x300.jpeg\" alt=\"\" width=\"308\" height=\"231\" srcset=\"https:\/\/wp.ufpel.edu.br\/producao\/files\/2023\/06\/WhatsApp-Image-2023-06-13-at-08.41.41-400x300.jpeg 400w, https:\/\/wp.ufpel.edu.br\/producao\/files\/2023\/06\/WhatsApp-Image-2023-06-13-at-08.41.41-1024x768.jpeg 1024w, https:\/\/wp.ufpel.edu.br\/producao\/files\/2023\/06\/WhatsApp-Image-2023-06-13-at-08.41.41-768x576.jpeg 768w, https:\/\/wp.ufpel.edu.br\/producao\/files\/2023\/06\/WhatsApp-Image-2023-06-13-at-08.41.41-1536x1152.jpeg 1536w, https:\/\/wp.ufpel.edu.br\/producao\/files\/2023\/06\/WhatsApp-Image-2023-06-13-at-08.41.41.jpeg 1600w\" sizes=\"(max-width: 308px) 100vw, 308px\" \/> <img class=\"alignnone wp-image-3455\" src=\"https:\/\/wp.ufpel.edu.br\/producao\/files\/2023\/06\/WhatsApp-Image-2023-06-13-at-11.29.41-3-300x400.jpeg\" alt=\"\" width=\"175\" height=\"234\" srcset=\"https:\/\/wp.ufpel.edu.br\/producao\/files\/2023\/06\/WhatsApp-Image-2023-06-13-at-11.29.41-3-300x400.jpeg 300w, https:\/\/wp.ufpel.edu.br\/producao\/files\/2023\/06\/WhatsApp-Image-2023-06-13-at-11.29.41-3.jpeg 768w\" sizes=\"(max-width: 175px) 100vw, 175px\" \/> <img class=\"alignnone wp-image-3457\" src=\"https:\/\/wp.ufpel.edu.br\/producao\/files\/2023\/06\/WhatsApp-Image-2023-06-12-at-16.43.04-300x400.jpeg\" alt=\"\" width=\"174\" height=\"232\" srcset=\"https:\/\/wp.ufpel.edu.br\/producao\/files\/2023\/06\/WhatsApp-Image-2023-06-12-at-16.43.04-300x400.jpeg 300w, https:\/\/wp.ufpel.edu.br\/producao\/files\/2023\/06\/WhatsApp-Image-2023-06-12-at-16.43.04-768x1024.jpeg 768w, https:\/\/wp.ufpel.edu.br\/producao\/files\/2023\/06\/WhatsApp-Image-2023-06-12-at-16.43.04-1152x1536.jpeg 1152w, https:\/\/wp.ufpel.edu.br\/producao\/files\/2023\/06\/WhatsApp-Image-2023-06-12-at-16.43.04.jpeg 1200w\" sizes=\"(max-width: 174px) 100vw, 174px\" \/><\/p>\n","protected":false},"excerpt":{"rendered":"<p>Bolsistas volunt\u00e1rios e professores do curso iniciaram no dia 12 de junho as visita\u00e7\u00f5es nas escolas do munic\u00edpio de Pelotas para a apresenta\u00e7\u00e3o do curso de Engenharia de Produ\u00e7\u00e3o para acad\u00eamicos de ensino m\u00e9dio. A a\u00e7\u00e3o de extens\u00e3o do projeto coordenado pela Prof. Renata Heidtmann Bemvenuti visa fornecer conhecimento aos acad\u00eamicos de ensino m\u00e9dio sobre [&hellip;]<\/p>\n","protected":false},"author":1278,"featured_media":0,"comment_status":"closed","ping_status":"closed","sticky":false,"template":"","format":"standard","meta":{"footnotes":""},"categories":[1],"tags":[],"class_list":["post-3452","post","type-post","status-publish","format-standard","hentry","category-noticias"],"jetpack_featured_media_url":"","_links":{"self":[{"href":"https:\/\/wp.ufpel.edu.br\/producao\/wp-json\/wp\/v2\/posts\/3452","targetHints":{"allow":["GET"]}}],"collection":[{"href":"https:\/\/wp.ufpel.edu.br\/producao\/wp-json\/wp\/v2\/posts"}],"about":[{"href":"https:\/\/wp.ufpel.edu.br\/producao\/wp-json\/wp\/v2\/types\/post"}],"author":[{"embeddable":true,"href":"https:\/\/wp.ufpel.edu.br\/producao\/wp-json\/wp\/v2\/users\/1278"}],"replies":[{"embeddable":true,"href":"https:\/\/wp.ufpel.edu.br\/producao\/wp-json\/wp\/v2\/comments?post=3452"}],"version-history":[{"count":8,"href":"https:\/\/wp.ufpel.edu.br\/producao\/wp-json\/wp\/v2\/posts\/3452\/revisions"}],"predecessor-version":[{"id":3465,"href":"https:\/\/wp.ufpel.edu.br\/producao\/wp-json\/wp\/v2\/posts\/3452\/revisions\/3465"}],"wp:attachment":[{"href":"https:\/\/wp.ufpel.edu.br\/producao\/wp-json\/wp\/v2\/media?parent=3452"}],"wp:term":[{"taxonomy":"category","embeddable":true,"href":"https:\/\/wp.ufpel.edu.br\/producao\/wp-json\/wp\/v2\/categories?post=3452"},{"taxonomy":"post_tag","embeddable":true,"href":"https:\/\/wp.ufpel.edu.br\/producao\/wp-json\/wp\/v2\/tags?post=3452"}],"curies":[{"name":"wp","href":"https:\/\/api.w.org\/{rel}","templated":true}]}}