{"id":3366,"date":"2023-05-11T15:21:20","date_gmt":"2023-05-11T18:21:20","guid":{"rendered":"https:\/\/wp.ufpel.edu.br\/producao\/?p=3366"},"modified":"2023-05-11T15:21:20","modified_gmt":"2023-05-11T18:21:20","slug":"bolsa-de-desenvolvimento-institucional-para-alunos-as-de-eng-de-producao","status":"publish","type":"post","link":"https:\/\/wp.ufpel.edu.br\/producao\/2023\/05\/11\/bolsa-de-desenvolvimento-institucional-para-alunos-as-de-eng-de-producao\/","title":{"rendered":"Bolsa de Desenvolvimento Institucional para alunos\/as de Eng. de Produ\u00e7\u00e3o"},"content":{"rendered":"<p>A Pr\u00f3-Reitoria de Planejamento e Desenvolvimento (PROPLAN) da Universidade Federal de Pelotas torna p\u00fablico que est\u00e1 aberta, de 15\/05\/2023 a 19\/05\/2023, a sele\u00e7\u00e3o de bolsista ao \u201cPrograma de Bolsas de Desenvolvimento Institucional\u201d Mais informa\u00e7\u00f5es no <a href=\"https:\/\/wp.ufpel.edu.br\/proplan\/files\/2023\/05\/SEI_UFPel-2164943-Edital.pdf\">EDITAL<\/a>.<\/p>\n","protected":false},"excerpt":{"rendered":"<p>A Pr\u00f3-Reitoria de Planejamento e Desenvolvimento (PROPLAN) da Universidade Federal de Pelotas torna p\u00fablico que est\u00e1 aberta, de 15\/05\/2023 a 19\/05\/2023, a sele\u00e7\u00e3o de bolsista ao \u201cPrograma de Bolsas de Desenvolvimento Institucional\u201d Mais informa\u00e7\u00f5es no EDITAL.<\/p>\n","protected":false},"author":1278,"featured_media":0,"comment_status":"closed","ping_status":"closed","sticky":false,"template":"","format":"standard","meta":{"footnotes":""},"categories":[1],"tags":[],"class_list":["post-3366","post","type-post","status-publish","format-standard","hentry","category-noticias"],"jetpack_featured_media_url":"","_links":{"self":[{"href":"https:\/\/wp.ufpel.edu.br\/producao\/wp-json\/wp\/v2\/posts\/3366","targetHints":{"allow":["GET"]}}],"collection":[{"href":"https:\/\/wp.ufpel.edu.br\/producao\/wp-json\/wp\/v2\/posts"}],"about":[{"href":"https:\/\/wp.ufpel.edu.br\/producao\/wp-json\/wp\/v2\/types\/post"}],"author":[{"embeddable":true,"href":"https:\/\/wp.ufpel.edu.br\/producao\/wp-json\/wp\/v2\/users\/1278"}],"replies":[{"embeddable":true,"href":"https:\/\/wp.ufpel.edu.br\/producao\/wp-json\/wp\/v2\/comments?post=3366"}],"version-history":[{"count":1,"href":"https:\/\/wp.ufpel.edu.br\/producao\/wp-json\/wp\/v2\/posts\/3366\/revisions"}],"predecessor-version":[{"id":3368,"href":"https:\/\/wp.ufpel.edu.br\/producao\/wp-json\/wp\/v2\/posts\/3366\/revisions\/3368"}],"wp:attachment":[{"href":"https:\/\/wp.ufpel.edu.br\/producao\/wp-json\/wp\/v2\/media?parent=3366"}],"wp:term":[{"taxonomy":"category","embeddable":true,"href":"https:\/\/wp.ufpel.edu.br\/producao\/wp-json\/wp\/v2\/categories?post=3366"},{"taxonomy":"post_tag","embeddable":true,"href":"https:\/\/wp.ufpel.edu.br\/producao\/wp-json\/wp\/v2\/tags?post=3366"}],"curies":[{"name":"wp","href":"https:\/\/api.w.org\/{rel}","templated":true}]}}