{"id":3188,"date":"2022-10-19T16:20:38","date_gmt":"2022-10-19T19:20:38","guid":{"rendered":"https:\/\/wp.ufpel.edu.br\/producao\/?p=3188"},"modified":"2022-10-19T16:20:38","modified_gmt":"2022-10-19T19:20:38","slug":"atencao-alunos-e-alunas-do-curso-de-engenharia-de-producao-da-ufpel","status":"publish","type":"post","link":"https:\/\/wp.ufpel.edu.br\/producao\/2022\/10\/19\/atencao-alunos-e-alunas-do-curso-de-engenharia-de-producao-da-ufpel\/","title":{"rendered":"ATEN\u00c7\u00c3O alunos e alunas do Curso de Engenharia de Produ\u00e7\u00e3o da UFPel"},"content":{"rendered":"<p style=\"text-align: justify;\"><span style=\"color: #000000;\">Prezados alunos do curso de Engenharia de Produ\u00e7\u00e3o;<\/span><\/p>\n<p style=\"text-align: justify;\"><span style=\"color: #000000;\">Foi solicitado, pelo CRA (<em>Coordena\u00e7\u00e3o de Registros Acad\u00eamicos<\/em>), ao colegiado do curso o alerta de informa\u00e7\u00f5es aos discentes que <strong>a n\u00e3o quita\u00e7\u00e3o do d\u00e9bito na data estipulada impossibilitar\u00e1 a solicita\u00e7\u00e3o de matr\u00edcula on-line<\/strong>, <strong>a solicita\u00e7\u00e3o da corre\u00e7\u00e3o de matr\u00edcula e, tamb\u00e9m, que o sistema cobalto n\u00e3o permitir\u00e1 registro de matr\u00edcula pelo colegiado ou pela CRA<\/strong>.<\/span><\/p>\n<p><span style=\"color: #000000;\">Para quitar o seu d\u00e9bito junto \u00e0\u00a0CRA o aluno dever\u00e1 encaminhar o documento pendente atrav\u00e9s da plataforma de atendimento:\u00a0<\/span><span style=\"color: #0000ff;\"><em><a style=\"color: #0000ff;\" href=\"https:\/\/wp.ufpel.edu.br\/perguntas\/solicitar-atendimento\/\" target=\"_blank\" rel=\"noopener\">https:\/\/wp.ufpel.edu.br\/perguntas\/solicitar-atendimento\/<\/a><\/em><\/span><\/p>\n<p><span style=\"color: #000000;\">Os alunos listados a seguir devem regularizar sua situa\u00e7\u00e3o. A data ao lado indica o per\u00edodo que estava previsto para a regulariza\u00e7\u00e3o, logo \u00e9 necess\u00e1rio realizar o mais breve poss\u00edvel a regulariza\u00e7\u00e3o:<\/span><\/p>\n<ul>\n<li><span style=\"color: #000000;\">(matr\u00edcula: 22103054) &#8211; Carteira de Identidade atualizada 31\/08\/2022<\/span><\/li>\n<li><span style=\"color: #000000;\">(matr\u00edcula:\u00a0 22104277) &#8211; Carteira de Identidade atualizada 05\/09\/2022<\/span><\/li>\n<li><span style=\"color: #000000;\">(matr\u00edcula:\u00a0\u00a022104277)\u00a0\u00a0&#8211; Certificado de Quita\u00e7\u00e3o com o Servi\u00e7o Militar 05\/09\/2022<\/span><\/li>\n<li><span style=\"color: #000000;\">(matr\u00edcula: 2102954) &#8211; Certificado de Quita\u00e7\u00e3o com o Servi\u00e7o Militar 26\/12\/2025<\/span><\/li>\n<li><span style=\"color: #000000;\">(matr\u00edcula:\u00a0 22103323) &#8211; Certificado de Quita\u00e7\u00e3o com o Servi\u00e7o Militar 31\/12\/2025<\/span><\/li>\n<li><span style=\"color: #000000;\">(matr\u00edcula: 22104107) &#8211; Carteira de Identidade atualizada 01\/09\/2022<\/span><\/li>\n<li><span style=\"color: #000000;\">(matr\u00edcula: 22104107) &#8211; Declara\u00e7\u00e3o de Ensino M\u00e9dio em Escola P\u00fablica 01\/09\/2022<\/span><\/li>\n<li><span style=\"color: #000000;\">(matr\u00edcula: 22101906) &#8211; Carteira de Identidade atualizada 31\/08\/2022<\/span><\/li>\n<li><span style=\"color: #000000;\">(matr\u00edcula: 2103607) &#8211; Carteira de Identidade atualizada 31\/08\/2022<\/span><\/li>\n<li><span style=\"color: #000000;\">(matr\u00edcula: 22100585) &#8211; Carteira de Identidade atualizada 31\/08\/2022<\/span><\/li>\n<li><span style=\"color: #000000;\">(matr\u00edcula: 22104108) &#8211; Carteira de Identidade atualizada 01\/09\/2022<\/span><\/li>\n<li><span style=\"color: #000000;\">(matr\u00edcula: 22104108) &#8211; Hist\u00f3rico n\u00edvel m\u00e9dio 01\/09\/2022<\/span><\/li>\n<li><span style=\"color: #000000;\">(matr\u00edcula: 21104323) &#8211; Certificado de Conclus\u00e3o do N\u00edvel M\u00e9dio 31\/12\/2022<\/span><\/li>\n<li><span style=\"color: #000000;\">(matr\u00edcula: 21104323) &#8211; Hist\u00f3rico n\u00edvel m\u00e9dio 31\/12\/2022<\/span><\/li>\n<li><span style=\"color: #000000;\">(matr\u00edcula: 21104803) &#8211; Carteira de Identidade atualizada 31\/12\/2022<\/span><\/li>\n<li><span style=\"color: #000000;\">(matr\u00edcula: 2103787) &#8211; Carteira de identidade atualizada 31\/08\/2022<\/span><\/li>\n<li><span style=\"color: #000000;\">(matr\u00edcula: 22103787) &#8211; Diploma de gradua\u00e7\u00e3o 31\/08\/2022<\/span><\/li>\n<li><span style=\"color: #000000;\">(matr\u00edcula: 22104138) &#8211; Certid\u00e3o de quita\u00e7\u00e3o eleitoral 01\/09\/2022<\/span><\/li>\n<li><span style=\"color: #000000;\">(matr\u00edcula: 22104138) &#8211; Certificado de Quita\u00e7\u00e3o com o Servi\u00e7o Militar 01\/09\/2022<\/span><\/li>\n<li><span style=\"color: #000000;\">(matr\u00edcula: 21101366) &#8211; Certificado de Conclus\u00e3o do N\u00edvel M\u00e9dio 31\/12\/2022<\/span><\/li>\n<li><span style=\"color: #000000;\">(matr\u00edcula: 21101366) &#8211; Hist\u00f3rico n\u00edvel m\u00e9dio 31\/12\/2022<\/span><\/li>\n<li><span style=\"color: #000000;\">(matr\u00edcula: 22102718) &#8211; Carteira de Identidade atualizada 31\/08\/2022<\/span><\/li>\n<li><span style=\"color: #000000;\">(matr\u00edcula: 22102718) &#8211; Certificado de Conclus\u00e3o do N\u00edvel M\u00e9dio 31\/08\/2022<\/span><\/li>\n<li><span style=\"color: #000000;\">(matr\u00edcula: 22102718) &#8211; Certificado de Quita\u00e7\u00e3o com o Servi\u00e7o Militar 31\/08\/2022<\/span><\/li>\n<li><span style=\"color: #000000;\">(matr\u00edcula: 22103791) &#8211; Certificado de Conclus\u00e3o do N\u00edvel M\u00e9dio 31\/08\/2022<\/span><\/li>\n<li><span style=\"color: #000000;\">(matr\u00edcula: 20102546) &#8211; Certificado de Conclus\u00e3o do N\u00edvel M\u00e9dio 01\/04\/2022<\/span><\/li>\n<li><span style=\"color: #000000;\">(matr\u00edcula: 18104329) &#8211; Foto 3&#215;4 01\/04\/2022<\/span><\/li>\n<li><span style=\"color: #000000;\">(matr\u00edcula: 22103788) &#8211; Carteira de Identidade atualizada 31\/08\/2022<\/span><\/li>\n<li><span style=\"color: #000000;\">(matr\u00edcula: 22103786) &#8211; Diploma de gradua\u00e7\u00e3o 31\/08\/2022<\/span><\/li>\n<\/ul>\n<p><img class=\"alignnone  wp-image-393 aligncenter\" src=\"https:\/\/wp.ufpel.edu.br\/producao\/files\/2017\/08\/ep-logo-final-390x400.jpg\" alt=\"\" width=\"280\" height=\"287\" srcset=\"https:\/\/wp.ufpel.edu.br\/producao\/files\/2017\/08\/ep-logo-final-390x400.jpg 390w, https:\/\/wp.ufpel.edu.br\/producao\/files\/2017\/08\/ep-logo-final.jpg 445w\" sizes=\"(max-width: 280px) 100vw, 280px\" \/><\/p>\n","protected":false},"excerpt":{"rendered":"<p>Prezados alunos do curso de Engenharia de Produ\u00e7\u00e3o; Foi solicitado, pelo CRA (Coordena\u00e7\u00e3o de Registros Acad\u00eamicos), ao colegiado do curso o alerta de informa\u00e7\u00f5es aos discentes que a n\u00e3o quita\u00e7\u00e3o do d\u00e9bito na data estipulada impossibilitar\u00e1 a solicita\u00e7\u00e3o de matr\u00edcula on-line, a solicita\u00e7\u00e3o da corre\u00e7\u00e3o de matr\u00edcula e, tamb\u00e9m, que o sistema cobalto n\u00e3o permitir\u00e1 [&hellip;]<\/p>\n","protected":false},"author":62,"featured_media":0,"comment_status":"closed","ping_status":"closed","sticky":false,"template":"","format":"standard","meta":{"footnotes":""},"categories":[1],"tags":[],"class_list":["post-3188","post","type-post","status-publish","format-standard","hentry","category-noticias"],"jetpack_featured_media_url":"","_links":{"self":[{"href":"https:\/\/wp.ufpel.edu.br\/producao\/wp-json\/wp\/v2\/posts\/3188","targetHints":{"allow":["GET"]}}],"collection":[{"href":"https:\/\/wp.ufpel.edu.br\/producao\/wp-json\/wp\/v2\/posts"}],"about":[{"href":"https:\/\/wp.ufpel.edu.br\/producao\/wp-json\/wp\/v2\/types\/post"}],"author":[{"embeddable":true,"href":"https:\/\/wp.ufpel.edu.br\/producao\/wp-json\/wp\/v2\/users\/62"}],"replies":[{"embeddable":true,"href":"https:\/\/wp.ufpel.edu.br\/producao\/wp-json\/wp\/v2\/comments?post=3188"}],"version-history":[{"count":1,"href":"https:\/\/wp.ufpel.edu.br\/producao\/wp-json\/wp\/v2\/posts\/3188\/revisions"}],"predecessor-version":[{"id":3190,"href":"https:\/\/wp.ufpel.edu.br\/producao\/wp-json\/wp\/v2\/posts\/3188\/revisions\/3190"}],"wp:attachment":[{"href":"https:\/\/wp.ufpel.edu.br\/producao\/wp-json\/wp\/v2\/media?parent=3188"}],"wp:term":[{"taxonomy":"category","embeddable":true,"href":"https:\/\/wp.ufpel.edu.br\/producao\/wp-json\/wp\/v2\/categories?post=3188"},{"taxonomy":"post_tag","embeddable":true,"href":"https:\/\/wp.ufpel.edu.br\/producao\/wp-json\/wp\/v2\/tags?post=3188"}],"curies":[{"name":"wp","href":"https:\/\/api.w.org\/{rel}","templated":true}]}}