{"id":3138,"date":"2022-09-21T19:43:20","date_gmt":"2022-09-21T22:43:20","guid":{"rendered":"https:\/\/wp.ufpel.edu.br\/producao\/?p=3138"},"modified":"2022-09-21T19:44:50","modified_gmt":"2022-09-21T22:44:50","slug":"vaga-de-estagio-na-area-de-pcp","status":"publish","type":"post","link":"https:\/\/wp.ufpel.edu.br\/producao\/2022\/09\/21\/vaga-de-estagio-na-area-de-pcp\/","title":{"rendered":"Vaga de Est\u00e1gio na \u00e1rea de PCP"},"content":{"rendered":"<p style=\"text-align: justify;\"><span style=\"color: #000000;\">A ind\u00fastria de m\u00f3veis planejados &#8220;<strong>Central Moveleiro<\/strong>&#8221; oferece uma vaga de est\u00e1gio para aluno(a) do curso de Engenharia de Produ\u00e7\u00e3o, na \u00e1rea de PCP.<\/span><\/p>\n<ul>\n<li style=\"text-align: left;\"><span style=\"color: #000000;\">nome da empresa: Central Moveleiro<\/span><\/li>\n<li style=\"text-align: left;\"><span style=\"color: #000000;\">endere\u00e7o da empresa: R. Dr. Jos\u00e9 Machado Mendon\u00e7a, 182, Pelotas-RS<\/span><\/li>\n<li style=\"text-align: left;\"><span style=\"color: #000000;\">tipo de est\u00e1gio: Presencial<\/span><\/li>\n<li style=\"text-align: left;\"><span style=\"color: #000000;\">tempo de dura\u00e7\u00e3o do est\u00e1gio: 2 anos<\/span><\/li>\n<li style=\"text-align: left;\"><span style=\"color: #000000;\">benef\u00edcios: Bolsa de R$ 400,00 + Transporte<\/span><\/li>\n<li style=\"text-align: left;\"><span style=\"color: #000000;\">\u00e1rea da vaga: PCP<\/span><\/li>\n<li style=\"text-align: left;\"><span style=\"color: #000000;\">descri\u00e7\u00e3o das atividades que ser\u00e3o realizadas pelo estagi\u00e1rio: Planejamento e Controle de Produ\u00e7\u00e3o do setor moveleiro (conferencia de m\u00f3veis e controle de produ\u00e7\u00e3o em marcenaria industrial)<\/span><\/li>\n<li style=\"text-align: left;\"><span style=\"color: #000000;\">pr\u00e9-requisitos para a vaga: cursando a partir do s\u00e9timo semestre<\/span><\/li>\n<li style=\"text-align: left;\"><span style=\"color: #000000;\">forma de candidatura para a vaga de est\u00e1gio: O candidato deve encaminhar <em>e-mail<\/em> para <span style=\"color: #0000ff;\"><em><a style=\"color: #0000ff;\" href=\"mailto:atendimento@centralmoveleiro.com.br\" target=\"_blank\" rel=\"noopener\">atendimento@centralmoveleiro.com.br<\/a> <\/em><\/span>e aguardar contato para poss\u00edvel entrevista.<\/span><\/li>\n<\/ul>\n<p><img class=\"alignnone size-full wp-image-3140 aligncenter\" src=\"https:\/\/wp.ufpel.edu.br\/producao\/files\/2022\/09\/Moveleiro.png\" alt=\"\" width=\"385\" height=\"284\" \/><\/p>\n","protected":false},"excerpt":{"rendered":"<p>A ind\u00fastria de m\u00f3veis planejados &#8220;Central Moveleiro&#8221; oferece uma vaga de est\u00e1gio para aluno(a) do curso de Engenharia de Produ\u00e7\u00e3o, na \u00e1rea de PCP. nome da empresa: Central Moveleiro endere\u00e7o da empresa: R. Dr. Jos\u00e9 Machado Mendon\u00e7a, 182, Pelotas-RS tipo de est\u00e1gio: Presencial tempo de dura\u00e7\u00e3o do est\u00e1gio: 2 anos benef\u00edcios: Bolsa de R$ 400,00 [&hellip;]<\/p>\n","protected":false},"author":62,"featured_media":0,"comment_status":"closed","ping_status":"closed","sticky":false,"template":"","format":"standard","meta":{"footnotes":""},"categories":[1],"tags":[],"class_list":["post-3138","post","type-post","status-publish","format-standard","hentry","category-noticias"],"jetpack_featured_media_url":"","_links":{"self":[{"href":"https:\/\/wp.ufpel.edu.br\/producao\/wp-json\/wp\/v2\/posts\/3138","targetHints":{"allow":["GET"]}}],"collection":[{"href":"https:\/\/wp.ufpel.edu.br\/producao\/wp-json\/wp\/v2\/posts"}],"about":[{"href":"https:\/\/wp.ufpel.edu.br\/producao\/wp-json\/wp\/v2\/types\/post"}],"author":[{"embeddable":true,"href":"https:\/\/wp.ufpel.edu.br\/producao\/wp-json\/wp\/v2\/users\/62"}],"replies":[{"embeddable":true,"href":"https:\/\/wp.ufpel.edu.br\/producao\/wp-json\/wp\/v2\/comments?post=3138"}],"version-history":[{"count":3,"href":"https:\/\/wp.ufpel.edu.br\/producao\/wp-json\/wp\/v2\/posts\/3138\/revisions"}],"predecessor-version":[{"id":3143,"href":"https:\/\/wp.ufpel.edu.br\/producao\/wp-json\/wp\/v2\/posts\/3138\/revisions\/3143"}],"wp:attachment":[{"href":"https:\/\/wp.ufpel.edu.br\/producao\/wp-json\/wp\/v2\/media?parent=3138"}],"wp:term":[{"taxonomy":"category","embeddable":true,"href":"https:\/\/wp.ufpel.edu.br\/producao\/wp-json\/wp\/v2\/categories?post=3138"},{"taxonomy":"post_tag","embeddable":true,"href":"https:\/\/wp.ufpel.edu.br\/producao\/wp-json\/wp\/v2\/tags?post=3138"}],"curies":[{"name":"wp","href":"https:\/\/api.w.org\/{rel}","templated":true}]}}