{"id":3122,"date":"2022-09-16T12:22:28","date_gmt":"2022-09-16T15:22:28","guid":{"rendered":"https:\/\/wp.ufpel.edu.br\/producao\/?p=3122"},"modified":"2022-09-16T12:22:28","modified_gmt":"2022-09-16T15:22:28","slug":"registro-de-atividades-complementares-e-formacao-livre-ate-29-09","status":"publish","type":"post","link":"https:\/\/wp.ufpel.edu.br\/producao\/2022\/09\/16\/registro-de-atividades-complementares-e-formacao-livre-ate-29-09\/","title":{"rendered":"Registro de Atividades Complementares e Forma\u00e7\u00e3o Livre at\u00e9 29-09"},"content":{"rendered":"<p style=\"text-align: justify;\"><span style=\"color: #000000;\">Para completar a gradua\u00e7\u00e3o, o acad\u00eamico deve, al\u00e9m de ser aprovado nas disciplinas da matriz curricular, cumprir e apresentar comprova\u00e7\u00e3o de 270 horas (18 cr\u00e9ditos) de <strong>Atividades Complementares<\/strong> e 30 horas (2 cr\u00e9ditos) de <strong>Forma\u00e7\u00e3o Livre<\/strong>.<\/span><br \/>\n<span style=\"color: #000000;\">Informamos que abrimos o per\u00edodo para que os prov\u00e1veis formandos (2022-1) possam enviar as informa\u00e7\u00f5es para a valida\u00e7\u00e3o das Atividades Complementares e Forma\u00e7\u00e3o Livre. O per\u00edodo de envio dos documentos inicia dia 15\/09 e vai <strong>at\u00e9 o dia 29\/09<\/strong>. <\/span><br \/>\n<span style=\"color: #000000;\">Para enviar os documentos favor acessar o site do curso: <span style=\"color: #0000ff;\"><em><a style=\"color: #0000ff;\" href=\"https:\/\/wp.ufpel.edu.br\/producao\/portal-do-aluno\/atividades-complementares\/\" target=\"_blank\" rel=\"noopener\">https:\/\/wp.ufpel.edu.br\/producao\/portal-do-aluno\/atividades-complementares\/<\/a><\/em><\/span><\/span><br \/>\n<span style=\"color: #000000;\">Qualquer d\u00favida, entre em contato com o Professor Alejandro Martins R (<span style=\"color: #0000ff;\"><em><a style=\"color: #0000ff;\" href=\"mailto:aljmartins@gmail.com\" target=\"_blank\" rel=\"noopener\">aljmartins@gmail.com<\/a><\/em><\/span>), respons\u00e1vel pela avalia\u00e7\u00e3o das Atividades Complementares e Forma\u00e7\u00e3o Livre.<\/span><\/p>\n<p><span style=\"color: #000000;\"><img class=\"alignnone  wp-image-393 aligncenter\" src=\"https:\/\/wp.ufpel.edu.br\/producao\/files\/2017\/08\/ep-logo-final-390x400.jpg\" alt=\"\" width=\"224\" height=\"230\" srcset=\"https:\/\/wp.ufpel.edu.br\/producao\/files\/2017\/08\/ep-logo-final-390x400.jpg 390w, https:\/\/wp.ufpel.edu.br\/producao\/files\/2017\/08\/ep-logo-final.jpg 445w\" sizes=\"(max-width: 224px) 100vw, 224px\" \/><\/span><\/p>\n","protected":false},"excerpt":{"rendered":"<p>Para completar a gradua\u00e7\u00e3o, o acad\u00eamico deve, al\u00e9m de ser aprovado nas disciplinas da matriz curricular, cumprir e apresentar comprova\u00e7\u00e3o de 270 horas (18 cr\u00e9ditos) de Atividades Complementares e 30 horas (2 cr\u00e9ditos) de Forma\u00e7\u00e3o Livre. Informamos que abrimos o per\u00edodo para que os prov\u00e1veis formandos (2022-1) possam enviar as informa\u00e7\u00f5es para a valida\u00e7\u00e3o das [&hellip;]<\/p>\n","protected":false},"author":62,"featured_media":0,"comment_status":"closed","ping_status":"closed","sticky":false,"template":"","format":"standard","meta":{"footnotes":""},"categories":[1],"tags":[],"class_list":["post-3122","post","type-post","status-publish","format-standard","hentry","category-noticias"],"jetpack_featured_media_url":"","_links":{"self":[{"href":"https:\/\/wp.ufpel.edu.br\/producao\/wp-json\/wp\/v2\/posts\/3122","targetHints":{"allow":["GET"]}}],"collection":[{"href":"https:\/\/wp.ufpel.edu.br\/producao\/wp-json\/wp\/v2\/posts"}],"about":[{"href":"https:\/\/wp.ufpel.edu.br\/producao\/wp-json\/wp\/v2\/types\/post"}],"author":[{"embeddable":true,"href":"https:\/\/wp.ufpel.edu.br\/producao\/wp-json\/wp\/v2\/users\/62"}],"replies":[{"embeddable":true,"href":"https:\/\/wp.ufpel.edu.br\/producao\/wp-json\/wp\/v2\/comments?post=3122"}],"version-history":[{"count":1,"href":"https:\/\/wp.ufpel.edu.br\/producao\/wp-json\/wp\/v2\/posts\/3122\/revisions"}],"predecessor-version":[{"id":3124,"href":"https:\/\/wp.ufpel.edu.br\/producao\/wp-json\/wp\/v2\/posts\/3122\/revisions\/3124"}],"wp:attachment":[{"href":"https:\/\/wp.ufpel.edu.br\/producao\/wp-json\/wp\/v2\/media?parent=3122"}],"wp:term":[{"taxonomy":"category","embeddable":true,"href":"https:\/\/wp.ufpel.edu.br\/producao\/wp-json\/wp\/v2\/categories?post=3122"},{"taxonomy":"post_tag","embeddable":true,"href":"https:\/\/wp.ufpel.edu.br\/producao\/wp-json\/wp\/v2\/tags?post=3122"}],"curies":[{"name":"wp","href":"https:\/\/api.w.org\/{rel}","templated":true}]}}