{"id":2854,"date":"2022-04-06T16:30:07","date_gmt":"2022-04-06T19:30:07","guid":{"rendered":"https:\/\/wp.ufpel.edu.br\/producao\/?p=2854"},"modified":"2022-04-06T16:30:07","modified_gmt":"2022-04-06T19:30:07","slug":"formaturaep2022","status":"publish","type":"post","link":"https:\/\/wp.ufpel.edu.br\/producao\/2022\/04\/06\/formaturaep2022\/","title":{"rendered":"Formatura do Curso de Engenharia de Produ\u00e7\u00e3o &#8211; Fevereiro e Mar\u00e7o de 2022"},"content":{"rendered":"<p style=\"text-align: justify;\"><span style=\"color: #000000;\">O curso de Engenharia de Produ\u00e7\u00e3o comunica que no dia 25 de fevereiro de 2022 aconteceu a <strong>Formatura Interna<\/strong> do Centro de Engenharias (CEng) da UFPel, e no dia 25 de mar\u00e7o de 2022 aconteceu a <strong>Formatura Institucional<\/strong> da UFPel. No total, houve a cola\u00e7\u00e3o de grau de 17 novos Engenheiros de Produ\u00e7\u00e3o. Abaixo, destacamos a lista dos novos engenheiros, alista dos professores homenageados, assim como algumas fotos que registraram estes dois eventos.<\/span><\/p>\n<p><span style=\"color: #000000;\"><strong>Formatura Interna &#8211; 25\/02\/2022 (sexta-feira)<\/strong><\/span><\/p>\n<p><span style=\"color: #000000;\"><strong>Formatura Institucional &#8211; 25\/03\/2022 (sexta-feira)<\/strong><\/span><\/p>\n<p><span style=\"color: #000000;\">Link para a Formatura Institucional: <span style=\"color: #0000ff;\"><em><a style=\"color: #0000ff;\" href=\"https:\/\/www.youtube.com\/watch?v=INJeqzeJHrU\" target=\"_blank\" rel=\"noopener\">https:\/\/www.youtube.com\/watch?v=INJeqzeJHrU<\/a><\/em><\/span><\/span><\/p>\n<p><strong><span style=\"color: #000000;\">Formandos:<\/span><\/strong><\/p>\n<ul>\n<li><span style=\"color: #000000;\">Alesson Iven Mielke;<\/span><\/li>\n<li><span style=\"color: #000000;\">Ana Cristina Moreira de Almeida;<\/span><\/li>\n<li><span style=\"color: #000000;\"> Ana Luisa Rodrigues da Cruz;<\/span><\/li>\n<li><span style=\"color: #000000;\">Ana Paula da Silva Louren\u00e7on;<\/span><\/li>\n<li><span style=\"color: #000000;\">\u00c2ndria Lemos Huelsen D\u00e9cio;<\/span><\/li>\n<li><span style=\"color: #000000;\">C\u00e1ssio Rosa dos Santos;<\/span><\/li>\n<li><span style=\"color: #000000;\">Jones Bittencourt Machado<\/span><\/li>\n<li><span style=\"color: #000000;\">Karine de Almeida;<\/span><\/li>\n<li><span style=\"color: #000000;\">Marco Artur Islab\u00e3o Ceroni;<\/span><\/li>\n<li><span style=\"color: #000000;\">Marcos Fernando da Silva Rehling J\u00fanior;<\/span><\/li>\n<li><span style=\"color: #000000;\">Mariana da Silva Leandro;<\/span><\/li>\n<li><span style=\"color: #000000;\">Matheus Krause Bierhalz;<\/span><\/li>\n<li><span style=\"color: #000000;\">Ot\u00e1vio de Almeida Gon\u00e7alves;<\/span><\/li>\n<li><span style=\"color: #000000;\">Rafael Monteiro Botelho;<\/span><\/li>\n<li><span style=\"color: #000000;\">Tainan Borges Rodrigues;<\/span><\/li>\n<li><span style=\"color: #000000;\">Vanderson Kruschardt Volz;<\/span><\/li>\n<li><span style=\"color: #000000;\">Yuri Passos Costa.<\/span><\/li>\n<\/ul>\n<p><strong><span style=\"color: #000000;\">Professores homenageados:<\/span><\/strong><\/p>\n<ul>\n<li><span style=\"color: #000000;\">Aline Soares Pereira &#8211; Paraninfa<\/span><\/li>\n<li><span style=\"color: #000000;\">Alejandro Martins Rodrigues &#8211; Patrono<\/span><\/li>\n<li><span style=\"color: #000000;\">Etiene Villela Marroni\u00a0 &#8211; Homenageada<\/span><\/li>\n<li><span style=\"color: #000000;\">Luis Antonio dos Santos Franz &#8211; Homenageado<\/span><\/li>\n<li><span style=\"color: #000000;\">Renata Heidtmann Bemvenuti &#8211; Homenageada<\/span><\/li>\n<\/ul>\n<p><strong><span style=\"color: #000000;\">Fotos da Formatura Interna e da Formatura Institucional<\/span><\/strong><\/p>\n<p><a href=\"https:\/\/wp.ufpel.edu.br\/producao\/files\/2022\/04\/Formatura-Interna-2022-01-d.png\"><img class=\"wp-image-2860 aligncenter\" src=\"https:\/\/wp.ufpel.edu.br\/producao\/files\/2022\/04\/Formatura-Interna-2022-01-d.png\" alt=\"\" width=\"797\" height=\"575\" srcset=\"https:\/\/wp.ufpel.edu.br\/producao\/files\/2022\/04\/Formatura-Interna-2022-01-d.png 515w, https:\/\/wp.ufpel.edu.br\/producao\/files\/2022\/04\/Formatura-Interna-2022-01-d-400x289.png 400w\" sizes=\"(max-width: 797px) 100vw, 797px\" \/><\/a><\/p>\n<p><a href=\"https:\/\/wp.ufpel.edu.br\/producao\/files\/2022\/04\/Formatura-Interna-2022-01-b.png\"><img class=\"wp-image-2858 aligncenter\" src=\"https:\/\/wp.ufpel.edu.br\/producao\/files\/2022\/04\/Formatura-Interna-2022-01-b.png\" alt=\"\" width=\"802\" height=\"602\" srcset=\"https:\/\/wp.ufpel.edu.br\/producao\/files\/2022\/04\/Formatura-Interna-2022-01-b.png 1600w, https:\/\/wp.ufpel.edu.br\/producao\/files\/2022\/04\/Formatura-Interna-2022-01-b-400x300.png 400w, https:\/\/wp.ufpel.edu.br\/producao\/files\/2022\/04\/Formatura-Interna-2022-01-b-1024x768.png 1024w, https:\/\/wp.ufpel.edu.br\/producao\/files\/2022\/04\/Formatura-Interna-2022-01-b-768x576.png 768w, https:\/\/wp.ufpel.edu.br\/producao\/files\/2022\/04\/Formatura-Interna-2022-01-b-1536x1152.png 1536w\" sizes=\"(max-width: 802px) 100vw, 802px\" \/><\/a> <span style=\"font-size: 8pt;\"><a href=\"https:\/\/wp.ufpel.edu.br\/producao\/files\/2022\/04\/Formatura-Interna-2022-01-c.png\"><img class=\"wp-image-2859 aligncenter\" src=\"https:\/\/wp.ufpel.edu.br\/producao\/files\/2022\/04\/Formatura-Interna-2022-01-c.png\" alt=\"\" width=\"802\" height=\"770\" srcset=\"https:\/\/wp.ufpel.edu.br\/producao\/files\/2022\/04\/Formatura-Interna-2022-01-c.png 523w, https:\/\/wp.ufpel.edu.br\/producao\/files\/2022\/04\/Formatura-Interna-2022-01-c-400x384.png 400w\" sizes=\"(max-width: 802px) 100vw, 802px\" \/><\/a><\/span> <a href=\"https:\/\/wp.ufpel.edu.br\/producao\/files\/2022\/04\/Formatura-Interna-2022-01.png\"><img class=\"wp-image-2857 aligncenter\" src=\"https:\/\/wp.ufpel.edu.br\/producao\/files\/2022\/04\/Formatura-Interna-2022-01.png\" alt=\"\" width=\"828\" height=\"838\" srcset=\"https:\/\/wp.ufpel.edu.br\/producao\/files\/2022\/04\/Formatura-Interna-2022-01.png 889w, https:\/\/wp.ufpel.edu.br\/producao\/files\/2022\/04\/Formatura-Interna-2022-01-395x400.png 395w, https:\/\/wp.ufpel.edu.br\/producao\/files\/2022\/04\/Formatura-Interna-2022-01-768x778.png 768w\" sizes=\"(max-width: 828px) 100vw, 828px\" \/><\/a><\/p>\n<p>&nbsp;<\/p>\n","protected":false},"excerpt":{"rendered":"<p>O curso de Engenharia de Produ\u00e7\u00e3o comunica que no dia 25 de fevereiro de 2022 aconteceu a Formatura Interna do Centro de Engenharias (CEng) da UFPel, e no dia 25 de mar\u00e7o de 2022 aconteceu a Formatura Institucional da UFPel. No total, houve a cola\u00e7\u00e3o de grau de 17 novos Engenheiros de Produ\u00e7\u00e3o. Abaixo, destacamos [&hellip;]<\/p>\n","protected":false},"author":62,"featured_media":0,"comment_status":"closed","ping_status":"closed","sticky":false,"template":"","format":"standard","meta":{"footnotes":""},"categories":[1],"tags":[],"class_list":["post-2854","post","type-post","status-publish","format-standard","hentry","category-noticias"],"jetpack_featured_media_url":"","_links":{"self":[{"href":"https:\/\/wp.ufpel.edu.br\/producao\/wp-json\/wp\/v2\/posts\/2854","targetHints":{"allow":["GET"]}}],"collection":[{"href":"https:\/\/wp.ufpel.edu.br\/producao\/wp-json\/wp\/v2\/posts"}],"about":[{"href":"https:\/\/wp.ufpel.edu.br\/producao\/wp-json\/wp\/v2\/types\/post"}],"author":[{"embeddable":true,"href":"https:\/\/wp.ufpel.edu.br\/producao\/wp-json\/wp\/v2\/users\/62"}],"replies":[{"embeddable":true,"href":"https:\/\/wp.ufpel.edu.br\/producao\/wp-json\/wp\/v2\/comments?post=2854"}],"version-history":[{"count":2,"href":"https:\/\/wp.ufpel.edu.br\/producao\/wp-json\/wp\/v2\/posts\/2854\/revisions"}],"predecessor-version":[{"id":2861,"href":"https:\/\/wp.ufpel.edu.br\/producao\/wp-json\/wp\/v2\/posts\/2854\/revisions\/2861"}],"wp:attachment":[{"href":"https:\/\/wp.ufpel.edu.br\/producao\/wp-json\/wp\/v2\/media?parent=2854"}],"wp:term":[{"taxonomy":"category","embeddable":true,"href":"https:\/\/wp.ufpel.edu.br\/producao\/wp-json\/wp\/v2\/categories?post=2854"},{"taxonomy":"post_tag","embeddable":true,"href":"https:\/\/wp.ufpel.edu.br\/producao\/wp-json\/wp\/v2\/tags?post=2854"}],"curies":[{"name":"wp","href":"https:\/\/api.w.org\/{rel}","templated":true}]}}