{"id":2836,"date":"2022-03-28T14:53:14","date_gmt":"2022-03-28T17:53:14","guid":{"rendered":"https:\/\/wp.ufpel.edu.br\/producao\/?p=2836"},"modified":"2022-03-28T14:53:14","modified_gmt":"2022-03-28T17:53:14","slug":"processo-seletivo-eprod-jr-2022-inscricoes-ate-09-de-abril","status":"publish","type":"post","link":"https:\/\/wp.ufpel.edu.br\/producao\/2022\/03\/28\/processo-seletivo-eprod-jr-2022-inscricoes-ate-09-de-abril\/","title":{"rendered":"Processo Seletivo EPROD Jr. 2022 &#8211; Inscri\u00e7\u00f5es at\u00e9 09 de Abril"},"content":{"rendered":"<div class=\"cxmmr5t8 oygrvhab hcukyx3x c1et5uql o9v6fnle ii04i59q\">\n<div dir=\"auto\"><span style=\"color: #000000\">Prezados discentes;<\/span><\/div>\n<div dir=\"auto\"><span style=\"color: #000000\">Informamos que est\u00e3o abertas as inscri\u00e7\u00f5es para o processo seletivo da <strong>EPROD J\u00fanior<\/strong> (<em>Empresa J\u00fanior do Curso de Engenharia de Produ\u00e7\u00e3o da UFPel<\/em>), <strong>de 19 de mar\u00e7o \u00e0 09 de abril<\/strong>.<\/span><\/div>\n<\/div>\n<div class=\"cxmmr5t8 oygrvhab hcukyx3x c1et5uql o9v6fnle ii04i59q\">\n<div dir=\"auto\"><span style=\"color: #000000\">O processo seletivo \u00e9 aberto a TODOS os cursos da UFPel, portanto, fique a vontade para se inscrever e participar.<\/span><\/div>\n<\/div>\n<div class=\"cxmmr5t8 oygrvhab hcukyx3x c1et5uql o9v6fnle ii04i59q\">\n<div dir=\"auto\"><span style=\"color: #000000\">As vagas s\u00e3o LIMITADAS.<\/span><\/div>\n<div dir=\"auto\">\n<p><span style=\"color: #000000\"><strong>link do edital:\u00a0<\/strong>\u00a0<span style=\"color: #0000ff\"><em><a style=\"color: #0000ff\" href=\"https:\/\/drive.google.com\/file\/d\/1nMrTkOpjs-_V4dSoIGJz2_a8lYj7fLr8\/view?usp=sharing\" target=\"_blank\" rel=\"noopener\">https:\/\/drive.google.com\/file\/d\/1nMrTkOpjs-_V4dSoIGJz2_a8lYj7fLr8\/view?usp=sharing<\/a><\/em><\/span><\/span><\/p>\n<p><span style=\"color: #000000\"><strong>link do formul\u00e1rio de inscri\u00e7\u00e3o:<\/strong>\u00a0\u00a0<span style=\"color: #0000ff\"><em><a style=\"color: #0000ff\" href=\"https:\/\/forms.gle\/jzvRWy1LD1CtptbR9\" target=\"_blank\" rel=\"noopener\">https:\/\/forms.gle\/jzvRWy1LD1CtptbR9<\/a><\/em><\/span><\/span><\/p>\n<p><a href=\"https:\/\/wp.ufpel.edu.br\/producao\/files\/2022\/03\/inscricoes-eprod-2022.jpg\"><img class=\"aligncenter size-full wp-image-2838\" src=\"https:\/\/wp.ufpel.edu.br\/producao\/files\/2022\/03\/inscricoes-eprod-2022.jpg\" alt=\"\" width=\"1080\" height=\"1080\" srcset=\"https:\/\/wp.ufpel.edu.br\/producao\/files\/2022\/03\/inscricoes-eprod-2022.jpg 1080w, https:\/\/wp.ufpel.edu.br\/producao\/files\/2022\/03\/inscricoes-eprod-2022-400x400.jpg 400w, https:\/\/wp.ufpel.edu.br\/producao\/files\/2022\/03\/inscricoes-eprod-2022-1024x1024.jpg 1024w, https:\/\/wp.ufpel.edu.br\/producao\/files\/2022\/03\/inscricoes-eprod-2022-200x200.jpg 200w, https:\/\/wp.ufpel.edu.br\/producao\/files\/2022\/03\/inscricoes-eprod-2022-768x768.jpg 768w\" sizes=\"(max-width: 1080px) 100vw, 1080px\" \/><\/a><\/p>\n<\/div>\n<\/div>\n","protected":false},"excerpt":{"rendered":"<p>Prezados discentes; Informamos que est\u00e3o abertas as inscri\u00e7\u00f5es para o processo seletivo da EPROD J\u00fanior (Empresa J\u00fanior do Curso de Engenharia de Produ\u00e7\u00e3o da UFPel), de 19 de mar\u00e7o \u00e0 09 de abril. O processo seletivo \u00e9 aberto a TODOS os cursos da UFPel, portanto, fique a vontade para se inscrever e participar. As vagas [&hellip;]<\/p>\n","protected":false},"author":62,"featured_media":0,"comment_status":"closed","ping_status":"closed","sticky":false,"template":"","format":"standard","meta":{"footnotes":""},"categories":[1],"tags":[],"class_list":["post-2836","post","type-post","status-publish","format-standard","hentry","category-noticias"],"jetpack_featured_media_url":"","_links":{"self":[{"href":"https:\/\/wp.ufpel.edu.br\/producao\/wp-json\/wp\/v2\/posts\/2836","targetHints":{"allow":["GET"]}}],"collection":[{"href":"https:\/\/wp.ufpel.edu.br\/producao\/wp-json\/wp\/v2\/posts"}],"about":[{"href":"https:\/\/wp.ufpel.edu.br\/producao\/wp-json\/wp\/v2\/types\/post"}],"author":[{"embeddable":true,"href":"https:\/\/wp.ufpel.edu.br\/producao\/wp-json\/wp\/v2\/users\/62"}],"replies":[{"embeddable":true,"href":"https:\/\/wp.ufpel.edu.br\/producao\/wp-json\/wp\/v2\/comments?post=2836"}],"version-history":[{"count":1,"href":"https:\/\/wp.ufpel.edu.br\/producao\/wp-json\/wp\/v2\/posts\/2836\/revisions"}],"predecessor-version":[{"id":2839,"href":"https:\/\/wp.ufpel.edu.br\/producao\/wp-json\/wp\/v2\/posts\/2836\/revisions\/2839"}],"wp:attachment":[{"href":"https:\/\/wp.ufpel.edu.br\/producao\/wp-json\/wp\/v2\/media?parent=2836"}],"wp:term":[{"taxonomy":"category","embeddable":true,"href":"https:\/\/wp.ufpel.edu.br\/producao\/wp-json\/wp\/v2\/categories?post=2836"},{"taxonomy":"post_tag","embeddable":true,"href":"https:\/\/wp.ufpel.edu.br\/producao\/wp-json\/wp\/v2\/tags?post=2836"}],"curies":[{"name":"wp","href":"https:\/\/api.w.org\/{rel}","templated":true}]}}