{"id":2822,"date":"2022-03-22T12:13:36","date_gmt":"2022-03-22T15:13:36","guid":{"rendered":"https:\/\/wp.ufpel.edu.br\/producao\/?p=2822"},"modified":"2022-03-22T12:14:37","modified_gmt":"2022-03-22T15:14:37","slug":"simposio-de-gestao-ambiental-e-promovido-pelo-ccso-da-ufpel","status":"publish","type":"post","link":"https:\/\/wp.ufpel.edu.br\/producao\/2022\/03\/22\/simposio-de-gestao-ambiental-e-promovido-pelo-ccso-da-ufpel\/","title":{"rendered":"Simp\u00f3sio de Gest\u00e3o Ambiental \u00e9 promovido pelo CCSO da UFPel"},"content":{"rendered":"<p style=\"text-align: justify\"><span style=\"color: #000000\">Neste primeiro semestre letivo, o <strong>Curso de Gest\u00e3o P\u00fablica da Universidade Federal de Pelotas (UFPel)<\/strong> promove mais uma atividade no \u00e2mbito do projeto <strong>Gest\u00e3o P\u00fablica em Foco<\/strong>. Trata-se do <span style=\"color: #0000ff\"><strong>Simp\u00f3sio de Gest\u00e3o Ambiental<\/strong><\/span>, evento que busca discutir conceitos, instrumentos e modelos aplic\u00e1veis \u00e0 gest\u00e3o p\u00fablica, oferecendo subs\u00eddios a uma reflex\u00e3o cr\u00edtica acerca da vari\u00e1vel ambiental e da atua\u00e7\u00e3o profissional respons\u00e1vel na busca pela sustentabilidade. Est\u00e3o previstas quatro palestras a serem transmitidas ao vivo pelo <em><strong>Canal do CCSO no YouTube<\/strong><\/em>, contando com apoio de int\u00e9rpretes de Libras.<\/span><\/p>\n<p style=\"text-align: justify\"><strong><span style=\"color: #000000\">CRONOGRAMA:<\/span><\/strong><\/p>\n<ul>\n<li style=\"text-align: justify\"><span style=\"color: #000000\">28\/04\/2022 (Quinta, 16h) \u2013 Licenciamento Ambiental \u2013 Prof. Dr. Felipe Franz Wienke (FURG). Link: <span style=\"color: #0000ff\"><em><a style=\"color: #0000ff\" href=\"https:\/\/www.youtube.com\/watch?v=Q9TeDK6O7Z0\" target=\"_blank\" rel=\"noopener\">https:\/\/www.youtube.com\/watch?v=Q9TeDK6O7Z0<\/a><\/em><\/span><\/span><\/li>\n<li style=\"text-align: justify\"><span style=\"color: #000000\">12\/05\/2022 (Quinta, 16h) \u2013 O desmonte do Patrim\u00f4nio Ambiental do Brasil \u2013 Profa. Dra. Maria L\u00facia Navarro Lins Brzezinski (UNILA). Link:<span style=\"color: #0000ff\"> <em><a style=\"color: #0000ff\" href=\"https:\/\/www.youtube.com\/watch?v=t6p4zv10omo\" target=\"_blank\" rel=\"noopener\">https:\/\/www.youtube.com\/watch?v=t6p4zv10omo<\/a><\/em><\/span><\/span><\/li>\n<li style=\"text-align: justify\"><span style=\"color: #000000\">19\/05\/2022 (Quinta, 16h) \u2013 C\u00f3digo Florestal Brasileiro: uma an\u00e1lise cr\u00edtica \u2013 Dra. Evilhane Jum Martins (Dra. em Direito \u2013 UFPA). Link: <span style=\"color: #0000ff\"><a style=\"color: #0000ff\" href=\"https:\/\/www.youtube.com\/watch?v=MlFVYcpG634\" target=\"_blank\" rel=\"noopener\"><em>https:\/\/www.youtube.com\/watch?v=MlFVYcpG634<\/em><\/a><\/span><\/span><\/li>\n<li style=\"text-align: justify\"><span style=\"color: #000000\">09\/06\/2022 (Quinta, 16h) \u2013 Gest\u00e3o Democr\u00e1tica do Meio Ambiente \u2013 Profa. Dra. Luiza Landerdahl Christmann (Cat\u00f3lica SC). Link: <span style=\"color: #0000ff\"><em><a style=\"color: #0000ff\" href=\"https:\/\/www.youtube.com\/watch?v=HMV_48DCn-4\" target=\"_blank\" rel=\"noopener\">https:\/\/www.youtube.com\/watch?v=HMV_48DCn-4<\/a><\/em><\/span><\/span><\/li>\n<\/ul>\n<p style=\"text-align: justify\"><strong><span style=\"color: #000000\">INSCRI\u00c7\u00d5ES:<\/span><\/strong><\/p>\n<p style=\"text-align: justify;padding-left: 40px\"><span style=\"color: #000000\">O evento \u00e9 <strong>gratuito<\/strong>. Os interessados devem, primeiramente, realizar sua inscri\u00e7\u00e3o como ouvinte do Projeto Unificado Gest\u00e3o P\u00fablica em Foco no endere\u00e7o <span style=\"color: #0000ff\"><em><a style=\"color: #0000ff\" href=\"http:\/\/www.even3.com.br\/gpf\" target=\"_blank\" rel=\"noopener\">www.even3.com.br\/gpf<\/a><\/em><\/span> e, posteriormente, assinar a Ata de Presen\u00e7a que ser\u00e1 disponibilizada durante as transmiss\u00f5es. Ao final do evento, ser\u00e3o emitidos certificados para todos os participantes, com carga hor\u00e1ria de 02 horas por atividade.<\/span><\/p>\n<p style=\"text-align: justify\"><strong><span style=\"color: #000000\">SOBRE OS PALESTRANTES:<\/span><\/strong><\/p>\n<ul>\n<li style=\"text-align: justify\"><span style=\"color: #000000\"><em><strong>Felipe Franz Wienke<\/strong> <\/em>possui Gradua\u00e7\u00e3o em Direito (2007) e Licenciatura em Letras (2007), ambas pela Universidade Federal de Pelotas\/UFPEL. Especialista em Direito Ambiental pela UFPEL (2009) e mestre em Ci\u00eancias Sociais (2011) pela mesma Universidade. Especialista em Democracia, Rep\u00fablica e Movimentos Sociais (2012) pela Universidade Federal de Minas Gerais \u2013 UFMG. Doutor em Direito pela Universidade Federal do Rio Grande do Sul \u2013 UFRGS. Est\u00e1gio de pesquisa no Institut de l\u2019Ouest: Droit et Europe \u2013 IODE da Universidade de Rennes 1\/FR (2014\/2015), com financiamento CAPES \u2013 Programa de Doutorado Sandu\u00edche no Exterior. P\u00f3s-doutorado em Direito na Funda\u00e7\u00e3o Universidade do Rio Grande \u2013 FURG (2016-2017). Professor da Faculdade de Direito da Universidade Federal do Rio Grande\/FURG (2017). Professor convidado da Facult\u00e9 de Droit de Rennes\/FR (2020). Professor do Programa de Mestrado em Direito e Justi\u00e7a Social \u2013 FURG. Professor do Curso de Especializa\u00e7\u00e3o em Pr\u00e1tica Jur\u00eddica Social\/Resid\u00eancia Jur\u00eddica da Universidade Federal do Rio Grande \u2013 FURG. Professor do Curso de Especializa\u00e7\u00e3o em Gest\u00e3o P\u00fablica Municipal\/FURG. Presidente da Comiss\u00e3o de Direito Ambiental da Ordem dos Advogados do Brasil \u2013 Subse\u00e7\u00e3o Pelotas (2010-2012). Procurador Geral do Munic\u00edpio de Cristal\/RS (2013\/2014).<\/span><\/li>\n<li style=\"text-align: justify\"><span style=\"color: #000000\"><em><strong>Maria L\u00facia Navarro Lins Brzezinski<\/strong><\/em> \u00e9 Doutora em Direito Internacional e Integra\u00e7\u00e3o Econ\u00f4mica pela Universidade do Estado do Rio de Janeiro (2011), Mestre em Direito, na \u00e1rea de Rela\u00e7\u00f5es Internacionais, pela Universidade Federal de Santa Catarina (2006) e Bacharel em Direito pela Universidade Federal do Paran\u00e1 (2000). \u00c9 Professora Adjunta do curso de Administra\u00e7\u00e3o P\u00fablica e Pol\u00edticas P\u00fablicas, da Universidade Federal da Integra\u00e7\u00e3o Latino-americana \u2013 UNILA, e pesquisa temas ambientais.<\/span><\/li>\n<li style=\"text-align: justify\"><span style=\"color: #000000\"><em><strong>Evilhane Jum Martins<\/strong><\/em> \u00e9 Doutora em Direitos Humanos pela Universidade Federal do Par\u00e1 (UFPA). Mestre em Direito pela Universidade Federal de Santa Maria (UFSM). Integrante do Grupo de Pesquisa Direitos dos Povos e Comunidades Tradicionais da Universidade Federal do Par\u00e1 e do Grupo de Pesquisa em Direito da Sociobiodiversidade da Universidade Federal de Santa Maria. Realiza pesquisas no \u00e2mbito da Am\u00e9rica Latina que congregam os seguintes ares do saber: Direito Internacional, Direito Humanos e Am\u00e9rica Latina, Direito Florestal e Movimento Agroecol\u00f3gico, Direito Ambiental, Direito e Sustentabilidade, Ecologia Pol\u00edtica e Geopol\u00edtica Ambiental. Autora do livro \u201cA encruzilhada sul-americana na economia dos agrot\u00f3xicos: o cen\u00e1rio geopol\u00edtico ambiental e as implica\u00e7\u00f5es no tratamento jur\u00eddico e ecol\u00f3gico\u201d. Advogada OAB\/RS 95.815.<\/span><\/li>\n<li style=\"text-align: justify\"><span style=\"color: #000000\"><em><strong>Luiza Landerdahl Christmann<\/strong><\/em> \u00e9 Bacharel em Direito pela Universidade Federal de Santa Maria. Doutora e Mestre em Direito pelo Programa de P\u00f3s-Gradua\u00e7\u00e3o em Direito da Universidade Federal de Santa Catarina, trabalhando temas relacionados com a gest\u00e3o democr\u00e1tica do meio ambiente. Possui experi\u00eancia de destaque na realiza\u00e7\u00e3o de pesquisas emp\u00edrica e de campo na \u00e1rea do Direito. Atuou como professora substituta na Universidade Federal de Santa Catarina e como professora conteudista para Especializa\u00e7\u00e3o em Direito Ambiental \u2013 UNISULVirtual. \u00c9 docente em tempo integral na Cat\u00f3lica de Santa Catarina em Jaragu\u00e1 do Sul, sendo a professora respons\u00e1vel por Projeto de TCC e TCC. \u00c9 autora de in\u00fameros artigos em revista e cap\u00edtulos de livro, destacando-se a obra \u201cLicenciamento ambiental no Estado Democr\u00e1tico de Direito: a participa\u00e7\u00e3o popular no caso do OSX Estaleiro\/SC.<\/span><\/li>\n<\/ul>\n","protected":false},"excerpt":{"rendered":"<p>Neste primeiro semestre letivo, o Curso de Gest\u00e3o P\u00fablica da Universidade Federal de Pelotas (UFPel) promove mais uma atividade no \u00e2mbito do projeto Gest\u00e3o P\u00fablica em Foco. Trata-se do Simp\u00f3sio de Gest\u00e3o Ambiental, evento que busca discutir conceitos, instrumentos e modelos aplic\u00e1veis \u00e0 gest\u00e3o p\u00fablica, oferecendo subs\u00eddios a uma reflex\u00e3o cr\u00edtica acerca da vari\u00e1vel ambiental [&hellip;]<\/p>\n","protected":false},"author":62,"featured_media":0,"comment_status":"closed","ping_status":"closed","sticky":false,"template":"","format":"standard","meta":{"footnotes":""},"categories":[1],"tags":[],"class_list":["post-2822","post","type-post","status-publish","format-standard","hentry","category-noticias"],"jetpack_featured_media_url":"","_links":{"self":[{"href":"https:\/\/wp.ufpel.edu.br\/producao\/wp-json\/wp\/v2\/posts\/2822","targetHints":{"allow":["GET"]}}],"collection":[{"href":"https:\/\/wp.ufpel.edu.br\/producao\/wp-json\/wp\/v2\/posts"}],"about":[{"href":"https:\/\/wp.ufpel.edu.br\/producao\/wp-json\/wp\/v2\/types\/post"}],"author":[{"embeddable":true,"href":"https:\/\/wp.ufpel.edu.br\/producao\/wp-json\/wp\/v2\/users\/62"}],"replies":[{"embeddable":true,"href":"https:\/\/wp.ufpel.edu.br\/producao\/wp-json\/wp\/v2\/comments?post=2822"}],"version-history":[{"count":2,"href":"https:\/\/wp.ufpel.edu.br\/producao\/wp-json\/wp\/v2\/posts\/2822\/revisions"}],"predecessor-version":[{"id":2825,"href":"https:\/\/wp.ufpel.edu.br\/producao\/wp-json\/wp\/v2\/posts\/2822\/revisions\/2825"}],"wp:attachment":[{"href":"https:\/\/wp.ufpel.edu.br\/producao\/wp-json\/wp\/v2\/media?parent=2822"}],"wp:term":[{"taxonomy":"category","embeddable":true,"href":"https:\/\/wp.ufpel.edu.br\/producao\/wp-json\/wp\/v2\/categories?post=2822"},{"taxonomy":"post_tag","embeddable":true,"href":"https:\/\/wp.ufpel.edu.br\/producao\/wp-json\/wp\/v2\/tags?post=2822"}],"curies":[{"name":"wp","href":"https:\/\/api.w.org\/{rel}","templated":true}]}}