{"id":2811,"date":"2022-03-17T15:59:06","date_gmt":"2022-03-17T18:59:06","guid":{"rendered":"https:\/\/wp.ufpel.edu.br\/producao\/?p=2811"},"modified":"2022-03-17T15:59:06","modified_gmt":"2022-03-17T18:59:06","slug":"principais-eventos-relacionados-a-engenharia-de-producao-no-brasil","status":"publish","type":"post","link":"https:\/\/wp.ufpel.edu.br\/producao\/2022\/03\/17\/principais-eventos-relacionados-a-engenharia-de-producao-no-brasil\/","title":{"rendered":"Principais eventos relacionados \u00e0 Engenharia de Produ\u00e7\u00e3o no Brasil"},"content":{"rendered":"<p><span style=\"color: #000000\">Prezada comunidade acad\u00eamica do Curso de Engenharia de Produ\u00e7\u00e3o;<\/span><\/p>\n<p><span style=\"color: #000000\">Divulgamos atrav\u00e9s do quadro resumo a seguir as datas e os prazos dos <strong>principais eventos relacionados \u00e0 Engenharia de Produ\u00e7\u00e3o no Brasil<\/strong>.<\/span><\/p>\n<p><span style=\"color: #000000\">Aproveitem a oportunidade destes eventos para publicarem seus trabalhos e participarem como ouvintes.<\/span><\/p>\n<p><span style=\"color: #000000\">Agradecemos a elabora\u00e7\u00e3o do quadro resumo feita pelo discente <em>Marco Garcez<\/em>.<\/span><\/p>\n<p><a href=\"https:\/\/wp.ufpel.edu.br\/producao\/files\/2022\/03\/congressos-EP-2022.png\"><img class=\"aligncenter size-full wp-image-2813\" src=\"https:\/\/wp.ufpel.edu.br\/producao\/files\/2022\/03\/congressos-EP-2022.png\" alt=\"\" width=\"1020\" height=\"537\" srcset=\"https:\/\/wp.ufpel.edu.br\/producao\/files\/2022\/03\/congressos-EP-2022.png 1020w, https:\/\/wp.ufpel.edu.br\/producao\/files\/2022\/03\/congressos-EP-2022-400x211.png 400w, https:\/\/wp.ufpel.edu.br\/producao\/files\/2022\/03\/congressos-EP-2022-768x404.png 768w\" sizes=\"(max-width: 1020px) 100vw, 1020px\" \/><\/a><\/p>\n","protected":false},"excerpt":{"rendered":"<p>Prezada comunidade acad\u00eamica do Curso de Engenharia de Produ\u00e7\u00e3o; Divulgamos atrav\u00e9s do quadro resumo a seguir as datas e os prazos dos principais eventos relacionados \u00e0 Engenharia de Produ\u00e7\u00e3o no Brasil. Aproveitem a oportunidade destes eventos para publicarem seus trabalhos e participarem como ouvintes. Agradecemos a elabora\u00e7\u00e3o do quadro resumo feita pelo discente Marco Garcez.<\/p>\n","protected":false},"author":62,"featured_media":0,"comment_status":"closed","ping_status":"closed","sticky":false,"template":"","format":"standard","meta":{"footnotes":""},"categories":[1],"tags":[],"class_list":["post-2811","post","type-post","status-publish","format-standard","hentry","category-noticias"],"jetpack_featured_media_url":"","_links":{"self":[{"href":"https:\/\/wp.ufpel.edu.br\/producao\/wp-json\/wp\/v2\/posts\/2811","targetHints":{"allow":["GET"]}}],"collection":[{"href":"https:\/\/wp.ufpel.edu.br\/producao\/wp-json\/wp\/v2\/posts"}],"about":[{"href":"https:\/\/wp.ufpel.edu.br\/producao\/wp-json\/wp\/v2\/types\/post"}],"author":[{"embeddable":true,"href":"https:\/\/wp.ufpel.edu.br\/producao\/wp-json\/wp\/v2\/users\/62"}],"replies":[{"embeddable":true,"href":"https:\/\/wp.ufpel.edu.br\/producao\/wp-json\/wp\/v2\/comments?post=2811"}],"version-history":[{"count":1,"href":"https:\/\/wp.ufpel.edu.br\/producao\/wp-json\/wp\/v2\/posts\/2811\/revisions"}],"predecessor-version":[{"id":2814,"href":"https:\/\/wp.ufpel.edu.br\/producao\/wp-json\/wp\/v2\/posts\/2811\/revisions\/2814"}],"wp:attachment":[{"href":"https:\/\/wp.ufpel.edu.br\/producao\/wp-json\/wp\/v2\/media?parent=2811"}],"wp:term":[{"taxonomy":"category","embeddable":true,"href":"https:\/\/wp.ufpel.edu.br\/producao\/wp-json\/wp\/v2\/categories?post=2811"},{"taxonomy":"post_tag","embeddable":true,"href":"https:\/\/wp.ufpel.edu.br\/producao\/wp-json\/wp\/v2\/tags?post=2811"}],"curies":[{"name":"wp","href":"https:\/\/api.w.org\/{rel}","templated":true}]}}