{"id":2789,"date":"2022-03-08T15:36:06","date_gmt":"2022-03-08T18:36:06","guid":{"rendered":"https:\/\/wp.ufpel.edu.br\/producao\/?p=2789"},"modified":"2022-03-08T15:36:52","modified_gmt":"2022-03-08T18:36:52","slug":"2789","status":"publish","type":"post","link":"https:\/\/wp.ufpel.edu.br\/producao\/2022\/03\/08\/2789\/","title":{"rendered":"Boas Vindas ao Semestre e \u00faltimas corre\u00e7\u00f5es de matr\u00edcula"},"content":{"rendered":"<p style=\"text-align: left\"><span style=\"color: #000000\">Prezados discentes do Curso de Engenharia de Produ\u00e7\u00e3o;<\/span><\/p>\n<p style=\"text-align: left\"><span style=\"color: #000000\">Primeiramente, em nome da coordena\u00e7\u00e3o, desejamos boas vindas a todos voc\u00eas neste semestre que se inicia.<\/span><br \/>\n<span style=\"color: #000000\">Estamos com per\u00edodo de ajustes de matr\u00edculas durante esta semana no CEng, com o objetivo de aumentar as ofertas em disciplinas com ainda tem vagas a serem preenchidas.<\/span><br \/>\n<span style=\"color: #000000\">Solicitamos aos alunos, que t\u00eam interesse, entrar em contato com a <strong>coordena\u00e7\u00e3o com certa urg\u00eancia (<span style=\"color: #0000ff\"><em><a style=\"color: #0000ff\" href=\"mailto:engepro.ufpel@gmail.com\" target=\"_blank\" rel=\"noopener\">engepro.ufpel@gmail.com<\/a><\/em><\/span>)\u00a0<\/strong>informando o c\u00f3digo e nome das disciplinas que desejam.<\/span><br \/>\n<span style=\"color: #000000\">H\u00e1 casos de alunos que perderam os prazos anteriores e que s\u00f3 podiam solicitar duas disciplinas na matr\u00edcula especial, logo destacamos que esse \u00e9 o momento para fazer as solicita\u00e7\u00f5es finais.<\/span><br \/>\n<span style=\"color: #000000\">A seguir informa\u00e7\u00f5es de como buscar a disponibilidade de vagas:<\/span><\/p>\n<ul>\n<li style=\"text-align: left\"><strong><span style=\"color: #000000\">Como encontrar turmas?<\/span><\/strong><br \/>\n<span style=\"color: #000000\">As turmas ofertadas por todos os cursos da UFPel encontram-se no site:<\/span><br \/>\n<span style=\"color: #000000\">Link:<span style=\"color: #0000ff\"> <em><a style=\"color: #0000ff\" href=\"https:\/\/institucional.ufpel.edu.br\/\" target=\"_blank\" rel=\"noopener\">https:\/\/institucional.ufpel.edu.br\/<\/a><\/em><\/span><\/span><br \/>\n<span style=\"color: #000000\">Busque o curso e ap\u00f3s consulte as turmas ofertadas nele.<\/span><span style=\"color: #000000\">Por exemplo, para consultar as vagas na disciplina de C\u00e1lculo A, acesse o link:<\/span><br \/>\n<span style=\"color: #0000ff\"><em><a style=\"color: #0000ff\" href=\"https:\/\/institucional.ufpel.edu.br\/disciplinas\/id\/27434\" target=\"_blank\" rel=\"noopener\">https:\/\/institucional.ufpel.edu.br\/disciplinas\/id\/27434<\/a><\/em><\/span><br \/>\n<span style=\"color: #000000\">no final da p\u00e1gina estar\u00e3o listadas as turmas dispon\u00edveis com respectivas vagas remanescentes e seus hor\u00e1rios.<\/span><\/li>\n<\/ul>\n","protected":false},"excerpt":{"rendered":"<p>Prezados discentes do Curso de Engenharia de Produ\u00e7\u00e3o; Primeiramente, em nome da coordena\u00e7\u00e3o, desejamos boas vindas a todos voc\u00eas neste semestre que se inicia. Estamos com per\u00edodo de ajustes de matr\u00edculas durante esta semana no CEng, com o objetivo de aumentar as ofertas em disciplinas com ainda tem vagas a serem preenchidas. Solicitamos aos alunos, [&hellip;]<\/p>\n","protected":false},"author":62,"featured_media":0,"comment_status":"closed","ping_status":"closed","sticky":false,"template":"","format":"standard","meta":{"footnotes":""},"categories":[1],"tags":[],"class_list":["post-2789","post","type-post","status-publish","format-standard","hentry","category-noticias"],"jetpack_featured_media_url":"","_links":{"self":[{"href":"https:\/\/wp.ufpel.edu.br\/producao\/wp-json\/wp\/v2\/posts\/2789","targetHints":{"allow":["GET"]}}],"collection":[{"href":"https:\/\/wp.ufpel.edu.br\/producao\/wp-json\/wp\/v2\/posts"}],"about":[{"href":"https:\/\/wp.ufpel.edu.br\/producao\/wp-json\/wp\/v2\/types\/post"}],"author":[{"embeddable":true,"href":"https:\/\/wp.ufpel.edu.br\/producao\/wp-json\/wp\/v2\/users\/62"}],"replies":[{"embeddable":true,"href":"https:\/\/wp.ufpel.edu.br\/producao\/wp-json\/wp\/v2\/comments?post=2789"}],"version-history":[{"count":2,"href":"https:\/\/wp.ufpel.edu.br\/producao\/wp-json\/wp\/v2\/posts\/2789\/revisions"}],"predecessor-version":[{"id":2792,"href":"https:\/\/wp.ufpel.edu.br\/producao\/wp-json\/wp\/v2\/posts\/2789\/revisions\/2792"}],"wp:attachment":[{"href":"https:\/\/wp.ufpel.edu.br\/producao\/wp-json\/wp\/v2\/media?parent=2789"}],"wp:term":[{"taxonomy":"category","embeddable":true,"href":"https:\/\/wp.ufpel.edu.br\/producao\/wp-json\/wp\/v2\/categories?post=2789"},{"taxonomy":"post_tag","embeddable":true,"href":"https:\/\/wp.ufpel.edu.br\/producao\/wp-json\/wp\/v2\/tags?post=2789"}],"curies":[{"name":"wp","href":"https:\/\/api.w.org\/{rel}","templated":true}]}}