{"id":2783,"date":"2022-03-04T10:44:31","date_gmt":"2022-03-04T13:44:31","guid":{"rendered":"https:\/\/wp.ufpel.edu.br\/producao\/?p=2783"},"modified":"2022-03-04T10:45:30","modified_gmt":"2022-03-04T13:45:30","slug":"matricula-especial-calendario-2021-2","status":"publish","type":"post","link":"https:\/\/wp.ufpel.edu.br\/producao\/2022\/03\/04\/matricula-especial-calendario-2021-2\/","title":{"rendered":"Matr\u00edcula Especial \u2013 Calend\u00e1rio 2021\/2"},"content":{"rendered":"<p><span style=\"color: #000000\">Prezados alunos do Curso de Engenharia de Produ\u00e7\u00e3o;<\/span><br \/>\n<span style=\"color: #000000\">Solicitamos aten\u00e7\u00e3o as informa\u00e7\u00f5es relacionadas a <strong>Matr\u00edcula Especial <\/strong>do<strong> Calend\u00e1rio 2021\/2<\/strong><\/span><br \/>\n<span style=\"color: #000000\">** <strong>A matr\u00edcula especial n\u00e3o \u00e9 autom\u00e1tica<\/strong> **<\/span><\/p>\n<ul>\n<li><span style=\"color: #000000\"><strong>Quando solicitar?<\/strong> 04 de mar\u00e7o a 06 de mar\u00e7o pelo Cobalto.<\/span><\/li>\n<li><span style=\"color: #000000\"><strong>Para que serve?<\/strong> Para que aqueles alunos que n\u00e3o conseguiram matricula nas disciplinas pretendidas, solicitem a inclus\u00e3o de disciplinas em vagas remanescentes de outras turmas, inclusive de outros cursos.<\/span><\/li>\n<li><strong>Como encontrar turmas?<\/strong> <span style=\"color: #000000\">As turmas ofertadas por todos os cursos da UFPel encontram-se no site: Link:<\/span>\u00a0<span style=\"color: #0000ff\"><em><a style=\"color: #0000ff\" href=\"https:\/\/institucional.ufpel.edu.br\/\">https:\/\/institucional.ufpel.edu.br\/<\/a>.<\/em><\/span>\u00a0<span style=\"color: #000000\">Busque o curso e ap\u00f3s consulte as turmas ofertadas nele.<\/span><\/li>\n<\/ul>\n<p style=\"padding-left: 40px\"><span style=\"color: #000000\">Por exemplo, para consultar as vagas na disciplina de C\u00e1lculo A, acesse o link: <\/span><span style=\"color: #0000ff\"><em><a style=\"color: #0000ff\" href=\"https:\/\/institucional.ufpel.edu.br\/disciplinas\/id\/27434\">https:\/\/institucional.ufpel.edu.br\/disciplinas\/id\/27434<\/a><\/em><span style=\"color: #000000\">. N<\/span><\/span><span style=\"color: #000000\">o final da p\u00e1gina estar\u00e3o listadas as turmas dispon\u00edveis com respectivas vagas remanescentes e seus hor\u00e1rios.\u00a0<\/span><\/p>\n<p><span style=\"color: #000000\">Se ap\u00f3s o per\u00edodo de Matr\u00edcula Especial voc\u00ea ainda tiver problemas com sua matr\u00edcula em alguma disciplina entre em contato com a coordena\u00e7\u00e3o do seu curso.<\/span><\/p>\n","protected":false},"excerpt":{"rendered":"<p>Prezados alunos do Curso de Engenharia de Produ\u00e7\u00e3o; Solicitamos aten\u00e7\u00e3o as informa\u00e7\u00f5es relacionadas a Matr\u00edcula Especial do Calend\u00e1rio 2021\/2 ** A matr\u00edcula especial n\u00e3o \u00e9 autom\u00e1tica ** Quando solicitar? 04 de mar\u00e7o a 06 de mar\u00e7o pelo Cobalto. Para que serve? Para que aqueles alunos que n\u00e3o conseguiram matricula nas disciplinas pretendidas, solicitem a inclus\u00e3o [&hellip;]<\/p>\n","protected":false},"author":62,"featured_media":0,"comment_status":"closed","ping_status":"closed","sticky":false,"template":"","format":"standard","meta":{"footnotes":""},"categories":[1],"tags":[],"class_list":["post-2783","post","type-post","status-publish","format-standard","hentry","category-noticias"],"jetpack_featured_media_url":"","_links":{"self":[{"href":"https:\/\/wp.ufpel.edu.br\/producao\/wp-json\/wp\/v2\/posts\/2783","targetHints":{"allow":["GET"]}}],"collection":[{"href":"https:\/\/wp.ufpel.edu.br\/producao\/wp-json\/wp\/v2\/posts"}],"about":[{"href":"https:\/\/wp.ufpel.edu.br\/producao\/wp-json\/wp\/v2\/types\/post"}],"author":[{"embeddable":true,"href":"https:\/\/wp.ufpel.edu.br\/producao\/wp-json\/wp\/v2\/users\/62"}],"replies":[{"embeddable":true,"href":"https:\/\/wp.ufpel.edu.br\/producao\/wp-json\/wp\/v2\/comments?post=2783"}],"version-history":[{"count":2,"href":"https:\/\/wp.ufpel.edu.br\/producao\/wp-json\/wp\/v2\/posts\/2783\/revisions"}],"predecessor-version":[{"id":2786,"href":"https:\/\/wp.ufpel.edu.br\/producao\/wp-json\/wp\/v2\/posts\/2783\/revisions\/2786"}],"wp:attachment":[{"href":"https:\/\/wp.ufpel.edu.br\/producao\/wp-json\/wp\/v2\/media?parent=2783"}],"wp:term":[{"taxonomy":"category","embeddable":true,"href":"https:\/\/wp.ufpel.edu.br\/producao\/wp-json\/wp\/v2\/categories?post=2783"},{"taxonomy":"post_tag","embeddable":true,"href":"https:\/\/wp.ufpel.edu.br\/producao\/wp-json\/wp\/v2\/tags?post=2783"}],"curies":[{"name":"wp","href":"https:\/\/api.w.org\/{rel}","templated":true}]}}