{"id":2472,"date":"2021-08-18T17:31:18","date_gmt":"2021-08-18T20:31:18","guid":{"rendered":"https:\/\/wp.ufpel.edu.br\/producao\/?p=2472"},"modified":"2021-08-18T17:35:17","modified_gmt":"2021-08-18T20:35:17","slug":"proedai","status":"publish","type":"post","link":"https:\/\/wp.ufpel.edu.br\/producao\/2021\/08\/18\/proedai\/","title":{"rendered":"Grupo de Estudo ProEDAI realiza reuni\u00e3o de acolhimento no CEng"},"content":{"rendered":"<p style=\"text-align: justify\"><span style=\"color: #000000\">No \u00faltimo dia 11 de agosto de 2020 o <strong>Grupo de Estudo ProEDAI<\/strong>\u00a0 <strong>&#8211; Projeto Exatas Diversidades Afro Ind\u00edgenas<\/strong>, convidou os estudantes cotistas raciais, ingressantes no semestre 2021\/01, para uma reuni\u00e3o de acolhimento, na qual compareceram 16 alunos.<\/span><\/p>\n<p style=\"text-align: justify\"><span style=\"color: #000000\">No In\u00edcio do m\u00eas de setembro o <strong>Grupo de Estudo ProEDAI<\/strong> realizar\u00e1 um evento de acolhimento, com a presen\u00e7a de Engenheiras\/os Egressas\/os do Centro de Engenharias (CEng).<\/span><\/p>\n<p style=\"text-align: justify\"><span style=\"color: #000000\">A data e o hor\u00e1rio deste evento ser\u00e1 divulgado nas redes sociais dos cursos do CEng.<\/span><\/p>\n<p><span style=\"color: #000000\">A Coordena\u00e7\u00e3o do grupo de estudo \u00e9 realizada pelo professor Dr. Gilson Sim\u00f5es Porci\u00fancula.<\/span><\/p>\n<p><a href=\"https:\/\/wp.ufpel.edu.br\/producao\/files\/2021\/08\/ProEDAI.png\"><img class=\"aligncenter wp-image-2474\" src=\"https:\/\/wp.ufpel.edu.br\/producao\/files\/2021\/08\/ProEDAI.png\" alt=\"\" width=\"720\" height=\"404\" srcset=\"https:\/\/wp.ufpel.edu.br\/producao\/files\/2021\/08\/ProEDAI.png 904w, https:\/\/wp.ufpel.edu.br\/producao\/files\/2021\/08\/ProEDAI-400x224.png 400w, https:\/\/wp.ufpel.edu.br\/producao\/files\/2021\/08\/ProEDAI-768x431.png 768w\" sizes=\"(max-width: 720px) 100vw, 720px\" \/><\/a><\/p>\n","protected":false},"excerpt":{"rendered":"<p>No \u00faltimo dia 11 de agosto de 2020 o Grupo de Estudo ProEDAI\u00a0 &#8211; Projeto Exatas Diversidades Afro Ind\u00edgenas, convidou os estudantes cotistas raciais, ingressantes no semestre 2021\/01, para uma reuni\u00e3o de acolhimento, na qual compareceram 16 alunos. No In\u00edcio do m\u00eas de setembro o Grupo de Estudo ProEDAI realizar\u00e1 um evento de acolhimento, com [&hellip;]<\/p>\n","protected":false},"author":62,"featured_media":0,"comment_status":"closed","ping_status":"closed","sticky":false,"template":"","format":"standard","meta":{"footnotes":""},"categories":[1],"tags":[],"class_list":["post-2472","post","type-post","status-publish","format-standard","hentry","category-noticias"],"jetpack_featured_media_url":"","_links":{"self":[{"href":"https:\/\/wp.ufpel.edu.br\/producao\/wp-json\/wp\/v2\/posts\/2472","targetHints":{"allow":["GET"]}}],"collection":[{"href":"https:\/\/wp.ufpel.edu.br\/producao\/wp-json\/wp\/v2\/posts"}],"about":[{"href":"https:\/\/wp.ufpel.edu.br\/producao\/wp-json\/wp\/v2\/types\/post"}],"author":[{"embeddable":true,"href":"https:\/\/wp.ufpel.edu.br\/producao\/wp-json\/wp\/v2\/users\/62"}],"replies":[{"embeddable":true,"href":"https:\/\/wp.ufpel.edu.br\/producao\/wp-json\/wp\/v2\/comments?post=2472"}],"version-history":[{"count":5,"href":"https:\/\/wp.ufpel.edu.br\/producao\/wp-json\/wp\/v2\/posts\/2472\/revisions"}],"predecessor-version":[{"id":2479,"href":"https:\/\/wp.ufpel.edu.br\/producao\/wp-json\/wp\/v2\/posts\/2472\/revisions\/2479"}],"wp:attachment":[{"href":"https:\/\/wp.ufpel.edu.br\/producao\/wp-json\/wp\/v2\/media?parent=2472"}],"wp:term":[{"taxonomy":"category","embeddable":true,"href":"https:\/\/wp.ufpel.edu.br\/producao\/wp-json\/wp\/v2\/categories?post=2472"},{"taxonomy":"post_tag","embeddable":true,"href":"https:\/\/wp.ufpel.edu.br\/producao\/wp-json\/wp\/v2\/tags?post=2472"}],"curies":[{"name":"wp","href":"https:\/\/api.w.org\/{rel}","templated":true}]}}