{"id":1925,"date":"2021-03-09T12:00:46","date_gmt":"2021-03-09T15:00:46","guid":{"rendered":"https:\/\/wp.ufpel.edu.br\/producao\/?p=1925"},"modified":"2021-03-09T12:23:38","modified_gmt":"2021-03-09T15:23:38","slug":"ofertas-para-o-semestre-2020-02-inicio-das-aulas-dia-15-de-marco-de-2021","status":"publish","type":"post","link":"https:\/\/wp.ufpel.edu.br\/producao\/2021\/03\/09\/ofertas-para-o-semestre-2020-02-inicio-das-aulas-dia-15-de-marco-de-2021\/","title":{"rendered":"Ofertas para o Semestre 2020-02 &#8211; In\u00edcio das Aulas dia 15 de Mar\u00e7o de 2021"},"content":{"rendered":"<p><span style=\"color: #000000\">Prezados Alunos;<\/span><\/p>\n<p><span style=\"color: #000000\">A coordena\u00e7\u00e3o do Curso de Engenharia de Produ\u00e7\u00e3o disponibiliza as ofertas para o semestre 2020-02, que ser\u00e1 realizado no in\u00edcio de 2021.\u00a0O semestre 2020-02 ter\u00e1 in\u00edcio no pr\u00f3ximo dia <strong>15 de mar\u00e7o de 2021<\/strong>, conforme disponibilizado no <span style=\"color: #0000ff\"><strong><a style=\"color: #0000ff\" href=\"https:\/\/wp.ufpel.edu.br\/cra\/calendario-academico-2021\/\">calend\u00e1rio acad\u00eamico da UFPel<\/a><\/strong><\/span>.<\/span><\/p>\n<p><span style=\"color: #000000\">Clique <strong><span style=\"color: #0000ff\"><a style=\"color: #0000ff\" href=\"https:\/\/wp.ufpel.edu.br\/producao\/files\/2021\/02\/Ofertas-do-semestre_2020-02.pdf\" target=\"_blank\" rel=\"noopener noreferrer\">AQUI<\/a>\u00a0<\/span><\/strong>para visualizar as <strong>Ofertas do Semestre 2020-02<\/strong> (a ser realizado em 2021).<\/span><\/p>\n<p><span style=\"color: #ff0000\"><strong>Observa\u00e7\u00f5es:<\/strong><\/span><\/p>\n<ul>\n<li style=\"text-align: left\"><span style=\"color: #000000\">Neste semestre haver\u00e1 um <strong>limite de &#8220;solicita\u00e7\u00e3o de matr\u00edcula&#8221; em cinco (5) disciplinas <\/strong>(consulte a nota da PRE-UFPel <span style=\"color: #0000ff\"><strong><a style=\"color: #0000ff\" href=\"https:\/\/wp.ufpel.edu.br\/pre\/2021\/03\/05\/esclarecimentos-sobre-a-limitacao-do-numero-de-disciplinas-5-durante-a-solicitacao-de-matricula\/\" target=\"_blank\" rel=\"noopener noreferrer\">AQUI<\/a><\/strong><\/span>);<\/span><\/li>\n<li style=\"text-align: left\"><span style=\"color: #000000\">As <strong>disciplinas do primeiro semestre do curso<\/strong>, que s\u00e3o destinadas aos ingressantes, n\u00e3o estar\u00e3o dispon\u00edveis na solicita\u00e7\u00e3o de matr\u00edcula <em>on-line<\/em>, devendo o discente interessado solicitar na corre\u00e7\u00e3o de matr\u00edcula;<\/span><\/li>\n<li style=\"text-align: left\"><span style=\"color: #000000\">Para solicita\u00e7\u00e3o de matr\u00edcula na componente curricular <strong>TCC2<\/strong>, siga as instru\u00e7\u00f5es disponibilizadas no site:<\/span> <strong><span style=\"color: #0000ff\"><em><a style=\"color: #0000ff\" href=\"https:\/\/wp.ufpel.edu.br\/producao\/portal-do-aluno\/tcc\/\" target=\"_blank\" rel=\"noopener noreferrer\">https:\/\/wp.ufpel.edu.br\/producao\/portal-do-aluno\/tcc\/<\/a><\/em><\/span><\/strong>;<\/li>\n<li><span style=\"color: #000000\">Para solicita\u00e7\u00e3o de matr\u00edcula na componente curricular de <strong>EST\u00c1GIO SUPERVISIONADO<\/strong>, siga as instru\u00e7\u00f5es disponibilizadas no site:<\/span> <em><span style=\"color: #0000ff\"><strong><a style=\"color: #0000ff\" href=\"https:\/\/wp.ufpel.edu.br\/producao\/estagios\/estagio-obrigatorio-solicitacao-durante-a-pandemia-do-covid-19\/\" target=\"_blank\" rel=\"noopener noreferrer\">https:\/\/wp.ufpel.edu.br\/producao\/estagios\/estagio-obrigatorio-solicitacao-durante-a-pandemia-do-covid-19\/<\/a><\/strong><\/span><\/em>;<\/li>\n<li><span style=\"color: #000000\">No per\u00edodo de 04 \u00e0 07 de Mar\u00e7o o discente dever\u00e1 realizar a sua <strong>solicita\u00e7\u00e3o de matr\u00edcula<\/strong>, no COBALTO, de forma on-line;<\/span><\/li>\n<li><span style=\"color: #000000\"><strong>Alunos que optarem por n\u00e3o cursar disciplinas<\/strong> neste semestre, precisam justificar, vejam as orienta\u00e7\u00f5es: <\/span><em style=\"color: #000000\"><span style=\"color: #0000ff\"><strong><a style=\"color: #0000ff\" href=\"https:\/\/wp.ufpel.edu.br\/producao\/2021\/03\/01\/justificativa\" target=\"_blank\" rel=\"noopener noreferrer\">https:\/\/wp.ufpel.edu.br\/producao\/2021\/03\/01\/justificativa<\/a>\/<\/strong><\/span><\/em><\/li>\n<li><span style=\"color: #000000\">O aluno deve fazer a solicita\u00e7\u00e3o de <strong>corre\u00e7\u00e3o de matr\u00edcula entre os dia 09 e 10 de Mar\u00e7o<\/strong>, sendo que o Colegiado ir\u00e1 analisar nos dias 11\u00a0 e 12 de Mar\u00e7o. Observa-se que neste semestre a solicita\u00e7\u00e3o de corre\u00e7\u00e3o de matr\u00edcula ser\u00e1 totalmente feita atrav\u00e9s do COBALTO.<\/span><\/li>\n<\/ul>\n<p style=\"text-align: center\"><a href=\"https:\/\/wp.ufpel.edu.br\/producao\/files\/2021\/02\/fluxo-matricula-2020-02.jpg\"><img class=\"aligncenter size-full wp-image-1928\" src=\"https:\/\/wp.ufpel.edu.br\/producao\/files\/2021\/02\/fluxo-matricula-2020-02.jpg\" alt=\"\" width=\"720\" height=\"509\" srcset=\"https:\/\/wp.ufpel.edu.br\/producao\/files\/2021\/02\/fluxo-matricula-2020-02.jpg 720w, https:\/\/wp.ufpel.edu.br\/producao\/files\/2021\/02\/fluxo-matricula-2020-02-400x283.jpg 400w\" sizes=\"(max-width: 720px) 100vw, 720px\" \/><\/a><\/p>\n","protected":false},"excerpt":{"rendered":"<p>Prezados Alunos; A coordena\u00e7\u00e3o do Curso de Engenharia de Produ\u00e7\u00e3o disponibiliza as ofertas para o semestre 2020-02, que ser\u00e1 realizado no in\u00edcio de 2021.\u00a0O semestre 2020-02 ter\u00e1 in\u00edcio no pr\u00f3ximo dia 15 de mar\u00e7o de 2021, conforme disponibilizado no calend\u00e1rio acad\u00eamico da UFPel. Clique AQUI\u00a0para visualizar as Ofertas do Semestre 2020-02 (a ser realizado em [&hellip;]<\/p>\n","protected":false},"author":62,"featured_media":0,"comment_status":"closed","ping_status":"closed","sticky":false,"template":"","format":"standard","meta":{"footnotes":""},"categories":[1],"tags":[],"class_list":["post-1925","post","type-post","status-publish","format-standard","hentry","category-noticias"],"jetpack_featured_media_url":"","_links":{"self":[{"href":"https:\/\/wp.ufpel.edu.br\/producao\/wp-json\/wp\/v2\/posts\/1925","targetHints":{"allow":["GET"]}}],"collection":[{"href":"https:\/\/wp.ufpel.edu.br\/producao\/wp-json\/wp\/v2\/posts"}],"about":[{"href":"https:\/\/wp.ufpel.edu.br\/producao\/wp-json\/wp\/v2\/types\/post"}],"author":[{"embeddable":true,"href":"https:\/\/wp.ufpel.edu.br\/producao\/wp-json\/wp\/v2\/users\/62"}],"replies":[{"embeddable":true,"href":"https:\/\/wp.ufpel.edu.br\/producao\/wp-json\/wp\/v2\/comments?post=1925"}],"version-history":[{"count":15,"href":"https:\/\/wp.ufpel.edu.br\/producao\/wp-json\/wp\/v2\/posts\/1925\/revisions"}],"predecessor-version":[{"id":2001,"href":"https:\/\/wp.ufpel.edu.br\/producao\/wp-json\/wp\/v2\/posts\/1925\/revisions\/2001"}],"wp:attachment":[{"href":"https:\/\/wp.ufpel.edu.br\/producao\/wp-json\/wp\/v2\/media?parent=1925"}],"wp:term":[{"taxonomy":"category","embeddable":true,"href":"https:\/\/wp.ufpel.edu.br\/producao\/wp-json\/wp\/v2\/categories?post=1925"},{"taxonomy":"post_tag","embeddable":true,"href":"https:\/\/wp.ufpel.edu.br\/producao\/wp-json\/wp\/v2\/tags?post=1925"}],"curies":[{"name":"wp","href":"https:\/\/api.w.org\/{rel}","templated":true}]}}