{"id":1883,"date":"2020-11-27T11:30:40","date_gmt":"2020-11-27T14:30:40","guid":{"rendered":"https:\/\/wp.ufpel.edu.br\/producao\/?p=1883"},"modified":"2020-11-27T11:30:40","modified_gmt":"2020-11-27T14:30:40","slug":"liveproedai-30112020","status":"publish","type":"post","link":"https:\/\/wp.ufpel.edu.br\/producao\/2020\/11\/27\/liveproedai-30112020\/","title":{"rendered":"Do mimimi ao Racismo Institucional &#8211; Como enfrentar as microagress\u00f5es raciais no ambiente das Ci\u00eancias Exatas e Engenharias."},"content":{"rendered":"<p style=\"text-align: justify\"><span style=\"color: #000000\"><span class=\"style-scope yt-formatted-string\" dir=\"auto\">Na pr\u00f3xima <strong>segunda feira dia 30\/11 as <\/strong><\/span><strong><span class=\"style-scope yt-formatted-string\" dir=\"auto\">17:00<\/span><\/strong><span class=\"style-scope yt-formatted-string\" dir=\"auto\">, pelo Canal do Centro de Engenharias &#8211; CENG\/UFPel no <em><strong>YouTube<\/strong><\/em>, vamos falar sobre o racismo no ambiente acad\u00eamico nas \u00e1reas de Ci\u00eancia Exatas e Engenharias. Temos como convidados a Psic\u00f3loga <strong>Tha\u00edse Mendes Farias<\/strong>, e os dois egressos do Centro de Engenharias, experi\u00eancias na p\u00f3s-gradua\u00e7\u00e3o, como docentes e no ambiente empresarial, O Engenheiro de Petr\u00f3leo <strong>R\u00f4mulo Nunes<\/strong> e o Engenheiro Ge\u00f3logo <strong>Rui S\u00e9rgio Saraiva Duarte Junior<\/strong>. Contamos com a presen\u00e7a de todos.<\/span><\/span><\/p>\n<p><span style=\"color: #000000\">Link para a Live: <span style=\"color: #0000ff\"><a style=\"color: #0000ff\" href=\"https:\/\/www.youtube.com\/watch?v=v1CZyxb-DJI\">https:\/\/www.youtube.com\/watch?v=v1CZyxb-DJI<\/a><\/span><\/span><\/p>\n<p><a href=\"https:\/\/wp.ufpel.edu.br\/producao\/files\/2020\/11\/RacismoInstitucional.jpg\"><img class=\"aligncenter size-full wp-image-1885\" src=\"https:\/\/wp.ufpel.edu.br\/producao\/files\/2020\/11\/RacismoInstitucional.jpg\" alt=\"\" width=\"1280\" height=\"1280\" srcset=\"https:\/\/wp.ufpel.edu.br\/producao\/files\/2020\/11\/RacismoInstitucional.jpg 1280w, https:\/\/wp.ufpel.edu.br\/producao\/files\/2020\/11\/RacismoInstitucional-400x400.jpg 400w, https:\/\/wp.ufpel.edu.br\/producao\/files\/2020\/11\/RacismoInstitucional-1024x1024.jpg 1024w, https:\/\/wp.ufpel.edu.br\/producao\/files\/2020\/11\/RacismoInstitucional-200x200.jpg 200w, https:\/\/wp.ufpel.edu.br\/producao\/files\/2020\/11\/RacismoInstitucional-768x768.jpg 768w\" sizes=\"(max-width: 1280px) 100vw, 1280px\" \/><\/a><\/p>\n","protected":false},"excerpt":{"rendered":"<p>Na pr\u00f3xima segunda feira dia 30\/11 as 17:00, pelo Canal do Centro de Engenharias &#8211; CENG\/UFPel no YouTube, vamos falar sobre o racismo no ambiente acad\u00eamico nas \u00e1reas de Ci\u00eancia Exatas e Engenharias. Temos como convidados a Psic\u00f3loga Tha\u00edse Mendes Farias, e os dois egressos do Centro de Engenharias, experi\u00eancias na p\u00f3s-gradua\u00e7\u00e3o, como docentes e [&hellip;]<\/p>\n","protected":false},"author":62,"featured_media":0,"comment_status":"closed","ping_status":"closed","sticky":false,"template":"","format":"standard","meta":{"footnotes":""},"categories":[1],"tags":[],"class_list":["post-1883","post","type-post","status-publish","format-standard","hentry","category-noticias"],"jetpack_featured_media_url":"","_links":{"self":[{"href":"https:\/\/wp.ufpel.edu.br\/producao\/wp-json\/wp\/v2\/posts\/1883","targetHints":{"allow":["GET"]}}],"collection":[{"href":"https:\/\/wp.ufpel.edu.br\/producao\/wp-json\/wp\/v2\/posts"}],"about":[{"href":"https:\/\/wp.ufpel.edu.br\/producao\/wp-json\/wp\/v2\/types\/post"}],"author":[{"embeddable":true,"href":"https:\/\/wp.ufpel.edu.br\/producao\/wp-json\/wp\/v2\/users\/62"}],"replies":[{"embeddable":true,"href":"https:\/\/wp.ufpel.edu.br\/producao\/wp-json\/wp\/v2\/comments?post=1883"}],"version-history":[{"count":1,"href":"https:\/\/wp.ufpel.edu.br\/producao\/wp-json\/wp\/v2\/posts\/1883\/revisions"}],"predecessor-version":[{"id":1886,"href":"https:\/\/wp.ufpel.edu.br\/producao\/wp-json\/wp\/v2\/posts\/1883\/revisions\/1886"}],"wp:attachment":[{"href":"https:\/\/wp.ufpel.edu.br\/producao\/wp-json\/wp\/v2\/media?parent=1883"}],"wp:term":[{"taxonomy":"category","embeddable":true,"href":"https:\/\/wp.ufpel.edu.br\/producao\/wp-json\/wp\/v2\/categories?post=1883"},{"taxonomy":"post_tag","embeddable":true,"href":"https:\/\/wp.ufpel.edu.br\/producao\/wp-json\/wp\/v2\/tags?post=1883"}],"curies":[{"name":"wp","href":"https:\/\/api.w.org\/{rel}","templated":true}]}}