{"id":1760,"date":"2020-10-07T19:26:09","date_gmt":"2020-10-07T22:26:09","guid":{"rendered":"https:\/\/wp.ufpel.edu.br\/producao\/?p=1760"},"modified":"2020-10-07T19:26:09","modified_gmt":"2020-10-07T22:26:09","slug":"resultado-das-solicitacoes-de-quebra-de-pre-requisitos-2","status":"publish","type":"post","link":"https:\/\/wp.ufpel.edu.br\/producao\/2020\/10\/07\/resultado-das-solicitacoes-de-quebra-de-pre-requisitos-2\/","title":{"rendered":"Resultado das Solicita\u00e7\u00f5es de Quebra de Pr\u00e9-requisitos"},"content":{"rendered":"<p><span style=\"color: #000000\">A Coordena\u00e7\u00e3o do Curso de Engenharia de Produ\u00e7\u00e3o informa que na reuni\u00e3o de Colegiado do Curso, realizada em 07 de outubro de 2020, foram avaliadas as <strong>Solicita\u00e7\u00f5es de Quebra de Pr\u00e9-requisito(s)<\/strong> enviado pelos discentes. Consulte os resultados clicando <span style=\"color: #0000ff\"><a style=\"color: #0000ff\" href=\"https:\/\/wp.ufpel.edu.br\/producao\/files\/2020\/10\/resultado-Quebras07102020.pdf\">AQUI<\/a>.<\/span> Informamos que as solicita\u00e7\u00f5es <strong>DEFERIDAS<\/strong> ser\u00e3o encaminhadas para a an\u00e1lise de C\u00e2mara de Ensino do Centro de Engenharias.<\/span><\/p>\n<p style=\"text-align: left\"><a href=\"https:\/\/wp.ufpel.edu.br\/producao\/files\/2020\/10\/pre-requisitos.jpg\"><img class=\"wp-image-1763 alignleft\" src=\"https:\/\/wp.ufpel.edu.br\/producao\/files\/2020\/10\/pre-requisitos.jpg\" alt=\"\" width=\"346\" height=\"193\" srcset=\"https:\/\/wp.ufpel.edu.br\/producao\/files\/2020\/10\/pre-requisitos.jpg 417w, https:\/\/wp.ufpel.edu.br\/producao\/files\/2020\/10\/pre-requisitos-400x224.jpg 400w\" sizes=\"(max-width: 346px) 100vw, 346px\" \/><img class=\"wp-image-393 alignleft\" src=\"https:\/\/wp.ufpel.edu.br\/producao\/files\/2017\/08\/ep-logo-final.jpg\" alt=\"\" width=\"171\" height=\"175\" srcset=\"https:\/\/wp.ufpel.edu.br\/producao\/files\/2017\/08\/ep-logo-final.jpg 445w, https:\/\/wp.ufpel.edu.br\/producao\/files\/2017\/08\/ep-logo-final-390x400.jpg 390w\" sizes=\"(max-width: 171px) 100vw, 171px\" \/><\/a><a href=\"https:\/\/wp.ufpel.edu.br\/producao\/files\/2017\/08\/ep-logo-final.jpg\"><br \/>\n<\/a><\/p>\n","protected":false},"excerpt":{"rendered":"<p>A Coordena\u00e7\u00e3o do Curso de Engenharia de Produ\u00e7\u00e3o informa que na reuni\u00e3o de Colegiado do Curso, realizada em 07 de outubro de 2020, foram avaliadas as Solicita\u00e7\u00f5es de Quebra de Pr\u00e9-requisito(s) enviado pelos discentes. Consulte os resultados clicando AQUI. Informamos que as solicita\u00e7\u00f5es DEFERIDAS ser\u00e3o encaminhadas para a an\u00e1lise de C\u00e2mara de Ensino do Centro [&hellip;]<\/p>\n","protected":false},"author":62,"featured_media":0,"comment_status":"closed","ping_status":"closed","sticky":false,"template":"","format":"standard","meta":{"footnotes":""},"categories":[1],"tags":[],"class_list":["post-1760","post","type-post","status-publish","format-standard","hentry","category-noticias"],"jetpack_featured_media_url":"","_links":{"self":[{"href":"https:\/\/wp.ufpel.edu.br\/producao\/wp-json\/wp\/v2\/posts\/1760","targetHints":{"allow":["GET"]}}],"collection":[{"href":"https:\/\/wp.ufpel.edu.br\/producao\/wp-json\/wp\/v2\/posts"}],"about":[{"href":"https:\/\/wp.ufpel.edu.br\/producao\/wp-json\/wp\/v2\/types\/post"}],"author":[{"embeddable":true,"href":"https:\/\/wp.ufpel.edu.br\/producao\/wp-json\/wp\/v2\/users\/62"}],"replies":[{"embeddable":true,"href":"https:\/\/wp.ufpel.edu.br\/producao\/wp-json\/wp\/v2\/comments?post=1760"}],"version-history":[{"count":3,"href":"https:\/\/wp.ufpel.edu.br\/producao\/wp-json\/wp\/v2\/posts\/1760\/revisions"}],"predecessor-version":[{"id":1766,"href":"https:\/\/wp.ufpel.edu.br\/producao\/wp-json\/wp\/v2\/posts\/1760\/revisions\/1766"}],"wp:attachment":[{"href":"https:\/\/wp.ufpel.edu.br\/producao\/wp-json\/wp\/v2\/media?parent=1760"}],"wp:term":[{"taxonomy":"category","embeddable":true,"href":"https:\/\/wp.ufpel.edu.br\/producao\/wp-json\/wp\/v2\/categories?post=1760"},{"taxonomy":"post_tag","embeddable":true,"href":"https:\/\/wp.ufpel.edu.br\/producao\/wp-json\/wp\/v2\/tags?post=1760"}],"curies":[{"name":"wp","href":"https:\/\/api.w.org\/{rel}","templated":true}]}}