{"id":1527,"date":"2020-06-10T14:13:20","date_gmt":"2020-06-10T17:13:20","guid":{"rendered":"https:\/\/wp.ufpel.edu.br\/producao\/?p=1527"},"modified":"2020-06-15T19:05:44","modified_gmt":"2020-06-15T22:05:44","slug":"datas-e-prazos-do-calendario-alternativo","status":"publish","type":"post","link":"https:\/\/wp.ufpel.edu.br\/producao\/2020\/06\/10\/datas-e-prazos-do-calendario-alternativo\/","title":{"rendered":"Datas e prazos do Calend\u00e1rio Alternativo"},"content":{"rendered":"<p>Aten\u00e7\u00e3o para os novos prazos:<\/p>\n<p>19\/06 \u2013 Data limite para discentes solicitarem quebra de pr\u00e9-requisito para 2020\/1 (Alternativo) nos colegiados;<\/p>\n<p>25\/06 \u2013 Data limite para colegiados responderem as solicita\u00e7\u00f5es de quebra de pr\u00e9-requisito para 2020\/1 (Alternativo);<\/p>\n<p>30\/06 \u2013 Data limite para os discentes protocolarem, nos colegiados de curso, recurso ao COCEPE referente a negativa de quebra de pr\u00e9-requisito para 2020 \/1 (Alternativo).<\/p>\n<p>Onde encontro os formul\u00e1rios para solicitar quebras?<\/p>\n<blockquote class=\"wp-embedded-content\" data-secret=\"Q0uLg8JouD\"><p><a href=\"https:\/\/wp.ufpel.edu.br\/ceng\/quebra-de-pre-requisito\/\">QUEBRA DE PR\u00c9-REQUISITO<\/a><\/p><\/blockquote>\n<p><iframe class=\"wp-embedded-content\" sandbox=\"allow-scripts\" security=\"restricted\" style=\"position: absolute; clip: rect(1px, 1px, 1px, 1px);\" title=\"&#8220;QUEBRA DE PR\u00c9-REQUISITO&#8221; &#8212; Centro de Engenharias\" src=\"https:\/\/wp.ufpel.edu.br\/ceng\/quebra-de-pre-requisito\/embed\/#?secret=EpXQFsNFhx#?secret=Q0uLg8JouD\" data-secret=\"Q0uLg8JouD\" width=\"500\" height=\"282\" frameborder=\"0\" marginwidth=\"0\" marginheight=\"0\" scrolling=\"no\"><\/iframe><\/p>\n<p>Confiram todas as datas do calend\u00e1rio alternativo:<\/p>\n<p><a href=\"https:\/\/wp.ufpel.edu.br\/producao\/files\/2020\/06\/portaria1007_05062020.pdf\">portaria1007_05062020<\/a><\/p>\n<p>&nbsp;<\/p>\n<p><a href=\"https:\/\/wp.ufpel.edu.br\/cra\/calendario-academico-2020\/\">https:\/\/wp.ufpel.edu.br\/cra\/calendario-academico-2020\/<\/a><\/p>\n<p><a href=\"https:\/\/wp.ufpel.edu.br\/producao\/files\/2020\/06\/Portaria-933-de-25.05.2020-SEI_23110.013015_2020_48-1.pdf\">Portaria 933 de 25.05.2020 &#8211; SEI_23110.013015_2020_48<\/a><\/p>\n","protected":false},"excerpt":{"rendered":"<p>Aten\u00e7\u00e3o para os novos prazos: 19\/06 \u2013 Data limite para discentes solicitarem quebra de pr\u00e9-requisito para 2020\/1 (Alternativo) nos colegiados; 25\/06 \u2013 Data limite para colegiados responderem as solicita\u00e7\u00f5es de quebra de pr\u00e9-requisito para 2020\/1 (Alternativo); 30\/06 \u2013 Data limite para os discentes protocolarem, nos colegiados de curso, recurso ao COCEPE referente a negativa de [&hellip;]<\/p>\n","protected":false},"author":62,"featured_media":0,"comment_status":"closed","ping_status":"closed","sticky":false,"template":"","format":"standard","meta":{"footnotes":""},"categories":[1],"tags":[],"class_list":["post-1527","post","type-post","status-publish","format-standard","hentry","category-noticias"],"jetpack_featured_media_url":"","_links":{"self":[{"href":"https:\/\/wp.ufpel.edu.br\/producao\/wp-json\/wp\/v2\/posts\/1527","targetHints":{"allow":["GET"]}}],"collection":[{"href":"https:\/\/wp.ufpel.edu.br\/producao\/wp-json\/wp\/v2\/posts"}],"about":[{"href":"https:\/\/wp.ufpel.edu.br\/producao\/wp-json\/wp\/v2\/types\/post"}],"author":[{"embeddable":true,"href":"https:\/\/wp.ufpel.edu.br\/producao\/wp-json\/wp\/v2\/users\/62"}],"replies":[{"embeddable":true,"href":"https:\/\/wp.ufpel.edu.br\/producao\/wp-json\/wp\/v2\/comments?post=1527"}],"version-history":[{"count":3,"href":"https:\/\/wp.ufpel.edu.br\/producao\/wp-json\/wp\/v2\/posts\/1527\/revisions"}],"predecessor-version":[{"id":1542,"href":"https:\/\/wp.ufpel.edu.br\/producao\/wp-json\/wp\/v2\/posts\/1527\/revisions\/1542"}],"wp:attachment":[{"href":"https:\/\/wp.ufpel.edu.br\/producao\/wp-json\/wp\/v2\/media?parent=1527"}],"wp:term":[{"taxonomy":"category","embeddable":true,"href":"https:\/\/wp.ufpel.edu.br\/producao\/wp-json\/wp\/v2\/categories?post=1527"},{"taxonomy":"post_tag","embeddable":true,"href":"https:\/\/wp.ufpel.edu.br\/producao\/wp-json\/wp\/v2\/tags?post=1527"}],"curies":[{"name":"wp","href":"https:\/\/api.w.org\/{rel}","templated":true}]}}