{"id":1273,"date":"2019-10-31T17:15:35","date_gmt":"2019-10-31T20:15:35","guid":{"rendered":"https:\/\/wp.ufpel.edu.br\/producao\/?p=1273"},"modified":"2019-10-31T17:15:35","modified_gmt":"2019-10-31T20:15:35","slug":"lista-atualizada-de-concluintes-que-preencheram-o-questionario-do-enade","status":"publish","type":"post","link":"https:\/\/wp.ufpel.edu.br\/producao\/2019\/10\/31\/lista-atualizada-de-concluintes-que-preencheram-o-questionario-do-enade\/","title":{"rendered":"Lista atualizada de concluintes que preencheram o question\u00e1rio do Enade"},"content":{"rendered":"<p>Prezados alunos concluintes, segue a lista atualizada de alunos que <strong>N\u00e3o preencheram<\/strong> o question\u00e1rio do ENADE:<\/p>\n<p>BRUNO LUIS BEDNARSKI DE AZEVEDO<\/p>\n<p>CASSIO ROSA DOS SANTOS<\/p>\n<p>GUILHERME REICKOW<\/p>\n<p>LUCAS PENTEADO PACHECO COSTA<\/p>\n<p>RAPHAEL PEREIRA DA SILVA<\/p>\n<p><b>Lembramos que o prazo para os estudantes concluintes efetuarem o preenchimento vai at\u00e9 21 de novembro<\/b>, diretamente no sistema Enade\u00a0<a href=\"http:\/\/enade.inep.gov.br\/enade\/#!\/index\" target=\"_blank\" rel=\"noopener noreferrer\" data-saferedirecturl=\"https:\/\/www.google.com\/url?q=http:\/\/enade.inep.gov.br\/enade\/%23!\/index&amp;source=gmail&amp;ust=1572638034152000&amp;usg=AFQjCNF-x3PRnSxMcgWz-gWJCHBdt8sZ3w\">\u00a0http:\/\/enade.inep.gov.br\/enade\/#!\/index<\/a><\/p>\n<p>A consulta ao local de prova somente ser\u00e1 disponibilizada ao aluno ap\u00f3s o preenchimento do question\u00e1rio, e de acordo com o cronograma do edital n\u00ba 43\/2019. A previs\u00e3o para essa divulga\u00e7\u00e3o \u00e9 8 de novembro.<\/p>\n<p>Mesmo descobrindo onde far\u00e1 a prova, e comparecendo no dia 24 de novembro de 2019 ao local, se o aluno n\u00e3o preencher o question\u00e1rio, estar\u00e1 automaticamente irregular em rela\u00e7\u00e3o a avalia\u00e7\u00e3o, ficando impossibilitado de colar grau at\u00e9 a sua regulariza\u00e7\u00e3o.<\/p>\n","protected":false},"excerpt":{"rendered":"<p>Prezados alunos concluintes, segue a lista atualizada de alunos que N\u00e3o preencheram o question\u00e1rio do ENADE: BRUNO LUIS BEDNARSKI DE AZEVEDO CASSIO ROSA DOS SANTOS GUILHERME REICKOW LUCAS PENTEADO PACHECO COSTA RAPHAEL PEREIRA DA SILVA Lembramos que o prazo para os estudantes concluintes efetuarem o preenchimento vai at\u00e9 21 de novembro, diretamente no sistema Enade\u00a0\u00a0http:\/\/enade.inep.gov.br\/enade\/#!\/index [&hellip;]<\/p>\n","protected":false},"author":62,"featured_media":0,"comment_status":"closed","ping_status":"closed","sticky":false,"template":"","format":"standard","meta":{"footnotes":""},"categories":[1],"tags":[],"class_list":["post-1273","post","type-post","status-publish","format-standard","hentry","category-noticias"],"jetpack_featured_media_url":"","_links":{"self":[{"href":"https:\/\/wp.ufpel.edu.br\/producao\/wp-json\/wp\/v2\/posts\/1273","targetHints":{"allow":["GET"]}}],"collection":[{"href":"https:\/\/wp.ufpel.edu.br\/producao\/wp-json\/wp\/v2\/posts"}],"about":[{"href":"https:\/\/wp.ufpel.edu.br\/producao\/wp-json\/wp\/v2\/types\/post"}],"author":[{"embeddable":true,"href":"https:\/\/wp.ufpel.edu.br\/producao\/wp-json\/wp\/v2\/users\/62"}],"replies":[{"embeddable":true,"href":"https:\/\/wp.ufpel.edu.br\/producao\/wp-json\/wp\/v2\/comments?post=1273"}],"version-history":[{"count":1,"href":"https:\/\/wp.ufpel.edu.br\/producao\/wp-json\/wp\/v2\/posts\/1273\/revisions"}],"predecessor-version":[{"id":1275,"href":"https:\/\/wp.ufpel.edu.br\/producao\/wp-json\/wp\/v2\/posts\/1273\/revisions\/1275"}],"wp:attachment":[{"href":"https:\/\/wp.ufpel.edu.br\/producao\/wp-json\/wp\/v2\/media?parent=1273"}],"wp:term":[{"taxonomy":"category","embeddable":true,"href":"https:\/\/wp.ufpel.edu.br\/producao\/wp-json\/wp\/v2\/categories?post=1273"},{"taxonomy":"post_tag","embeddable":true,"href":"https:\/\/wp.ufpel.edu.br\/producao\/wp-json\/wp\/v2\/tags?post=1273"}],"curies":[{"name":"wp","href":"https:\/\/api.w.org\/{rel}","templated":true}]}}