{"id":1246,"date":"2019-10-15T17:20:00","date_gmt":"2019-10-15T20:20:00","guid":{"rendered":"https:\/\/wp.ufpel.edu.br\/producao\/?p=1246"},"modified":"2019-10-15T17:20:00","modified_gmt":"2019-10-15T20:20:00","slug":"cadastro-de-provaveis-formandos","status":"publish","type":"post","link":"https:\/\/wp.ufpel.edu.br\/producao\/2019\/10\/15\/cadastro-de-provaveis-formandos\/","title":{"rendered":"Cadastro de Prov\u00e1veis Formandos"},"content":{"rendered":"<p>Nesse semestre 2019\/2 <strong>n\u00e3o\u00a0<\/strong>ser\u00e1 mais necess\u00e1rio a entrega do\u00a0<strong>&#8220;Formul\u00e1rio para solicita\u00e7\u00e3o de cola\u00e7\u00e3o de grau&#8221;<\/strong>\u00a0utilizado em 2019\/1. Este formul\u00e1rio ser\u00e1 substitu\u00eddo pelo acesso ao Sistema Acad\u00eamico COBALTO.<\/p>\n<p>No per\u00edodo de\u00a0<strong>18 de outubro \u00e0 01 de novembro de 2019<\/strong>\u00a0o aluno dever\u00e1 acessar o COBALTO\u00a0para se cadastrar como prov\u00e1vel formando no menu:<\/p>\n<p><strong>ALUNO &#8211;&gt; CADASTRO &#8211;&gt; SOLICITA\u00c7\u00c3O DE FORMATURA<\/strong><\/p>\n<p>Neste menu o aluno dever\u00e1 selecionar o\u00a0<strong>tipo de formatura<\/strong>\u00a0que deseja (INTERNA, INSTITUCIONAL\u00a0ou\u00a0EXTERNA) e realizar a\u00a0<strong>confer\u00eancia dos seus dados cadastrais (informa\u00e7\u00f5es para emiss\u00e3o do hist\u00f3rico e diploma), confirmando-os ou apontando a necessidade de corre\u00e7\u00f5es<\/strong>, se for o caso.<\/p>\n<p>O aluno tamb\u00e9m dever\u00e1\u00a0<strong>verificar a exist\u00eancia de algum d\u00e9bito no seu cadastro<\/strong>, no menu:<\/p>\n<p><strong>ALUNO &#8211;&gt; CONSULTA &#8211;&gt; D\u00c9BITOS<\/strong><\/p>\n<p>Havendo d\u00e9bito de algum documento, a quita\u00e7\u00e3o poder\u00e1 ocorrer de 3 maneiras:<\/p>\n<ul>\n<li>enviar o documento escaneado para\u00a0<a href=\"mailto:dranotas@gmail.com\" target=\"_blank\" rel=\"noopener noreferrer\">dranotas@gmail.com<\/a>;<\/li>\n<li>entregar c\u00f3pia do documento no Atendimento ao Aluno da CRA no Campus Anglo, na sala 107;<\/li>\n<li>entregar c\u00f3pia no Colegiado do Curso, que dever\u00e1 escanear a mesma e enviar para o e-mail da CRA (<a href=\"mailto:dranotas@gmail.com\" target=\"_blank\" rel=\"noopener noreferrer\">dranotas@gmail.com<\/a>).<\/li>\n<\/ul>\n<p><strong>Os alunos ter\u00e3o at\u00e9 o dia 01 de novembro para se cadastrarem como prov\u00e1veis formandos no Cobalto.<\/strong><\/p>\n<p>Salientamos que o Colegiado s\u00f3 conseguir\u00e1 incluir em formaturas alunos que tenham previamente se cadastrado no Cobalto como Prov\u00e1veis Formandos.<\/p>\n<p><strong>Pedimos AMPLA DIVULGA\u00c7\u00c3O entre os discentes do curso para que tomam conhecimento dos procedimentos.<\/strong><\/p>\n<p>Secretaria\/Coordena\u00e7\u00e3o do curso<\/p>\n","protected":false},"excerpt":{"rendered":"<p>Nesse semestre 2019\/2 n\u00e3o\u00a0ser\u00e1 mais necess\u00e1rio a entrega do\u00a0&#8220;Formul\u00e1rio para solicita\u00e7\u00e3o de cola\u00e7\u00e3o de grau&#8221;\u00a0utilizado em 2019\/1. Este formul\u00e1rio ser\u00e1 substitu\u00eddo pelo acesso ao Sistema Acad\u00eamico COBALTO. No per\u00edodo de\u00a018 de outubro \u00e0 01 de novembro de 2019\u00a0o aluno dever\u00e1 acessar o COBALTO\u00a0para se cadastrar como prov\u00e1vel formando no menu: ALUNO &#8211;&gt; CADASTRO &#8211;&gt; SOLICITA\u00c7\u00c3O [&hellip;]<\/p>\n","protected":false},"author":62,"featured_media":0,"comment_status":"closed","ping_status":"closed","sticky":false,"template":"","format":"standard","meta":{"footnotes":""},"categories":[1],"tags":[],"class_list":["post-1246","post","type-post","status-publish","format-standard","hentry","category-noticias"],"jetpack_featured_media_url":"","_links":{"self":[{"href":"https:\/\/wp.ufpel.edu.br\/producao\/wp-json\/wp\/v2\/posts\/1246","targetHints":{"allow":["GET"]}}],"collection":[{"href":"https:\/\/wp.ufpel.edu.br\/producao\/wp-json\/wp\/v2\/posts"}],"about":[{"href":"https:\/\/wp.ufpel.edu.br\/producao\/wp-json\/wp\/v2\/types\/post"}],"author":[{"embeddable":true,"href":"https:\/\/wp.ufpel.edu.br\/producao\/wp-json\/wp\/v2\/users\/62"}],"replies":[{"embeddable":true,"href":"https:\/\/wp.ufpel.edu.br\/producao\/wp-json\/wp\/v2\/comments?post=1246"}],"version-history":[{"count":2,"href":"https:\/\/wp.ufpel.edu.br\/producao\/wp-json\/wp\/v2\/posts\/1246\/revisions"}],"predecessor-version":[{"id":1249,"href":"https:\/\/wp.ufpel.edu.br\/producao\/wp-json\/wp\/v2\/posts\/1246\/revisions\/1249"}],"wp:attachment":[{"href":"https:\/\/wp.ufpel.edu.br\/producao\/wp-json\/wp\/v2\/media?parent=1246"}],"wp:term":[{"taxonomy":"category","embeddable":true,"href":"https:\/\/wp.ufpel.edu.br\/producao\/wp-json\/wp\/v2\/categories?post=1246"},{"taxonomy":"post_tag","embeddable":true,"href":"https:\/\/wp.ufpel.edu.br\/producao\/wp-json\/wp\/v2\/tags?post=1246"}],"curies":[{"name":"wp","href":"https:\/\/api.w.org\/{rel}","templated":true}]}}