{"id":1235,"date":"2019-09-28T11:29:42","date_gmt":"2019-09-28T14:29:42","guid":{"rendered":"https:\/\/wp.ufpel.edu.br\/producao\/?p=1235"},"modified":"2019-09-28T11:29:42","modified_gmt":"2019-09-28T14:29:42","slug":"comissao-de-apoio-ao-enade-2019-informacoes","status":"publish","type":"post","link":"https:\/\/wp.ufpel.edu.br\/producao\/2019\/09\/28\/comissao-de-apoio-ao-enade-2019-informacoes\/","title":{"rendered":"Comiss\u00e3o de APOIO ao ENADE 2019 : Informa\u00e7\u00f5es"},"content":{"rendered":"<div class=\"\" data-block=\"true\" data-editor=\"8rou7\" data-offset-key=\"ffvm-0-0\">\n<div class=\"_1mf _1mj\" data-offset-key=\"ffvm-0-0\"><span data-offset-key=\"ffvm-0-0\">Prezados Alunos e Alunas concluintes inscritos no ENADE 2019<\/span><\/div>\n<\/div>\n<div class=\"\" data-block=\"true\" data-editor=\"8rou7\" data-offset-key=\"2fcu3-0-0\">\n<div class=\"_1mf _1mj\" data-offset-key=\"2fcu3-0-0\"><span data-offset-key=\"2fcu3-0-0\">\u00a0<\/span><\/div>\n<\/div>\n<div class=\"\" data-block=\"true\" data-editor=\"8rou7\" data-offset-key=\"dn6jf-0-0\">\n<div class=\"_1mf _1mj\" data-offset-key=\"dn6jf-0-0\"><span data-offset-key=\"dn6jf-0-0\">Foi deliberado em reuni\u00e3o de colegiado do curso uma comiss\u00e3o de professores para apoiar os alunos concluintes inscritos no ENADE 2019.<\/span><\/div>\n<\/div>\n<div class=\"\" data-block=\"true\" data-editor=\"8rou7\" data-offset-key=\"5a0cr-0-0\">\n<div class=\"_1mf _1mj\" data-offset-key=\"5a0cr-0-0\"><span data-offset-key=\"5a0cr-0-0\">Esta comiss\u00e3o \u00e9 formada pelos Prof. Aline, Prof. Patr\u00edcia, Prof. Leonardo.<\/span><\/div>\n<\/div>\n<div class=\"\" data-block=\"true\" data-editor=\"8rou7\" data-offset-key=\"8po7s-0-0\">\n<div class=\"_1mf _1mj\" data-offset-key=\"8po7s-0-0\"><span data-offset-key=\"8po7s-0-0\">A comiss\u00e3o criou uma disciplina no AVA para colocar os materiais com provas anteriores do ENADE, resolu\u00e7\u00f5es, quest\u00f5es diversas e calend\u00e1rio de encontros presenciais.<\/span><\/div>\n<\/div>\n<div class=\"\" data-block=\"true\" data-editor=\"8rou7\" data-offset-key=\"12urj-0-0\">\n<div class=\"_1mf _1mj\" data-offset-key=\"12urj-0-0\"><span data-offset-key=\"12urj-0-0\">Solicitamos que TODOS e TODAS discentes inscrito(a)s como concluintes do curso no ENADE 2019, se increvam na disciplina no AVA e acompanhem o trabalho da comiss\u00e3o de apoio nas atividades EAD, mas igualmente e principalmente nas atividades presenciais.<\/span><\/div>\n<\/div>\n<div class=\"\" data-block=\"true\" data-editor=\"8rou7\" data-offset-key=\"77aof-0-0\">\n<div class=\"_1mf _1mj\" data-offset-key=\"77aof-0-0\"><span data-offset-key=\"77aof-0-0\">\u00a0<\/span><\/div>\n<\/div>\n<div class=\"\" data-block=\"true\" data-editor=\"8rou7\" data-offset-key=\"7lpek-0-0\">\n<div class=\"_1mf _1mj\" data-offset-key=\"7lpek-0-0\"><span data-offset-key=\"7lpek-0-0\">Nome da Disciplina: Prepara\u00e7\u00e3o para o ENADE &#8211; 2019\/2<\/span><\/div>\n<\/div>\n<div class=\"\" data-block=\"true\" data-editor=\"8rou7\" data-offset-key=\"9vnt7-0-0\">\n<div class=\"_1mf _1mj\" data-offset-key=\"9vnt7-0-0\"><span data-offset-key=\"9vnt7-0-0\">Chave de Inscri\u00e7\u00e3o: GEDP-ENADE-20192<\/span><\/div>\n<\/div>\n<div class=\"\" data-block=\"true\" data-editor=\"8rou7\" data-offset-key=\"mrht-0-0\">\n<div class=\"_1mf _1mj\" data-offset-key=\"mrht-0-0\"><span data-offset-key=\"mrht-0-0\">Link da Disciplina: https:\/\/ava.ufpel.edu.br\/pre\/course\/view.php?id=4262<\/span><\/div>\n<\/div>\n<div class=\"\" data-block=\"true\" data-editor=\"8rou7\" data-offset-key=\"6kudp-0-0\">\n<div class=\"_1mf _1mj\" data-offset-key=\"6kudp-0-0\"><span data-offset-key=\"6kudp-0-0\">\u00a0<\/span><\/div>\n<\/div>\n<div class=\"\" data-block=\"true\" data-editor=\"8rou7\" data-offset-key=\"3vv7q-0-0\">\n<div class=\"_1mf _1mj\" data-offset-key=\"3vv7q-0-0\"><span data-offset-key=\"3vv7q-0-0\">A pedido da comiss\u00e3o do ENADE 2019 do curso de Engenharia de Produ\u00e7\u00e3o encaminhamos a mensagem abaixo: <\/span><\/div>\n<\/div>\n<div class=\"\" data-block=\"true\" data-editor=\"8rou7\" data-offset-key=\"39afi-0-0\">\n<div class=\"_1mf _1mj\" data-offset-key=\"39afi-0-0\"><span data-offset-key=\"39afi-0-0\">\u00a0<\/span><\/div>\n<\/div>\n<div class=\"\" data-block=\"true\" data-editor=\"8rou7\" data-offset-key=\"6su8g-0-0\">\n<div class=\"_1mf _1mj\" data-offset-key=\"6su8g-0-0\"><span data-offset-key=\"6su8g-0-0\">Caros alunos, <\/span><\/div>\n<\/div>\n<div class=\"\" data-block=\"true\" data-editor=\"8rou7\" data-offset-key=\"bk03l-0-0\">\n<div class=\"_1mf _1mj\" data-offset-key=\"bk03l-0-0\"><span data-offset-key=\"bk03l-0-0\">\u00a0<\/span><\/div>\n<\/div>\n<div class=\"\" data-block=\"true\" data-editor=\"8rou7\" data-offset-key=\"euln0-0-0\">\n<div class=\"_1mf _1mj\" data-offset-key=\"euln0-0-0\"><span data-offset-key=\"euln0-0-0\">Solicita-se a revis\u00e3o do seu cadastro no site do INEP, pois verificamos que h\u00e1 alunos que ainda n\u00e3o conclu\u00edram seus cadastros. Tamb\u00e9m destaca-se que encontra-se dispon\u00edvel no mesmo site o Question\u00e1rio do Estudante 2019 que deve ser preenchido no per\u00edodo de 02 de setembro a 21 de novembro de 2019, no Sistema de Cadastro do Estudante. Esse documento \u00e9 imprescind\u00edvel e de car\u00e1ter obrigat\u00f3rio, este inviabiliza a participa\u00e7\u00e3o de voc\u00eas na prova caso n\u00e3o seja preenchido.<\/span><\/div>\n<\/div>\n<div class=\"\" data-block=\"true\" data-editor=\"8rou7\" data-offset-key=\"cbpbv-0-0\">\n<div class=\"_1mf _1mj\" data-offset-key=\"cbpbv-0-0\"><span data-offset-key=\"cbpbv-0-0\">\u00a0<\/span><\/div>\n<\/div>\n<div class=\"\" data-block=\"true\" data-editor=\"8rou7\" data-offset-key=\"86f85-0-0\">\n<div class=\"_1mf _1mj\" data-offset-key=\"86f85-0-0\"><span data-offset-key=\"86f85-0-0\">Na reuni\u00e3o presencial de quinta-feira 26\/09\/2019, somente 4 alunos participaram, e foram discutidos os seguintes t\u00f3picos:<\/span><\/div>\n<\/div>\n<div class=\"\" data-block=\"true\" data-editor=\"8rou7\" data-offset-key=\"a3n0h-0-0\">\n<div class=\"_1mf _1mj\" data-offset-key=\"a3n0h-0-0\"><span data-offset-key=\"a3n0h-0-0\">\u00a0<\/span><\/div>\n<\/div>\n<div class=\"\" data-block=\"true\" data-editor=\"8rou7\" data-offset-key=\"7hvo5-0-0\">\n<div class=\"_1mf _1mj\" data-offset-key=\"7hvo5-0-0\"><span data-offset-key=\"7hvo5-0-0\">&#8211; Informa\u00e7\u00f5es gerais sobre cadastro e destaque para a import\u00e2ncia do preenchimento do question\u00e1rio;<\/span><\/div>\n<\/div>\n<div class=\"\" data-block=\"true\" data-editor=\"8rou7\" data-offset-key=\"en6l8-0-0\">\n<div class=\"_1mf _1mj\" data-offset-key=\"en6l8-0-0\"><span data-offset-key=\"en6l8-0-0\">\u00a0<\/span><\/div>\n<\/div>\n<div class=\"\" data-block=\"true\" data-editor=\"8rou7\" data-offset-key=\"94kek-0-0\">\n<div class=\"_1mf _1mj\" data-offset-key=\"94kek-0-0\"><span data-offset-key=\"94kek-0-0\">&#8211; Apresenta\u00e7\u00e3o do site do INEP focando o item perguntas frequentes;<\/span><\/div>\n<\/div>\n<div class=\"\" data-block=\"true\" data-editor=\"8rou7\" data-offset-key=\"ctnfj-0-0\">\n<div class=\"_1mf _1mj\" data-offset-key=\"ctnfj-0-0\"><span data-offset-key=\"ctnfj-0-0\">\u00a0<\/span><\/div>\n<\/div>\n<div class=\"\" data-block=\"true\" data-editor=\"8rou7\" data-offset-key=\"qdni-0-0\">\n<div class=\"_1mf _1mj\" data-offset-key=\"qdni-0-0\"><span data-offset-key=\"qdni-0-0\">&#8211; Discuss\u00f5es sobre as quest\u00f5es das avalia\u00e7\u00f5es anteriores (2014 e 2017).<\/span><\/div>\n<\/div>\n<div class=\"\" data-block=\"true\" data-editor=\"8rou7\" data-offset-key=\"bjq3o-0-0\">\n<div class=\"_1mf _1mj\" data-offset-key=\"bjq3o-0-0\"><span data-offset-key=\"bjq3o-0-0\">\u00a0<\/span><\/div>\n<\/div>\n<div class=\"\" data-block=\"true\" data-editor=\"8rou7\" data-offset-key=\"4c11p-0-0\">\n<div class=\"_1mf _1mj\" data-offset-key=\"4c11p-0-0\"><span data-offset-key=\"4c11p-0-0\">Aproveitamos para lembrar que dia 10\/10\/2019 vamos realizar um segundo encontro para oportunizar um espa\u00e7o de discuss\u00f5es e de esclarecimentos, \u00e9 importante a participa\u00e7\u00e3o de todos.<\/span><\/div>\n<\/div>\n<div class=\"\" data-block=\"true\" data-editor=\"8rou7\" data-offset-key=\"42a7l-0-0\">\n<div class=\"_1mf _1mj\" data-offset-key=\"42a7l-0-0\"><span data-offset-key=\"42a7l-0-0\">\u00a0<\/span><\/div>\n<\/div>\n<div class=\"\" data-block=\"true\" data-editor=\"8rou7\" data-offset-key=\"23ujk-0-0\">\n<div class=\"_1mf _1mj\" data-offset-key=\"23ujk-0-0\"><span data-offset-key=\"23ujk-0-0\">Att<\/span><\/div>\n<\/div>\n<div class=\"\" data-block=\"true\" data-editor=\"8rou7\" data-offset-key=\"c1nur-0-0\">\n<div class=\"_1mf _1mj\" data-offset-key=\"c1nur-0-0\"><span data-offset-key=\"c1nur-0-0\">\u00a0<\/span><\/div>\n<\/div>\n<div class=\"\" data-block=\"true\" data-editor=\"8rou7\" data-offset-key=\"csccu-0-0\">\n<div class=\"_1mf _1mj\" data-offset-key=\"csccu-0-0\"><span data-offset-key=\"csccu-0-0\">Comiss\u00e3o do ENADE (Prof. Aline, Prof. Patr\u00edcia, Prof. Leonardo).<\/span><\/div>\n<\/div>\n<div class=\"\" data-block=\"true\" data-editor=\"8rou7\" data-offset-key=\"6b3qc-0-0\"><\/div>\n<div class=\"\" data-block=\"true\" data-editor=\"8rou7\" data-offset-key=\"94k0m-0-0\">\n<div class=\"_1mf _1mj\" data-offset-key=\"94k0m-0-0\"><\/div>\n<\/div>\n","protected":false},"excerpt":{"rendered":"<p>Prezados Alunos e Alunas concluintes inscritos no ENADE 2019 \u00a0 Foi deliberado em reuni\u00e3o de colegiado do curso uma comiss\u00e3o de professores para apoiar os alunos concluintes inscritos no ENADE 2019. Esta comiss\u00e3o \u00e9 formada pelos Prof. Aline, Prof. Patr\u00edcia, Prof. Leonardo. A comiss\u00e3o criou uma disciplina no AVA para colocar os materiais com provas [&hellip;]<\/p>\n","protected":false},"author":62,"featured_media":0,"comment_status":"closed","ping_status":"closed","sticky":false,"template":"","format":"standard","meta":{"footnotes":""},"categories":[1],"tags":[],"class_list":["post-1235","post","type-post","status-publish","format-standard","hentry","category-noticias"],"jetpack_featured_media_url":"","_links":{"self":[{"href":"https:\/\/wp.ufpel.edu.br\/producao\/wp-json\/wp\/v2\/posts\/1235","targetHints":{"allow":["GET"]}}],"collection":[{"href":"https:\/\/wp.ufpel.edu.br\/producao\/wp-json\/wp\/v2\/posts"}],"about":[{"href":"https:\/\/wp.ufpel.edu.br\/producao\/wp-json\/wp\/v2\/types\/post"}],"author":[{"embeddable":true,"href":"https:\/\/wp.ufpel.edu.br\/producao\/wp-json\/wp\/v2\/users\/62"}],"replies":[{"embeddable":true,"href":"https:\/\/wp.ufpel.edu.br\/producao\/wp-json\/wp\/v2\/comments?post=1235"}],"version-history":[{"count":2,"href":"https:\/\/wp.ufpel.edu.br\/producao\/wp-json\/wp\/v2\/posts\/1235\/revisions"}],"predecessor-version":[{"id":1238,"href":"https:\/\/wp.ufpel.edu.br\/producao\/wp-json\/wp\/v2\/posts\/1235\/revisions\/1238"}],"wp:attachment":[{"href":"https:\/\/wp.ufpel.edu.br\/producao\/wp-json\/wp\/v2\/media?parent=1235"}],"wp:term":[{"taxonomy":"category","embeddable":true,"href":"https:\/\/wp.ufpel.edu.br\/producao\/wp-json\/wp\/v2\/categories?post=1235"},{"taxonomy":"post_tag","embeddable":true,"href":"https:\/\/wp.ufpel.edu.br\/producao\/wp-json\/wp\/v2\/tags?post=1235"}],"curies":[{"name":"wp","href":"https:\/\/api.w.org\/{rel}","templated":true}]}}