{"id":404,"date":"2020-07-09T14:09:13","date_gmt":"2020-07-09T17:09:13","guid":{"rendered":"https:\/\/wp.ufpel.edu.br\/prodic\/?p=404"},"modified":"2020-07-09T14:09:13","modified_gmt":"2020-07-09T17:09:13","slug":"prevalencia-de-dioctophyme-renale-goeze-1782-em-caes-de-uma-ong-do-sul-do-rio-grande-do-sul-brasil","status":"publish","type":"post","link":"https:\/\/wp.ufpel.edu.br\/prodic\/2020\/07\/09\/prevalencia-de-dioctophyme-renale-goeze-1782-em-caes-de-uma-ong-do-sul-do-rio-grande-do-sul-brasil\/","title":{"rendered":"Preval\u00eancia de Dioctophyme renale (Goeze, 1782) em c\u00e3es de uma ONG do Sul do Rio Grande do Sul &#8211; Brasil"},"content":{"rendered":"<p>Voc\u00ea j\u00e1 parou para pensar qual \u00e9 a preval\u00eancia de dioctofimatose em Pelotas? E como ela pode ser alta em uma Organiza\u00e7\u00e3o N\u00e3o Governamental que re\u00fane centenas de animais oriundos de toda a regi\u00e3o de Pelotas?<\/p>\n<p><a href=\"https:\/\/wp.ufpel.edu.br\/prodic\/files\/2020\/07\/PREVAL\u00caNCIA-DE-Dioctophyme-renale-Goeze-1782-EM-C\u00c3ES-DE-UMA-ORGANIZA\u00c7\u00c3O-N\u00c3O-GOVERNAMENTAL-DO-SUL-DO-RIO-GRANDE-DO-SUL-\u2013-BRASIL-1.png\"><img loading=\"lazy\" decoding=\"async\" class=\"aligncenter size-full wp-image-406\" src=\"https:\/\/wp.ufpel.edu.br\/prodic\/files\/2020\/07\/PREVAL\u00caNCIA-DE-Dioctophyme-renale-Goeze-1782-EM-C\u00c3ES-DE-UMA-ORGANIZA\u00c7\u00c3O-N\u00c3O-GOVERNAMENTAL-DO-SUL-DO-RIO-GRANDE-DO-SUL-\u2013-BRASIL-1.png\" alt=\"\" width=\"2160\" height=\"2160\" srcset=\"https:\/\/wp.ufpel.edu.br\/prodic\/files\/2020\/07\/PREVAL\u00caNCIA-DE-Dioctophyme-renale-Goeze-1782-EM-C\u00c3ES-DE-UMA-ORGANIZA\u00c7\u00c3O-N\u00c3O-GOVERNAMENTAL-DO-SUL-DO-RIO-GRANDE-DO-SUL-\u2013-BRASIL-1.png 2160w, https:\/\/wp.ufpel.edu.br\/prodic\/files\/2020\/07\/PREVAL\u00caNCIA-DE-Dioctophyme-renale-Goeze-1782-EM-C\u00c3ES-DE-UMA-ORGANIZA\u00c7\u00c3O-N\u00c3O-GOVERNAMENTAL-DO-SUL-DO-RIO-GRANDE-DO-SUL-\u2013-BRASIL-1-318x318.png 318w, https:\/\/wp.ufpel.edu.br\/prodic\/files\/2020\/07\/PREVAL\u00caNCIA-DE-Dioctophyme-renale-Goeze-1782-EM-C\u00c3ES-DE-UMA-ORGANIZA\u00c7\u00c3O-N\u00c3O-GOVERNAMENTAL-DO-SUL-DO-RIO-GRANDE-DO-SUL-\u2013-BRASIL-1-159x159.png 159w, https:\/\/wp.ufpel.edu.br\/prodic\/files\/2020\/07\/PREVAL\u00caNCIA-DE-Dioctophyme-renale-Goeze-1782-EM-C\u00c3ES-DE-UMA-ORGANIZA\u00c7\u00c3O-N\u00c3O-GOVERNAMENTAL-DO-SUL-DO-RIO-GRANDE-DO-SUL-\u2013-BRASIL-1-768x768.png 768w, https:\/\/wp.ufpel.edu.br\/prodic\/files\/2020\/07\/PREVAL\u00caNCIA-DE-Dioctophyme-renale-Goeze-1782-EM-C\u00c3ES-DE-UMA-ORGANIZA\u00c7\u00c3O-N\u00c3O-GOVERNAMENTAL-DO-SUL-DO-RIO-GRANDE-DO-SUL-\u2013-BRASIL-1-1536x1536.png 1536w, https:\/\/wp.ufpel.edu.br\/prodic\/files\/2020\/07\/PREVAL\u00caNCIA-DE-Dioctophyme-renale-Goeze-1782-EM-C\u00c3ES-DE-UMA-ORGANIZA\u00c7\u00c3O-N\u00c3O-GOVERNAMENTAL-DO-SUL-DO-RIO-GRANDE-DO-SUL-\u2013-BRASIL-1-2048x2048.png 2048w\" sizes=\"auto, (max-width: 2160px) 100vw, 2160px\" \/><\/a><\/p>\n<p>O PRODIC, em parceria com o LADIC &#8211; UFPEL, realizou uma investiga\u00e7\u00e3o ultrassonogr\u00e1fica em animais oriundos de uma ONG da regi\u00e3o pelotense.<\/p>\n<div class=\"text_exposed_show\">\n<p>63 c\u00e3es adultos foram examinados com ultrassonografia abdominal, urin\u00e1lise e exames sangu\u00edneos.<\/p>\n<p>Foram encontrados SETE animais parasitados por <em>D. renale<\/em>, o que corresponde a 11,11% de todos os animais analisados. Seis animais tinha a parasitose renal, enquanto um deles tinha um verme livre na cavidade abdominal. TODOS animais com o rim direito afetado tinha hemat\u00faria (sangue na urina). Alguns apresentavam anemia, eosinofilia, leucocit\u00faria e s\u00f3 tr\u00eas tinham ovos na urina. NENHUM tinha altera\u00e7\u00f5es na bioqu\u00edmica renal, ou seja, ureia e creatinina estavam normais.Os animais foram tratados cirurgicamente, com \u00f3tima recupera\u00e7\u00e3o p\u00f3s-operat\u00f3ria.<\/p>\n<p><a href=\"https:\/\/wp.ufpel.edu.br\/prodic\/files\/2020\/07\/PREVAL\u00caNCIA-DE-Dioctophyme-renale-Goeze-1782-EM-C\u00c3ES-DE-UMA-ORGANIZA\u00c7\u00c3O-N\u00c3O-GOVERNAMENTAL-DO-SUL-DO-RIO-GRANDE-DO-SUL-\u2013-BRASIL-2.png\"><img loading=\"lazy\" decoding=\"async\" class=\"aligncenter size-full wp-image-407\" src=\"https:\/\/wp.ufpel.edu.br\/prodic\/files\/2020\/07\/PREVAL\u00caNCIA-DE-Dioctophyme-renale-Goeze-1782-EM-C\u00c3ES-DE-UMA-ORGANIZA\u00c7\u00c3O-N\u00c3O-GOVERNAMENTAL-DO-SUL-DO-RIO-GRANDE-DO-SUL-\u2013-BRASIL-2.png\" alt=\"\" width=\"2160\" height=\"2160\" srcset=\"https:\/\/wp.ufpel.edu.br\/prodic\/files\/2020\/07\/PREVAL\u00caNCIA-DE-Dioctophyme-renale-Goeze-1782-EM-C\u00c3ES-DE-UMA-ORGANIZA\u00c7\u00c3O-N\u00c3O-GOVERNAMENTAL-DO-SUL-DO-RIO-GRANDE-DO-SUL-\u2013-BRASIL-2.png 2160w, https:\/\/wp.ufpel.edu.br\/prodic\/files\/2020\/07\/PREVAL\u00caNCIA-DE-Dioctophyme-renale-Goeze-1782-EM-C\u00c3ES-DE-UMA-ORGANIZA\u00c7\u00c3O-N\u00c3O-GOVERNAMENTAL-DO-SUL-DO-RIO-GRANDE-DO-SUL-\u2013-BRASIL-2-318x318.png 318w, https:\/\/wp.ufpel.edu.br\/prodic\/files\/2020\/07\/PREVAL\u00caNCIA-DE-Dioctophyme-renale-Goeze-1782-EM-C\u00c3ES-DE-UMA-ORGANIZA\u00c7\u00c3O-N\u00c3O-GOVERNAMENTAL-DO-SUL-DO-RIO-GRANDE-DO-SUL-\u2013-BRASIL-2-159x159.png 159w, https:\/\/wp.ufpel.edu.br\/prodic\/files\/2020\/07\/PREVAL\u00caNCIA-DE-Dioctophyme-renale-Goeze-1782-EM-C\u00c3ES-DE-UMA-ORGANIZA\u00c7\u00c3O-N\u00c3O-GOVERNAMENTAL-DO-SUL-DO-RIO-GRANDE-DO-SUL-\u2013-BRASIL-2-768x768.png 768w, https:\/\/wp.ufpel.edu.br\/prodic\/files\/2020\/07\/PREVAL\u00caNCIA-DE-Dioctophyme-renale-Goeze-1782-EM-C\u00c3ES-DE-UMA-ORGANIZA\u00c7\u00c3O-N\u00c3O-GOVERNAMENTAL-DO-SUL-DO-RIO-GRANDE-DO-SUL-\u2013-BRASIL-2-1536x1536.png 1536w, https:\/\/wp.ufpel.edu.br\/prodic\/files\/2020\/07\/PREVAL\u00caNCIA-DE-Dioctophyme-renale-Goeze-1782-EM-C\u00c3ES-DE-UMA-ORGANIZA\u00c7\u00c3O-N\u00c3O-GOVERNAMENTAL-DO-SUL-DO-RIO-GRANDE-DO-SUL-\u2013-BRASIL-2-2048x2048.png 2048w\" sizes=\"auto, (max-width: 2160px) 100vw, 2160px\" \/><\/a><\/p>\n<p><span class=\"_5mfr\"><span class=\"_6qdm\">&#x26a0;&#xfe0f;<\/span><\/span>\u00a0Nem todos animais com vermes renais apresentaram ovos na urina;<\/p>\n<p><span class=\"_5mfr\"><span class=\"_6qdm\">&#x274e;<\/span><\/span>Nenhum animal teve indicativos de insufici\u00eancia renal<\/p>\n<p><span class=\"_5mfr\"><span class=\"_6qdm\">&#x26a0;&#xfe0f;<\/span><\/span>A ultrassonografia abdominal foi eficaz no diagn\u00f3stico de parasitos renais e livres em cavidade abdominal<\/p>\n<p><span class=\"_5mfr\"><span class=\"_6qdm\">&#x2757;&#xfe0f;<\/span><\/span>\u00a0Os animais estudados eram oriundos de regi\u00f5es end\u00eamicas para <em>D. renale,<\/em> n\u00e3o domiciliados e com alimenta\u00e7\u00e3o n\u00e3o seletiva, o que favorece a sua contamina\u00e7\u00e3o.<\/p>\n<p>Para leitura completa deste artigo acesse:\u00a0<a href=\"https:\/\/revistas.ufpr.br\/veterinary\/article\/view\/67468?fbclid=IwAR3lgXRNVOCAmNgnXRGzaC-75aTrhAKIMxHcXDf_RNX2KmLv8a4WmHAkKbk\" target=\"_blank\" rel=\"noopener nofollow noreferrer\" data-ft=\"{&quot;tn&quot;:&quot;-U&quot;}\" data-lynx-mode=\"async\" data-lynx-uri=\"https:\/\/l.facebook.com\/l.php?u=https%3A%2F%2Frevistas.ufpr.br%2Fveterinary%2Farticle%2Fview%2F67468%3Ffbclid%3DIwAR3lgXRNVOCAmNgnXRGzaC-75aTrhAKIMxHcXDf_RNX2KmLv8a4WmHAkKbk&amp;h=AT0wgDKoFlHej3Pz7V6TgtwGUScHNXRNJDOdCcQfH2kode7ncyRHzmBhwu4_96PikiC1iuv_VGJ_0V1sx845zJxTEXyY94INwUQIVvIdUwIGRK1OWqAtmSn1Xq--zmG13cschdx2AnHGIBpzJZ1Tni5K1c9Q_QmMM3bJODWOWxnicICRpIwgTpTj_hTKEE5S2V3gDebhDR1DKuH1ncw0Gu2uHrxv9cDaXu0b11wovqqHftgmpK9nMOoaOTtge_9jqsX7ssOcItgpx1PrZdSR2UQYUhLMGNgxhH9JTqCVBojjQIb2Meq0E_U7YLOJKrUPnZpJ_pRxOvJ1p6Skl11C-us6dR1gS0jAG2r3v1_7lhA_xR660R5T0L0SydgKDnG4UTfslc-HbqQFmiYi3eADjdxQSPeVEJ0t_tgPHU0S2CVuDD3gOSV-JTMfoLbgGByJW5a-qPJiOfh9fuVHFCjzWsegzfkrpWhnzJzMt9mBABFpSjNmiVyb7VVefsYJNsM1oVGjqE2VfTtslbFdGiOmoAOyHkW9nwjKq_h9QwPyAt5p_2ySWA1yOcXRd_jh8XuUrFJjI-js43KIrs48laFZYh-huZBAVMvhJYXCW5_cC5X--wIMNu2MIvsW9Mjm3T1LMvwkI0Knajrmu1FOPouLGqp-\">https:\/\/revistas.ufpr.br\/veterinary\/article\/view\/67468<\/a><\/p>\n<p>Autoria:\u00a0<a class=\"profileLink\" title=\"P\u00e2mela Caye\" href=\"https:\/\/www.facebook.com\/pamela.caye?__tn__=K-R&amp;eid=ARDduY15eIikXPOw84NxicyOqVjNHwJdJSJ4Jb75lGFkI3sONX8GEqbuNiW3ftQePcemNE6St0vhbREV&amp;fref=mentions&amp;__xts__%5B0%5D=68.ARDZNME_nyFurCZbnGmhlqTUfUHXgGGx0-BTeiJgOzlDBmISwFwamJ4UbxCCxSHA1gELb7LXgcdHihOa7MCgdN7sN2dhevGY_RKTrAFzrO8-LUzEg1C67vzpxxoJ0AwgLsqYBmVkeDLNtGaKUVqNODAuUy53mcaq9odsa3gBxQfmHIWXlIxNRYO8UN38pWi7QfSoYxPMBCSgqCQXvi2HY4Cjj3KOu2JTudKKnY3-NkoePaUpS_eq3UUz951kDVfxw5YvbC-NJcUXNH0WA-dHVXq8N8bt3C9bHM3Z30sgkNOIm8f_T__VDgMUN9NHDDxuFBNtVhTi1TSq0bX0gzQuOc185Esf\" data-hovercard=\"\/ajax\/hovercard\/user.php?id=100003379419068&amp;extragetparams=%7B%22__tn__%22%3A%22%2CdK-R-R%22%2C%22eid%22%3A%22ARDduY15eIikXPOw84NxicyOqVjNHwJdJSJ4Jb75lGFkI3sONX8GEqbuNiW3ftQePcemNE6St0vhbREV%22%2C%22fref%22%3A%22mentions%22%7D\" data-hovercard-prefer-more-content-show=\"1\">P\u00e2mela Caye<\/a><\/p>\n<\/div>\n","protected":false},"excerpt":{"rendered":"<p>Voc\u00ea j\u00e1 parou para pensar qual \u00e9 a preval\u00eancia de dioctofimatose em Pelotas? E como ela pode ser alta em uma Organiza\u00e7\u00e3o N\u00e3o Governamental que re\u00fane centenas de animais oriundos de toda a regi\u00e3o de Pelotas? O PRODIC, em parceria com o LADIC &#8211; UFPEL, realizou uma investiga\u00e7\u00e3o ultrassonogr\u00e1fica em animais oriundos de uma ONG &hellip; <\/p>\n<p><a class=\"more-link btn\" href=\"https:\/\/wp.ufpel.edu.br\/prodic\/2020\/07\/09\/prevalencia-de-dioctophyme-renale-goeze-1782-em-caes-de-uma-ong-do-sul-do-rio-grande-do-sul-brasil\/\">Continue lendo<\/a><\/p>\n","protected":false},"author":549,"featured_media":0,"comment_status":"closed","ping_status":"closed","sticky":false,"template":"","format":"standard","meta":{"footnotes":""},"categories":[5],"tags":[],"class_list":["post-404","post","type-post","status-publish","format-standard","hentry","category-relatos-de-casos","item-wrap"],"jetpack_featured_media_url":"","_links":{"self":[{"href":"https:\/\/wp.ufpel.edu.br\/prodic\/wp-json\/wp\/v2\/posts\/404","targetHints":{"allow":["GET"]}}],"collection":[{"href":"https:\/\/wp.ufpel.edu.br\/prodic\/wp-json\/wp\/v2\/posts"}],"about":[{"href":"https:\/\/wp.ufpel.edu.br\/prodic\/wp-json\/wp\/v2\/types\/post"}],"author":[{"embeddable":true,"href":"https:\/\/wp.ufpel.edu.br\/prodic\/wp-json\/wp\/v2\/users\/549"}],"replies":[{"embeddable":true,"href":"https:\/\/wp.ufpel.edu.br\/prodic\/wp-json\/wp\/v2\/comments?post=404"}],"version-history":[{"count":3,"href":"https:\/\/wp.ufpel.edu.br\/prodic\/wp-json\/wp\/v2\/posts\/404\/revisions"}],"predecessor-version":[{"id":409,"href":"https:\/\/wp.ufpel.edu.br\/prodic\/wp-json\/wp\/v2\/posts\/404\/revisions\/409"}],"wp:attachment":[{"href":"https:\/\/wp.ufpel.edu.br\/prodic\/wp-json\/wp\/v2\/media?parent=404"}],"wp:term":[{"taxonomy":"category","embeddable":true,"href":"https:\/\/wp.ufpel.edu.br\/prodic\/wp-json\/wp\/v2\/categories?post=404"},{"taxonomy":"post_tag","embeddable":true,"href":"https:\/\/wp.ufpel.edu.br\/prodic\/wp-json\/wp\/v2\/tags?post=404"}],"curies":[{"name":"wp","href":"https:\/\/api.w.org\/{rel}","templated":true}]}}