{"id":350,"date":"2020-06-02T18:16:19","date_gmt":"2020-06-02T21:16:19","guid":{"rendered":"https:\/\/wp.ufpel.edu.br\/prodic\/?p=350"},"modified":"2020-06-02T18:58:59","modified_gmt":"2020-06-02T21:58:59","slug":"350","status":"publish","type":"post","link":"https:\/\/wp.ufpel.edu.br\/prodic\/2020\/06\/02\/350\/","title":{"rendered":"Dioctofimatose bilateral em canino"},"content":{"rendered":"<p style=\"text-align: justify\">A prefer\u00eancia de <em>D. renale<\/em> pelo rim direito n\u00e3o \u00e9 uma regra, como no caso do artigo a seguir, onde foi poss\u00edvel observar ambos os rins parasitados.<\/p>\n<p style=\"text-align: justify\">Uma cadela, SRD, de dois anos de idade e semi-domiciliada foi atendida no ambulat\u00f3rio do Ceval do Hospital de Cl\u00ednicas Veterin\u00e1rias da UFPel, com suspeita de corpo estranho intestinal, j\u00e1 que o animal apresentava desconforto abdominal, fezes sanguinolentas e an\u00faria.<\/p>\n<p style=\"text-align: justify\"><span class=\"text_exposed_show\">O hemograma evidenciou leucocitose com desvio a esquerda e eleva\u00e7\u00e3o de ureia. No exame ultrassonogr\u00e1fico observou-se altera\u00e7\u00e3o em ambos os rins, que apresentavam dimens\u00f5es aumentadas e contorno irregular, assim como estruturas tubulares com paredes hiperecog\u00eanicas que sugeriam o parasitismo por <em>D. renale.<\/em> O rim esquerdo, ainda, apresentava perda de rela\u00e7\u00e3o c\u00f3rtico-medular, mas a pelve renal continuava preservada.<\/span><span class=\"text_exposed_show\">O animal foi \u00e0 \u00f3bito antes de ser encaminhado para nefrectomia e remo\u00e7\u00e3o dos parasitos.<\/span><\/p>\n<p style=\"text-align: justify\"><span class=\"text_exposed_show\">Na necropsia observou-se omento enegrecido e rins esbranqui\u00e7ados e amolecidos. Rim direito apresentava aus\u00eancia do par\u00eanquima, abundante presen\u00e7a de exsudato sanguinolento e quatro parasitos f\u00eameas. O rim esquerdo apresentava um parasito macho em sua pelve e ader\u00eancia e espessamento da capsula renal com hemorragia subcapsular. A bexiga possu\u00eda conte\u00fado pastoso e escuro.<\/span><\/p>\n<p style=\"text-align: justify\"><span class=\"text_exposed_show\">Foram encontrados dois parasitos machos livres, um na cavidade abdominal, pr\u00f3ximo ao rim direito, e o outro na cavidade tor\u00e1cica. No par\u00eanquima pulmonar havia dois n\u00f3dulos vermelho enegrecidos, e m\u00faltiplos n\u00f3dulos esbranqui\u00e7ados no diafragma.<\/span><\/p>\n<p style=\"text-align: justify\"><a href=\"https:\/\/wp.ufpel.edu.br\/prodic\/files\/2020\/06\/WhatsApp-Image-2020-05-28-at-14.53.30-1.jpeg\"><img loading=\"lazy\" decoding=\"async\" class=\"wp-image-351 size-medium alignleft\" src=\"https:\/\/wp.ufpel.edu.br\/prodic\/files\/2020\/06\/WhatsApp-Image-2020-05-28-at-14.53.30-1-318x318.jpeg\" alt=\"\" width=\"318\" height=\"318\" srcset=\"https:\/\/wp.ufpel.edu.br\/prodic\/files\/2020\/06\/WhatsApp-Image-2020-05-28-at-14.53.30-1-318x318.jpeg 318w, https:\/\/wp.ufpel.edu.br\/prodic\/files\/2020\/06\/WhatsApp-Image-2020-05-28-at-14.53.30-1-159x159.jpeg 159w, https:\/\/wp.ufpel.edu.br\/prodic\/files\/2020\/06\/WhatsApp-Image-2020-05-28-at-14.53.30-1-768x768.jpeg 768w, https:\/\/wp.ufpel.edu.br\/prodic\/files\/2020\/06\/WhatsApp-Image-2020-05-28-at-14.53.30-1.jpeg 1080w\" sizes=\"auto, (max-width: 318px) 100vw, 318px\" \/><\/a> <a href=\"https:\/\/wp.ufpel.edu.br\/prodic\/files\/2020\/06\/WhatsApp-Image-2020-05-28-at-14.53.35.jpeg\"><img loading=\"lazy\" decoding=\"async\" class=\"wp-image-353 size-medium alignright\" src=\"https:\/\/wp.ufpel.edu.br\/prodic\/files\/2020\/06\/WhatsApp-Image-2020-05-28-at-14.53.35-318x318.jpeg\" alt=\"\" width=\"318\" height=\"318\" srcset=\"https:\/\/wp.ufpel.edu.br\/prodic\/files\/2020\/06\/WhatsApp-Image-2020-05-28-at-14.53.35-318x318.jpeg 318w, https:\/\/wp.ufpel.edu.br\/prodic\/files\/2020\/06\/WhatsApp-Image-2020-05-28-at-14.53.35-159x159.jpeg 159w, https:\/\/wp.ufpel.edu.br\/prodic\/files\/2020\/06\/WhatsApp-Image-2020-05-28-at-14.53.35-768x768.jpeg 768w, https:\/\/wp.ufpel.edu.br\/prodic\/files\/2020\/06\/WhatsApp-Image-2020-05-28-at-14.53.35.jpeg 1080w\" sizes=\"auto, (max-width: 318px) 100vw, 318px\" \/><\/a><\/p>\n<p style=\"text-align: justify\"><a href=\"https:\/\/wp.ufpel.edu.br\/prodic\/files\/2020\/06\/WhatsApp-Image-2020-05-28-at-14.53.40.jpeg\"><img loading=\"lazy\" decoding=\"async\" class=\"aligncenter size-full wp-image-355\" src=\"https:\/\/wp.ufpel.edu.br\/prodic\/files\/2020\/06\/WhatsApp-Image-2020-05-28-at-14.53.40.jpeg\" alt=\"\" width=\"1080\" height=\"1080\" srcset=\"https:\/\/wp.ufpel.edu.br\/prodic\/files\/2020\/06\/WhatsApp-Image-2020-05-28-at-14.53.40.jpeg 1080w, https:\/\/wp.ufpel.edu.br\/prodic\/files\/2020\/06\/WhatsApp-Image-2020-05-28-at-14.53.40-318x318.jpeg 318w, https:\/\/wp.ufpel.edu.br\/prodic\/files\/2020\/06\/WhatsApp-Image-2020-05-28-at-14.53.40-159x159.jpeg 159w, https:\/\/wp.ufpel.edu.br\/prodic\/files\/2020\/06\/WhatsApp-Image-2020-05-28-at-14.53.40-768x768.jpeg 768w\" sizes=\"auto, (max-width: 1080px) 100vw, 1080px\" \/><\/a><\/p>\n<p style=\"text-align: justify\"><span class=\"text_exposed_show\">Na an\u00e1lise histopatol\u00f3gica, o rim direito contava com redu\u00e7\u00e3o do n\u00famero de glom\u00e9rulos e t\u00fabulos renais, nefrite caracterizada por infiltrado de c\u00e9lulas mononucleares, fibroplasia intensa e difusa e metaplasia \u00f3ssea multifocal em \u00e1reas da capsula renal. O rim esquerdo apresentava prolifera\u00e7\u00e3o de tecido conjuntivo fibroso na pelve renal. Ainda se observou peritonite piogranulomatosa. Ovos de <em>D. renale<\/em> foram encontrados em ambos os rins, luz e parede da bexiga e ureteres e, tamb\u00e9m, no par\u00eanquima pulmonar.<\/span><\/p>\n<p style=\"text-align: justify\"><span class=\"text_exposed_show\"><a href=\"https:\/\/wp.ufpel.edu.br\/prodic\/files\/2020\/06\/WhatsApp-Image-2020-05-28-at-14.53.40-1.jpeg\"><img loading=\"lazy\" decoding=\"async\" class=\"wp-image-354 size-medium alignleft\" src=\"https:\/\/wp.ufpel.edu.br\/prodic\/files\/2020\/06\/WhatsApp-Image-2020-05-28-at-14.53.40-1-318x318.jpeg\" alt=\"\" width=\"318\" height=\"318\" srcset=\"https:\/\/wp.ufpel.edu.br\/prodic\/files\/2020\/06\/WhatsApp-Image-2020-05-28-at-14.53.40-1-318x318.jpeg 318w, https:\/\/wp.ufpel.edu.br\/prodic\/files\/2020\/06\/WhatsApp-Image-2020-05-28-at-14.53.40-1-159x159.jpeg 159w, https:\/\/wp.ufpel.edu.br\/prodic\/files\/2020\/06\/WhatsApp-Image-2020-05-28-at-14.53.40-1-768x768.jpeg 768w, https:\/\/wp.ufpel.edu.br\/prodic\/files\/2020\/06\/WhatsApp-Image-2020-05-28-at-14.53.40-1.jpeg 1080w\" sizes=\"auto, (max-width: 318px) 100vw, 318px\" \/><\/a> <a href=\"https:\/\/wp.ufpel.edu.br\/prodic\/files\/2020\/06\/WhatsApp-Image-2020-05-28-at-14.53.41.jpeg\"><img loading=\"lazy\" decoding=\"async\" class=\"wp-image-356 size-medium alignright\" src=\"https:\/\/wp.ufpel.edu.br\/prodic\/files\/2020\/06\/WhatsApp-Image-2020-05-28-at-14.53.41-318x318.jpeg\" alt=\"\" width=\"318\" height=\"318\" srcset=\"https:\/\/wp.ufpel.edu.br\/prodic\/files\/2020\/06\/WhatsApp-Image-2020-05-28-at-14.53.41-318x318.jpeg 318w, https:\/\/wp.ufpel.edu.br\/prodic\/files\/2020\/06\/WhatsApp-Image-2020-05-28-at-14.53.41-159x159.jpeg 159w, https:\/\/wp.ufpel.edu.br\/prodic\/files\/2020\/06\/WhatsApp-Image-2020-05-28-at-14.53.41-768x768.jpeg 768w, https:\/\/wp.ufpel.edu.br\/prodic\/files\/2020\/06\/WhatsApp-Image-2020-05-28-at-14.53.41.jpeg 1080w\" sizes=\"auto, (max-width: 318px) 100vw, 318px\" \/><\/a><\/span><\/p>\n<p>&nbsp;<\/p>\n<p>&nbsp;<\/p>\n<p>&nbsp;<\/p>\n<p>&nbsp;<\/p>\n<p>&nbsp;<\/p>\n<p>&nbsp;<\/p>\n<p>&nbsp;<\/p>\n<p>&nbsp;<\/p>\n<p style=\"text-align: justify\"><span class=\"text_exposed_show\">Este trabalho demonstra como a dioctofimatose pode ser grave e que a regi\u00e3o sul do Rio Grande do Sul apresenta condi\u00e7\u00f5es favor\u00e1veis para a ocorr\u00eancia da parasitose.<\/span><\/p>\n<p style=\"text-align: justify\">As informa\u00e7\u00f5es e imagens foram removidas do seguinte trabalho:<\/p>\n<h4 style=\"text-align: center\"><strong>Dioctofimatose renal bilateral e disseminada em c\u00e3o<\/strong><\/h4>\n<h6 style=\"text-align: center\"><strong>Carolina F. Sapin, Luisa C. Silva-Mariano, Luisa Grecco-Corr\u00eaa, Josaine<\/strong><br \/>\n<strong>C.S. Rappeti, Luana H. Durante, Soliane C. Perera, Marlete B. Cleff<\/strong><br \/>\n<strong>e Fabiane B. Grecco<\/strong><\/h6>\n<h6 style=\"text-align: center\">Pesq. Vet. Bras. 37(12):1499-1504, dezembro 2017<br \/>\nDOI: 10.1590\/S0100-736X2017001200022<\/h6>\n<h6 style=\"text-align: center\">Para acessar este trabalho: <a href=\"https:\/\/www.scielo.br\/scielo.php?script=sci_arttext&amp;pid=S0100-736X2017001201499&amp;fbclid=IwAR3ckH4sxx0HH4AlD2CiW0IxKma94sSYae8d9DMET-djbDQD7mPvUO64t3E\" target=\"_blank\" rel=\"noopener nofollow noreferrer\" data-ft=\"{&quot;tn&quot;:&quot;-U&quot;}\" data-lynx-mode=\"async\" data-lynx-uri=\"https:\/\/l.facebook.com\/l.php?u=https%3A%2F%2Fwww.scielo.br%2Fscielo.php%3Fscript%3Dsci_arttext%26pid%3DS0100-736X2017001201499%26fbclid%3DIwAR3ckH4sxx0HH4AlD2CiW0IxKma94sSYae8d9DMET-djbDQD7mPvUO64t3E&amp;h=AT0G7QVYLJ5tcggED6yd39DuvwqshsHU1JdfwkPTL0sb3GdXSV7zrgartWIKkdwcEGbPUeuKgmO8Wphkl-nWRnkBgujdsBUy_-x7VWmfz53zXTYVPMKuRR8PuYgWgdAQhHsFbdvZZhFxJcFG_By70nvGHihPMvlG6I3MA8sSWCLrVh9cj2s7-ptqeaPbwSLezuf6YNO7HFOEt0SbtX88j8EDCpbUTmjuf4Va-BuEF81QwZL_BDyEZ6QPvgyd3Vu_pmAXmOwtJpHBo5qbMOklDk6VsYl5RHJeq3wSHBgTQeM5SgId1yQCrUVvjdeW0GFaliX4MtZr-NFkt8tyALIsLDif-PZTgthXZngOsoj_UDei-M8mC_K6VNRl4g2HgkDhvoWxBy6cIrCqK62kX0M3BWytRwWq5_EVsy9z07IhP9xx17pYPOT4HSX2pHJHvDONu8z_oiPoBRR3I5zgndM5eOB4N_UospMvA15WVtD_cCDpoVkiM-NHXyA5PZjBWwtDb4nn9QBMALjH0X58qHtx-O5O0eha4L_kR3mWG-Tz5Vxg7LEWCrZTnZdE427CXfQOjPpvJnPwGbPcVwM9jOCPglPWBefhrcqFJJUCVVAcebXrtOxAEhp6nrxtrmdrd1sAvVcjxf2wQHd8XsRqJ2TW0Qii\">https:\/\/www.scielo.br\/scielo.php\u2026<\/a><\/h6>\n<p>&nbsp;<\/p>\n<p style=\"text-align: left\">Autores do resumo: Eduardo Gon\u00e7alves e Michaela Rocha.<\/p>\n<p>&nbsp;<\/p>\n","protected":false},"excerpt":{"rendered":"<p>A prefer\u00eancia de D. renale pelo rim direito n\u00e3o \u00e9 uma regra, como no caso do artigo a seguir, onde foi poss\u00edvel observar ambos os rins parasitados. Uma cadela, SRD, de dois anos de idade e semi-domiciliada foi atendida no ambulat\u00f3rio do Ceval do Hospital de Cl\u00ednicas Veterin\u00e1rias da UFPel, com suspeita de corpo estranho &hellip; <\/p>\n<p><a class=\"more-link btn\" href=\"https:\/\/wp.ufpel.edu.br\/prodic\/2020\/06\/02\/350\/\">Continue lendo<\/a><\/p>\n","protected":false},"author":549,"featured_media":352,"comment_status":"closed","ping_status":"closed","sticky":false,"template":"","format":"standard","meta":{"footnotes":""},"categories":[5],"tags":[],"class_list":["post-350","post","type-post","status-publish","format-standard","has-post-thumbnail","hentry","category-relatos-de-casos","item-wrap"],"jetpack_featured_media_url":"https:\/\/wp.ufpel.edu.br\/prodic\/files\/2020\/06\/WhatsApp-Image-2020-05-28-at-14.53.30.jpeg","_links":{"self":[{"href":"https:\/\/wp.ufpel.edu.br\/prodic\/wp-json\/wp\/v2\/posts\/350","targetHints":{"allow":["GET"]}}],"collection":[{"href":"https:\/\/wp.ufpel.edu.br\/prodic\/wp-json\/wp\/v2\/posts"}],"about":[{"href":"https:\/\/wp.ufpel.edu.br\/prodic\/wp-json\/wp\/v2\/types\/post"}],"author":[{"embeddable":true,"href":"https:\/\/wp.ufpel.edu.br\/prodic\/wp-json\/wp\/v2\/users\/549"}],"replies":[{"embeddable":true,"href":"https:\/\/wp.ufpel.edu.br\/prodic\/wp-json\/wp\/v2\/comments?post=350"}],"version-history":[{"count":16,"href":"https:\/\/wp.ufpel.edu.br\/prodic\/wp-json\/wp\/v2\/posts\/350\/revisions"}],"predecessor-version":[{"id":377,"href":"https:\/\/wp.ufpel.edu.br\/prodic\/wp-json\/wp\/v2\/posts\/350\/revisions\/377"}],"wp:featuredmedia":[{"embeddable":true,"href":"https:\/\/wp.ufpel.edu.br\/prodic\/wp-json\/wp\/v2\/media\/352"}],"wp:attachment":[{"href":"https:\/\/wp.ufpel.edu.br\/prodic\/wp-json\/wp\/v2\/media?parent=350"}],"wp:term":[{"taxonomy":"category","embeddable":true,"href":"https:\/\/wp.ufpel.edu.br\/prodic\/wp-json\/wp\/v2\/categories?post=350"},{"taxonomy":"post_tag","embeddable":true,"href":"https:\/\/wp.ufpel.edu.br\/prodic\/wp-json\/wp\/v2\/tags?post=350"}],"curies":[{"name":"wp","href":"https:\/\/api.w.org\/{rel}","templated":true}]}}