{"id":261,"date":"2019-05-08T01:06:20","date_gmt":"2019-05-08T04:06:20","guid":{"rendered":"https:\/\/wp.ufpel.edu.br\/prodic\/?p=261"},"modified":"2019-05-08T01:06:20","modified_gmt":"2019-05-08T04:06:20","slug":"prodic-em-atividade","status":"publish","type":"post","link":"https:\/\/wp.ufpel.edu.br\/prodic\/2019\/05\/08\/prodic-em-atividade\/","title":{"rendered":"PRODIC EM ATIVIDADE!"},"content":{"rendered":"<p>No dia 03 de maio do presente ano, o grupo participou de uma atividade de extens\u00e3o para a comunidade, a qual\u00a0foi apresentado para as crian\u00e7as do Centro de Refer\u00eancia em Assist\u00eancia Social de<br \/>\nPelotas (CRAS &#8211; Pelotas) meios para o controle da dioctofimatose. Contando com<br \/>\napresenta\u00e7\u00f5es l\u00fadicas da verminose, assim como uma conversa com as crian\u00e7as a respeito da<br \/>\nPosse Respons\u00e1vel de animais, refor\u00e7ando a ideia de respeito aos animais e combate aos maus<br \/>\ntratos.<br \/>\nO CRAS \u2013 Pelotas desenvolve atividades recreativas e interativas para a comunidade,<br \/>\nservindo para integrar e dar suporte a fam\u00edlias, com assist\u00eancia social e psicol\u00f3gica \u00e0<br \/>\ndisposi\u00e7\u00e3o. A atividade do dia\u00a0teve como objetivo, ent\u00e3o, conscientizar e informar sobre<br \/>\nformas corretas de como tratar os animais, dando no\u00e7\u00f5es do que \u00e9 a posse respons\u00e1vel e<br \/>\ncomo aplic\u00e1-la, contribuindo tamb\u00e9m para a situa\u00e7\u00e3o dos animais em rela\u00e7\u00e3o \u00e0 qualidade de<br \/>\nvida.<br \/>\n<a href=\"https:\/\/wp.ufpel.edu.br\/prodic\/files\/2019\/05\/WhatsApp-Image-2019-05-08-at-00.40.18.jpeg\"><img loading=\"lazy\" decoding=\"async\" class=\"aligncenter size-full wp-image-263\" src=\"https:\/\/wp.ufpel.edu.br\/prodic\/files\/2019\/05\/WhatsApp-Image-2019-05-08-at-00.40.18.jpeg\" alt=\"\" width=\"1158\" height=\"869\" srcset=\"https:\/\/wp.ufpel.edu.br\/prodic\/files\/2019\/05\/WhatsApp-Image-2019-05-08-at-00.40.18.jpeg 1158w, https:\/\/wp.ufpel.edu.br\/prodic\/files\/2019\/05\/WhatsApp-Image-2019-05-08-at-00.40.18-212x159.jpeg 212w, https:\/\/wp.ufpel.edu.br\/prodic\/files\/2019\/05\/WhatsApp-Image-2019-05-08-at-00.40.18-424x318.jpeg 424w, https:\/\/wp.ufpel.edu.br\/prodic\/files\/2019\/05\/WhatsApp-Image-2019-05-08-at-00.40.18-768x576.jpeg 768w\" sizes=\"auto, (max-width: 1158px) 100vw, 1158px\" \/><\/a> <a href=\"https:\/\/wp.ufpel.edu.br\/prodic\/files\/2019\/05\/WhatsApp-Image-2019-05-08-at-00.40.20.jpeg\"><img loading=\"lazy\" decoding=\"async\" class=\"aligncenter size-full wp-image-264\" src=\"https:\/\/wp.ufpel.edu.br\/prodic\/files\/2019\/05\/WhatsApp-Image-2019-05-08-at-00.40.20.jpeg\" alt=\"\" width=\"1158\" height=\"869\" srcset=\"https:\/\/wp.ufpel.edu.br\/prodic\/files\/2019\/05\/WhatsApp-Image-2019-05-08-at-00.40.20.jpeg 1158w, https:\/\/wp.ufpel.edu.br\/prodic\/files\/2019\/05\/WhatsApp-Image-2019-05-08-at-00.40.20-212x159.jpeg 212w, https:\/\/wp.ufpel.edu.br\/prodic\/files\/2019\/05\/WhatsApp-Image-2019-05-08-at-00.40.20-424x318.jpeg 424w, https:\/\/wp.ufpel.edu.br\/prodic\/files\/2019\/05\/WhatsApp-Image-2019-05-08-at-00.40.20-768x576.jpeg 768w\" sizes=\"auto, (max-width: 1158px) 100vw, 1158px\" \/><\/a> <a href=\"https:\/\/wp.ufpel.edu.br\/prodic\/files\/2019\/05\/WhatsApp-Image-2019-05-08-at-00.40.22.jpeg\"><img loading=\"lazy\" decoding=\"async\" class=\"aligncenter size-full wp-image-265\" src=\"https:\/\/wp.ufpel.edu.br\/prodic\/files\/2019\/05\/WhatsApp-Image-2019-05-08-at-00.40.22.jpeg\" alt=\"\" width=\"1280\" height=\"959\" srcset=\"https:\/\/wp.ufpel.edu.br\/prodic\/files\/2019\/05\/WhatsApp-Image-2019-05-08-at-00.40.22.jpeg 1280w, https:\/\/wp.ufpel.edu.br\/prodic\/files\/2019\/05\/WhatsApp-Image-2019-05-08-at-00.40.22-212x159.jpeg 212w, https:\/\/wp.ufpel.edu.br\/prodic\/files\/2019\/05\/WhatsApp-Image-2019-05-08-at-00.40.22-424x318.jpeg 424w, https:\/\/wp.ufpel.edu.br\/prodic\/files\/2019\/05\/WhatsApp-Image-2019-05-08-at-00.40.22-768x575.jpeg 768w\" sizes=\"auto, (max-width: 1280px) 100vw, 1280px\" \/><\/a> <a href=\"https:\/\/wp.ufpel.edu.br\/prodic\/files\/2019\/05\/WhatsApp-Image-2019-05-08-at-00.40.24.jpeg\"><img loading=\"lazy\" decoding=\"async\" class=\"aligncenter size-full wp-image-266\" src=\"https:\/\/wp.ufpel.edu.br\/prodic\/files\/2019\/05\/WhatsApp-Image-2019-05-08-at-00.40.24.jpeg\" alt=\"\" width=\"869\" height=\"1158\" srcset=\"https:\/\/wp.ufpel.edu.br\/prodic\/files\/2019\/05\/WhatsApp-Image-2019-05-08-at-00.40.24.jpeg 869w, https:\/\/wp.ufpel.edu.br\/prodic\/files\/2019\/05\/WhatsApp-Image-2019-05-08-at-00.40.24-119x159.jpeg 119w, https:\/\/wp.ufpel.edu.br\/prodic\/files\/2019\/05\/WhatsApp-Image-2019-05-08-at-00.40.24-239x318.jpeg 239w, https:\/\/wp.ufpel.edu.br\/prodic\/files\/2019\/05\/WhatsApp-Image-2019-05-08-at-00.40.24-768x1023.jpeg 768w\" sizes=\"auto, (max-width: 869px) 100vw, 869px\" \/><\/a> <a href=\"https:\/\/wp.ufpel.edu.br\/prodic\/files\/2019\/05\/WhatsApp-Image-2019-05-08-at-00.40.27.jpeg\"><img loading=\"lazy\" decoding=\"async\" class=\"aligncenter size-full wp-image-267\" src=\"https:\/\/wp.ufpel.edu.br\/prodic\/files\/2019\/05\/WhatsApp-Image-2019-05-08-at-00.40.27.jpeg\" alt=\"\" width=\"1110\" height=\"1280\" srcset=\"https:\/\/wp.ufpel.edu.br\/prodic\/files\/2019\/05\/WhatsApp-Image-2019-05-08-at-00.40.27.jpeg 1110w, https:\/\/wp.ufpel.edu.br\/prodic\/files\/2019\/05\/WhatsApp-Image-2019-05-08-at-00.40.27-138x159.jpeg 138w, https:\/\/wp.ufpel.edu.br\/prodic\/files\/2019\/05\/WhatsApp-Image-2019-05-08-at-00.40.27-276x318.jpeg 276w, https:\/\/wp.ufpel.edu.br\/prodic\/files\/2019\/05\/WhatsApp-Image-2019-05-08-at-00.40.27-768x886.jpeg 768w\" sizes=\"auto, (max-width: 1110px) 100vw, 1110px\" \/><\/a> <a href=\"https:\/\/wp.ufpel.edu.br\/prodic\/files\/2019\/05\/WhatsApp-Image-2019-05-08-at-00.40.46-1.jpeg\"><img loading=\"lazy\" decoding=\"async\" class=\"aligncenter size-full wp-image-268\" src=\"https:\/\/wp.ufpel.edu.br\/prodic\/files\/2019\/05\/WhatsApp-Image-2019-05-08-at-00.40.46-1.jpeg\" alt=\"\" width=\"869\" height=\"1158\" srcset=\"https:\/\/wp.ufpel.edu.br\/prodic\/files\/2019\/05\/WhatsApp-Image-2019-05-08-at-00.40.46-1.jpeg 869w, https:\/\/wp.ufpel.edu.br\/prodic\/files\/2019\/05\/WhatsApp-Image-2019-05-08-at-00.40.46-1-119x159.jpeg 119w, https:\/\/wp.ufpel.edu.br\/prodic\/files\/2019\/05\/WhatsApp-Image-2019-05-08-at-00.40.46-1-239x318.jpeg 239w, https:\/\/wp.ufpel.edu.br\/prodic\/files\/2019\/05\/WhatsApp-Image-2019-05-08-at-00.40.46-1-768x1023.jpeg 768w\" sizes=\"auto, (max-width: 869px) 100vw, 869px\" \/><\/a> <a href=\"https:\/\/wp.ufpel.edu.br\/prodic\/files\/2019\/05\/WhatsApp-Image-2019-05-08-at-00.40.44.jpeg\"><img loading=\"lazy\" decoding=\"async\" class=\"aligncenter size-full wp-image-269\" src=\"https:\/\/wp.ufpel.edu.br\/prodic\/files\/2019\/05\/WhatsApp-Image-2019-05-08-at-00.40.44.jpeg\" alt=\"\" width=\"1158\" height=\"869\" srcset=\"https:\/\/wp.ufpel.edu.br\/prodic\/files\/2019\/05\/WhatsApp-Image-2019-05-08-at-00.40.44.jpeg 1158w, https:\/\/wp.ufpel.edu.br\/prodic\/files\/2019\/05\/WhatsApp-Image-2019-05-08-at-00.40.44-212x159.jpeg 212w, https:\/\/wp.ufpel.edu.br\/prodic\/files\/2019\/05\/WhatsApp-Image-2019-05-08-at-00.40.44-424x318.jpeg 424w, https:\/\/wp.ufpel.edu.br\/prodic\/files\/2019\/05\/WhatsApp-Image-2019-05-08-at-00.40.44-768x576.jpeg 768w\" sizes=\"auto, (max-width: 1158px) 100vw, 1158px\" \/><\/a>A explica\u00e7\u00e3o do ciclo de infec\u00e7\u00e3o do Verme Gigante do Rim decorreu em forma de<br \/>\nteatro interativo, sendo demonstradas as apresenta\u00e7\u00f5es cl\u00ednicas, formas de infec\u00e7\u00e3o e de<br \/>\ntratamento. Com tudo isso, o PRODIC se sente realizado por poder passar a comunidade os<br \/>\nconhecimentos adquiridos com o grupo, para assim melhorar a situa\u00e7\u00e3o end\u00eamica encontrada<br \/>\nna regi\u00e3o.<\/p>\n","protected":false},"excerpt":{"rendered":"<p>No dia 03 de maio do presente ano, o grupo participou de uma atividade de extens\u00e3o para a comunidade, a qual\u00a0foi apresentado para as crian\u00e7as do Centro de Refer\u00eancia em Assist\u00eancia Social de Pelotas (CRAS &#8211; Pelotas) meios para o controle da dioctofimatose. Contando com apresenta\u00e7\u00f5es l\u00fadicas da verminose, assim como uma conversa com as &hellip; <\/p>\n<p><a class=\"more-link btn\" href=\"https:\/\/wp.ufpel.edu.br\/prodic\/2019\/05\/08\/prodic-em-atividade\/\">Continue lendo<\/a><\/p>\n","protected":false},"author":549,"featured_media":0,"comment_status":"closed","ping_status":"closed","sticky":false,"template":"","format":"standard","meta":{"footnotes":""},"categories":[1],"tags":[],"class_list":["post-261","post","type-post","status-publish","format-standard","hentry","category-noticias","item-wrap"],"jetpack_featured_media_url":"","_links":{"self":[{"href":"https:\/\/wp.ufpel.edu.br\/prodic\/wp-json\/wp\/v2\/posts\/261","targetHints":{"allow":["GET"]}}],"collection":[{"href":"https:\/\/wp.ufpel.edu.br\/prodic\/wp-json\/wp\/v2\/posts"}],"about":[{"href":"https:\/\/wp.ufpel.edu.br\/prodic\/wp-json\/wp\/v2\/types\/post"}],"author":[{"embeddable":true,"href":"https:\/\/wp.ufpel.edu.br\/prodic\/wp-json\/wp\/v2\/users\/549"}],"replies":[{"embeddable":true,"href":"https:\/\/wp.ufpel.edu.br\/prodic\/wp-json\/wp\/v2\/comments?post=261"}],"version-history":[{"count":1,"href":"https:\/\/wp.ufpel.edu.br\/prodic\/wp-json\/wp\/v2\/posts\/261\/revisions"}],"predecessor-version":[{"id":270,"href":"https:\/\/wp.ufpel.edu.br\/prodic\/wp-json\/wp\/v2\/posts\/261\/revisions\/270"}],"wp:attachment":[{"href":"https:\/\/wp.ufpel.edu.br\/prodic\/wp-json\/wp\/v2\/media?parent=261"}],"wp:term":[{"taxonomy":"category","embeddable":true,"href":"https:\/\/wp.ufpel.edu.br\/prodic\/wp-json\/wp\/v2\/categories?post=261"},{"taxonomy":"post_tag","embeddable":true,"href":"https:\/\/wp.ufpel.edu.br\/prodic\/wp-json\/wp\/v2\/tags?post=261"}],"curies":[{"name":"wp","href":"https:\/\/api.w.org\/{rel}","templated":true}]}}