{"id":24,"date":"2016-11-19T11:41:41","date_gmt":"2016-11-19T13:41:41","guid":{"rendered":"https:\/\/wp.ufpel.edu.br\/prodic\/?p=24"},"modified":"2016-11-19T11:41:41","modified_gmt":"2016-11-19T13:41:41","slug":"prodic-realiza-convenios-com-a-secretaria-da-educacao-e-da-saude-da-prefeitura-de-pelotas","status":"publish","type":"post","link":"https:\/\/wp.ufpel.edu.br\/prodic\/2016\/11\/19\/prodic-realiza-convenios-com-a-secretaria-da-educacao-e-da-saude-da-prefeitura-de-pelotas\/","title":{"rendered":"PRODic REALIZA CONV\u00caNIOS COM A SECRETARIA DA EDUCA\u00c7\u00c3O E DA SA\u00daDE DA PREFEITURA DE PELOTAS"},"content":{"rendered":"<p>Em 2016 o Projeto <em>Dioctophyme Renale<\/em> em C\u00e3es e Gatos, PRODic, realizou conv\u00eanios com a Prefeitura de Pelotas. A equipe, em parceria com a Secretaria Municipal de Educa\u00e7\u00e3o e Desporto e a Secretaria Municipal de Sa\u00fade, ir\u00e1 realizar palestras em escolas e tamb\u00e9m nas Unidades B\u00e1sicas de Sa\u00fade (UBS) informando a comunidade da import\u00e2ncia da preven\u00e7\u00e3o e detec\u00e7\u00e3o precoce da \u201cdoen\u00e7a do verme gigante\u201d, como \u00e9 conhecida a Dioctofimatose. Esta doen\u00e7a afeta principalmente os rins mas tamb\u00e9m outros \u00f3rg\u00e3os dos animais de companhia e tamb\u00e9m \u00e9 considerada uma zoonose pois pode afetar o ser humano.<\/p>\n<p>Segundo a coordenadora do projeto, Profa. Josaine Rappeti, \u00e9 atrav\u00e9s destas parcerias que toda a comunidade pode ser esclarecida sobre esta importante doen\u00e7a.<\/p>\n<p>&#8220;S\u00f3 atrav\u00e9s da conscientiza\u00e7\u00e3o e parceria dos \u00f3rg\u00e3os p\u00fablicos \u00e9 que podemos atingir desde crian\u00e7as at\u00e9 pessoas mais velhas&#8221;, diz a coordenadora.<\/p>\n<p>\u00c9 importante lembrar que os c\u00e3es e gatos n\u00e3o passam a doen\u00e7a para o ser humano diretamente. Isto \u00e9 feito atrav\u00e9s da ingest\u00e3o de carne de peixe mal cozida ou crua e de \u00e1gua contaminada.<\/p>\n","protected":false},"excerpt":{"rendered":"<p>Em 2016 o Projeto Dioctophyme Renale em C\u00e3es e Gatos, PRODic, realizou conv\u00eanios com a Prefeitura de Pelotas. A equipe, em parceria com a Secretaria Municipal de Educa\u00e7\u00e3o e Desporto e a Secretaria Municipal de Sa\u00fade, ir\u00e1 realizar palestras em escolas e tamb\u00e9m nas Unidades B\u00e1sicas de Sa\u00fade (UBS) informando a comunidade da import\u00e2ncia da &hellip; <\/p>\n<p><a class=\"more-link btn\" href=\"https:\/\/wp.ufpel.edu.br\/prodic\/2016\/11\/19\/prodic-realiza-convenios-com-a-secretaria-da-educacao-e-da-saude-da-prefeitura-de-pelotas\/\">Continue lendo<\/a><\/p>\n","protected":false},"author":549,"featured_media":0,"comment_status":"closed","ping_status":"closed","sticky":false,"template":"","format":"standard","meta":{"footnotes":""},"categories":[1],"tags":[],"class_list":["post-24","post","type-post","status-publish","format-standard","hentry","category-noticias","item-wrap"],"jetpack_featured_media_url":"","_links":{"self":[{"href":"https:\/\/wp.ufpel.edu.br\/prodic\/wp-json\/wp\/v2\/posts\/24","targetHints":{"allow":["GET"]}}],"collection":[{"href":"https:\/\/wp.ufpel.edu.br\/prodic\/wp-json\/wp\/v2\/posts"}],"about":[{"href":"https:\/\/wp.ufpel.edu.br\/prodic\/wp-json\/wp\/v2\/types\/post"}],"author":[{"embeddable":true,"href":"https:\/\/wp.ufpel.edu.br\/prodic\/wp-json\/wp\/v2\/users\/549"}],"replies":[{"embeddable":true,"href":"https:\/\/wp.ufpel.edu.br\/prodic\/wp-json\/wp\/v2\/comments?post=24"}],"version-history":[{"count":1,"href":"https:\/\/wp.ufpel.edu.br\/prodic\/wp-json\/wp\/v2\/posts\/24\/revisions"}],"predecessor-version":[{"id":26,"href":"https:\/\/wp.ufpel.edu.br\/prodic\/wp-json\/wp\/v2\/posts\/24\/revisions\/26"}],"wp:attachment":[{"href":"https:\/\/wp.ufpel.edu.br\/prodic\/wp-json\/wp\/v2\/media?parent=24"}],"wp:term":[{"taxonomy":"category","embeddable":true,"href":"https:\/\/wp.ufpel.edu.br\/prodic\/wp-json\/wp\/v2\/categories?post=24"},{"taxonomy":"post_tag","embeddable":true,"href":"https:\/\/wp.ufpel.edu.br\/prodic\/wp-json\/wp\/v2\/tags?post=24"}],"curies":[{"name":"wp","href":"https:\/\/api.w.org\/{rel}","templated":true}]}}