{"id":232,"date":"2019-04-28T13:52:25","date_gmt":"2019-04-28T16:52:25","guid":{"rendered":"https:\/\/wp.ufpel.edu.br\/prodic\/?p=232"},"modified":"2019-04-28T14:02:19","modified_gmt":"2019-04-28T17:02:19","slug":"projeto-de-pesquisa-do-prodic-procura-caes-com-dioctofimatose","status":"publish","type":"post","link":"https:\/\/wp.ufpel.edu.br\/prodic\/2019\/04\/28\/projeto-de-pesquisa-do-prodic-procura-caes-com-dioctofimatose\/","title":{"rendered":"Projeto de Pesquisa do PRODIC procura c\u00e3es com dioctofimatose!"},"content":{"rendered":"<p>A doen\u00e7a causada pelo verme gigante do rim,\u00a0<em>Dioctophyme renale<\/em>, continua sem um tratamento farmacol\u00f3gico espec\u00edfico. At\u00e9 o momento, nenhuma medica\u00e7\u00e3o foi comprovadamente eficaz na morte do verme. \u00c9 por isso que durante o ano de 2019 o PRODIC desenvolver\u00e1 um Projeto de Pesquisa com o objetivo de realizar tratamento dos c\u00e3es com a doen\u00e7a.<\/p>\n<p>&nbsp;<\/p>\n<p><a href=\"https:\/\/wp.ufpel.edu.br\/prodic\/files\/2019\/04\/Folder-de-divulga\u00e7\u00e3o.png\"><img loading=\"lazy\" decoding=\"async\" class=\"aligncenter size-full wp-image-234\" src=\"https:\/\/wp.ufpel.edu.br\/prodic\/files\/2019\/04\/Folder-de-divulga\u00e7\u00e3o.png\" alt=\"\" width=\"1292\" height=\"768\" srcset=\"https:\/\/wp.ufpel.edu.br\/prodic\/files\/2019\/04\/Folder-de-divulga\u00e7\u00e3o.png 1292w, https:\/\/wp.ufpel.edu.br\/prodic\/files\/2019\/04\/Folder-de-divulga\u00e7\u00e3o-212x126.png 212w, https:\/\/wp.ufpel.edu.br\/prodic\/files\/2019\/04\/Folder-de-divulga\u00e7\u00e3o-424x252.png 424w, https:\/\/wp.ufpel.edu.br\/prodic\/files\/2019\/04\/Folder-de-divulga\u00e7\u00e3o-768x457.png 768w, https:\/\/wp.ufpel.edu.br\/prodic\/files\/2019\/04\/Folder-de-divulga\u00e7\u00e3o-945x562.png 945w, https:\/\/wp.ufpel.edu.br\/prodic\/files\/2019\/04\/Folder-de-divulga\u00e7\u00e3o-600x357.png 600w\" sizes=\"auto, (max-width: 1292px) 100vw, 1292px\" \/><\/a><\/p>\n<p>&nbsp;<\/p>\n<p><strong>Para a participa\u00e7\u00e3o, \u00e9 necess\u00e1rio que o c\u00e3o preencha alguns crit\u00e9rios:<\/strong><\/p>\n<p>&#8211; C\u00e3es adultos (f\u00eameas ou machos) com <em>Dioctophyme renale;\u00a0<\/em><br \/>\n&#8211; Eliminando <strong>ovos<\/strong> do parasito na urina;<br \/>\n&#8211; Que possam ser acompanhados e tratados durante 15 dias para, depois,passarem pela cirurgia, que \u00e9 o tratamento oficial da doen\u00e7a.<\/p>\n<p>O projeto n\u00e3o inclui a consulta inicial e os exames de diagn\u00f3stico da doen\u00e7a realizados no Hospital de Cl\u00ednicas Veterin\u00e1rias da UFPel. Por\u00e9m, para <strong>aqueles que participarem do estudo, haver\u00e1 valores reduzidos no procedimento cir\u00fargico.<\/strong><\/p>\n<p>A participa\u00e7\u00e3o s\u00f3 ser\u00e1 v\u00e1lida ap\u00f3s a avalia\u00e7\u00e3o do paciente.<\/p>\n<p>Quer mais informa\u00e7\u00f5es?<br \/>\nEntre em contato com a P\u00e2mela Caye, residente do HCV &#8211; UFPel e respons\u00e1vel pela pesquisa.<\/p>\n<p>E-mail: pamiscaye@gmail.com<br \/>\n(53) 98113-3214 (Whatsapp)<\/p>\n","protected":false},"excerpt":{"rendered":"<p>A doen\u00e7a causada pelo verme gigante do rim,\u00a0Dioctophyme renale, continua sem um tratamento farmacol\u00f3gico espec\u00edfico. At\u00e9 o momento, nenhuma medica\u00e7\u00e3o foi comprovadamente eficaz na morte do verme. \u00c9 por isso que durante o ano de 2019 o PRODIC desenvolver\u00e1 um Projeto de Pesquisa com o objetivo de realizar tratamento dos c\u00e3es com a doen\u00e7a. &nbsp; &hellip; <\/p>\n<p><a class=\"more-link btn\" href=\"https:\/\/wp.ufpel.edu.br\/prodic\/2019\/04\/28\/projeto-de-pesquisa-do-prodic-procura-caes-com-dioctofimatose\/\">Continue lendo<\/a><\/p>\n","protected":false},"author":549,"featured_media":0,"comment_status":"closed","ping_status":"closed","sticky":false,"template":"","format":"standard","meta":{"footnotes":""},"categories":[1],"tags":[],"class_list":["post-232","post","type-post","status-publish","format-standard","hentry","category-noticias","item-wrap"],"jetpack_featured_media_url":"","_links":{"self":[{"href":"https:\/\/wp.ufpel.edu.br\/prodic\/wp-json\/wp\/v2\/posts\/232","targetHints":{"allow":["GET"]}}],"collection":[{"href":"https:\/\/wp.ufpel.edu.br\/prodic\/wp-json\/wp\/v2\/posts"}],"about":[{"href":"https:\/\/wp.ufpel.edu.br\/prodic\/wp-json\/wp\/v2\/types\/post"}],"author":[{"embeddable":true,"href":"https:\/\/wp.ufpel.edu.br\/prodic\/wp-json\/wp\/v2\/users\/549"}],"replies":[{"embeddable":true,"href":"https:\/\/wp.ufpel.edu.br\/prodic\/wp-json\/wp\/v2\/comments?post=232"}],"version-history":[{"count":1,"href":"https:\/\/wp.ufpel.edu.br\/prodic\/wp-json\/wp\/v2\/posts\/232\/revisions"}],"predecessor-version":[{"id":235,"href":"https:\/\/wp.ufpel.edu.br\/prodic\/wp-json\/wp\/v2\/posts\/232\/revisions\/235"}],"wp:attachment":[{"href":"https:\/\/wp.ufpel.edu.br\/prodic\/wp-json\/wp\/v2\/media?parent=232"}],"wp:term":[{"taxonomy":"category","embeddable":true,"href":"https:\/\/wp.ufpel.edu.br\/prodic\/wp-json\/wp\/v2\/categories?post=232"},{"taxonomy":"post_tag","embeddable":true,"href":"https:\/\/wp.ufpel.edu.br\/prodic\/wp-json\/wp\/v2\/tags?post=232"}],"curies":[{"name":"wp","href":"https:\/\/api.w.org\/{rel}","templated":true}]}}