{"id":219,"date":"2018-11-14T22:12:13","date_gmt":"2018-11-15T00:12:13","guid":{"rendered":"https:\/\/wp.ufpel.edu.br\/prodic\/?p=219"},"modified":"2018-11-14T22:12:55","modified_gmt":"2018-11-15T00:12:55","slug":"prodic-nas-escolas","status":"publish","type":"post","link":"https:\/\/wp.ufpel.edu.br\/prodic\/2018\/11\/14\/prodic-nas-escolas\/","title":{"rendered":"Prodic nas Escolas"},"content":{"rendered":"<p>Aos 13 dias do m\u00eas de novembro, o Grupo do PRoDic realizou palestras para algumas turmas do ensino fundamental na Escola Rafael Brusque na Col\u00f4<span class=\"text_exposed_show\">nia Z3.<\/span><\/p>\n<div class=\"text_exposed_show\">\n<p>Estiveram presentes diversos alunos que aprenderam um pouco sobre o ciclo de contamina\u00e7\u00e3o de Animais dom\u00e9sticos pelo Dioctophyme Renale (Verme Gigante do Rim).<\/p>\n<p>A apresenta\u00e7\u00e3o das palestras ficaram a cargo de: Vit\u00f3ria Gausmann e Soliane Perera que demostraram destreza e sabedoria ao informar a comunidade de como podem previnir a contamina\u00e7\u00e3o de seus animais dom\u00e9sticos e tamb\u00e9m de seus vizinhos.<\/p>\n<p>A equipe do PRODIC agradece a todos os envolvidos, em especial ao Willian Azaro e a SMED &#8211; Secretaria Municipal de Educa\u00e7\u00e3o e Desporto &#8211; por abrir as portas das Escolas do Munic\u00edpio de Pelotas para a realiza\u00e7\u00e3o dessas palestras.<\/p>\n<\/div>\n<p><a href=\"https:\/\/wp.ufpel.edu.br\/prodic\/files\/2018\/11\/WhatsApp-Image-2018-11-14-at-07.05.08.jpeg\"><img loading=\"lazy\" decoding=\"async\" class=\"aligncenter size-full wp-image-221\" src=\"https:\/\/wp.ufpel.edu.br\/prodic\/files\/2018\/11\/WhatsApp-Image-2018-11-14-at-07.05.08.jpeg\" alt=\"\" width=\"1040\" height=\"780\" srcset=\"https:\/\/wp.ufpel.edu.br\/prodic\/files\/2018\/11\/WhatsApp-Image-2018-11-14-at-07.05.08.jpeg 1040w, https:\/\/wp.ufpel.edu.br\/prodic\/files\/2018\/11\/WhatsApp-Image-2018-11-14-at-07.05.08-212x159.jpeg 212w, https:\/\/wp.ufpel.edu.br\/prodic\/files\/2018\/11\/WhatsApp-Image-2018-11-14-at-07.05.08-424x318.jpeg 424w, https:\/\/wp.ufpel.edu.br\/prodic\/files\/2018\/11\/WhatsApp-Image-2018-11-14-at-07.05.08-768x576.jpeg 768w, https:\/\/wp.ufpel.edu.br\/prodic\/files\/2018\/11\/WhatsApp-Image-2018-11-14-at-07.05.08-945x709.jpeg 945w, https:\/\/wp.ufpel.edu.br\/prodic\/files\/2018\/11\/WhatsApp-Image-2018-11-14-at-07.05.08-600x450.jpeg 600w\" sizes=\"auto, (max-width: 1040px) 100vw, 1040px\" \/><\/a> <a href=\"https:\/\/wp.ufpel.edu.br\/prodic\/files\/2018\/11\/WhatsApp-Image-2018-11-14-at-17.08.20.jpeg\"><img loading=\"lazy\" decoding=\"async\" class=\"aligncenter size-full wp-image-224\" src=\"https:\/\/wp.ufpel.edu.br\/prodic\/files\/2018\/11\/WhatsApp-Image-2018-11-14-at-17.08.20.jpeg\" alt=\"\" width=\"960\" height=\"1280\" srcset=\"https:\/\/wp.ufpel.edu.br\/prodic\/files\/2018\/11\/WhatsApp-Image-2018-11-14-at-17.08.20.jpeg 960w, https:\/\/wp.ufpel.edu.br\/prodic\/files\/2018\/11\/WhatsApp-Image-2018-11-14-at-17.08.20-119x159.jpeg 119w, https:\/\/wp.ufpel.edu.br\/prodic\/files\/2018\/11\/WhatsApp-Image-2018-11-14-at-17.08.20-239x318.jpeg 239w, https:\/\/wp.ufpel.edu.br\/prodic\/files\/2018\/11\/WhatsApp-Image-2018-11-14-at-17.08.20-768x1024.jpeg 768w, https:\/\/wp.ufpel.edu.br\/prodic\/files\/2018\/11\/WhatsApp-Image-2018-11-14-at-17.08.20-945x1260.jpeg 945w, https:\/\/wp.ufpel.edu.br\/prodic\/files\/2018\/11\/WhatsApp-Image-2018-11-14-at-17.08.20-600x800.jpeg 600w\" sizes=\"auto, (max-width: 960px) 100vw, 960px\" \/><\/a> <a href=\"https:\/\/wp.ufpel.edu.br\/prodic\/files\/2018\/11\/WhatsApp-Image-2018-11-14-at-17.08.20-2.jpeg\"><img loading=\"lazy\" decoding=\"async\" class=\"aligncenter size-full wp-image-223\" src=\"https:\/\/wp.ufpel.edu.br\/prodic\/files\/2018\/11\/WhatsApp-Image-2018-11-14-at-17.08.20-2.jpeg\" alt=\"\" width=\"1280\" height=\"960\" srcset=\"https:\/\/wp.ufpel.edu.br\/prodic\/files\/2018\/11\/WhatsApp-Image-2018-11-14-at-17.08.20-2.jpeg 1280w, https:\/\/wp.ufpel.edu.br\/prodic\/files\/2018\/11\/WhatsApp-Image-2018-11-14-at-17.08.20-2-212x159.jpeg 212w, https:\/\/wp.ufpel.edu.br\/prodic\/files\/2018\/11\/WhatsApp-Image-2018-11-14-at-17.08.20-2-424x318.jpeg 424w, https:\/\/wp.ufpel.edu.br\/prodic\/files\/2018\/11\/WhatsApp-Image-2018-11-14-at-17.08.20-2-768x576.jpeg 768w, https:\/\/wp.ufpel.edu.br\/prodic\/files\/2018\/11\/WhatsApp-Image-2018-11-14-at-17.08.20-2-945x709.jpeg 945w, https:\/\/wp.ufpel.edu.br\/prodic\/files\/2018\/11\/WhatsApp-Image-2018-11-14-at-17.08.20-2-600x450.jpeg 600w\" sizes=\"auto, (max-width: 1280px) 100vw, 1280px\" \/><\/a> <a href=\"https:\/\/wp.ufpel.edu.br\/prodic\/files\/2018\/11\/WhatsApp-Image-2018-11-14-at-17.08.19.jpeg\"><img loading=\"lazy\" decoding=\"async\" class=\"aligncenter size-full wp-image-222\" src=\"https:\/\/wp.ufpel.edu.br\/prodic\/files\/2018\/11\/WhatsApp-Image-2018-11-14-at-17.08.19.jpeg\" alt=\"\" width=\"1280\" height=\"960\" srcset=\"https:\/\/wp.ufpel.edu.br\/prodic\/files\/2018\/11\/WhatsApp-Image-2018-11-14-at-17.08.19.jpeg 1280w, https:\/\/wp.ufpel.edu.br\/prodic\/files\/2018\/11\/WhatsApp-Image-2018-11-14-at-17.08.19-212x159.jpeg 212w, https:\/\/wp.ufpel.edu.br\/prodic\/files\/2018\/11\/WhatsApp-Image-2018-11-14-at-17.08.19-424x318.jpeg 424w, https:\/\/wp.ufpel.edu.br\/prodic\/files\/2018\/11\/WhatsApp-Image-2018-11-14-at-17.08.19-768x576.jpeg 768w, https:\/\/wp.ufpel.edu.br\/prodic\/files\/2018\/11\/WhatsApp-Image-2018-11-14-at-17.08.19-945x709.jpeg 945w, https:\/\/wp.ufpel.edu.br\/prodic\/files\/2018\/11\/WhatsApp-Image-2018-11-14-at-17.08.19-600x450.jpeg 600w\" sizes=\"auto, (max-width: 1280px) 100vw, 1280px\" \/><\/a> <a href=\"https:\/\/wp.ufpel.edu.br\/prodic\/files\/2018\/11\/WhatsApp-Image-2018-11-14-at-17.08.28-1.jpeg\"><img loading=\"lazy\" decoding=\"async\" class=\"aligncenter size-full wp-image-226\" src=\"https:\/\/wp.ufpel.edu.br\/prodic\/files\/2018\/11\/WhatsApp-Image-2018-11-14-at-17.08.28-1.jpeg\" alt=\"\" width=\"1280\" height=\"960\" srcset=\"https:\/\/wp.ufpel.edu.br\/prodic\/files\/2018\/11\/WhatsApp-Image-2018-11-14-at-17.08.28-1.jpeg 1280w, https:\/\/wp.ufpel.edu.br\/prodic\/files\/2018\/11\/WhatsApp-Image-2018-11-14-at-17.08.28-1-212x159.jpeg 212w, https:\/\/wp.ufpel.edu.br\/prodic\/files\/2018\/11\/WhatsApp-Image-2018-11-14-at-17.08.28-1-424x318.jpeg 424w, https:\/\/wp.ufpel.edu.br\/prodic\/files\/2018\/11\/WhatsApp-Image-2018-11-14-at-17.08.28-1-768x576.jpeg 768w, https:\/\/wp.ufpel.edu.br\/prodic\/files\/2018\/11\/WhatsApp-Image-2018-11-14-at-17.08.28-1-945x709.jpeg 945w, https:\/\/wp.ufpel.edu.br\/prodic\/files\/2018\/11\/WhatsApp-Image-2018-11-14-at-17.08.28-1-600x450.jpeg 600w\" sizes=\"auto, (max-width: 1280px) 100vw, 1280px\" \/><\/a> <a href=\"https:\/\/wp.ufpel.edu.br\/prodic\/files\/2018\/11\/WhatsApp-Image-2018-11-14-at-17.08.24.jpeg\"><img loading=\"lazy\" decoding=\"async\" class=\"aligncenter size-full wp-image-225\" src=\"https:\/\/wp.ufpel.edu.br\/prodic\/files\/2018\/11\/WhatsApp-Image-2018-11-14-at-17.08.24.jpeg\" alt=\"\" width=\"1280\" height=\"960\" srcset=\"https:\/\/wp.ufpel.edu.br\/prodic\/files\/2018\/11\/WhatsApp-Image-2018-11-14-at-17.08.24.jpeg 1280w, https:\/\/wp.ufpel.edu.br\/prodic\/files\/2018\/11\/WhatsApp-Image-2018-11-14-at-17.08.24-212x159.jpeg 212w, https:\/\/wp.ufpel.edu.br\/prodic\/files\/2018\/11\/WhatsApp-Image-2018-11-14-at-17.08.24-424x318.jpeg 424w, https:\/\/wp.ufpel.edu.br\/prodic\/files\/2018\/11\/WhatsApp-Image-2018-11-14-at-17.08.24-768x576.jpeg 768w, https:\/\/wp.ufpel.edu.br\/prodic\/files\/2018\/11\/WhatsApp-Image-2018-11-14-at-17.08.24-945x709.jpeg 945w, https:\/\/wp.ufpel.edu.br\/prodic\/files\/2018\/11\/WhatsApp-Image-2018-11-14-at-17.08.24-600x450.jpeg 600w\" sizes=\"auto, (max-width: 1280px) 100vw, 1280px\" \/><\/a><\/p>\n","protected":false},"excerpt":{"rendered":"<p>Aos 13 dias do m\u00eas de novembro, o Grupo do PRoDic realizou palestras para algumas turmas do ensino fundamental na Escola Rafael Brusque na Col\u00f4nia Z3. Estiveram presentes diversos alunos que aprenderam um pouco sobre o ciclo de contamina\u00e7\u00e3o de Animais dom\u00e9sticos pelo Dioctophyme Renale (Verme Gigante do Rim). A apresenta\u00e7\u00e3o das palestras ficaram a &hellip; <\/p>\n<p><a class=\"more-link btn\" href=\"https:\/\/wp.ufpel.edu.br\/prodic\/2018\/11\/14\/prodic-nas-escolas\/\">Continue lendo<\/a><\/p>\n","protected":false},"author":549,"featured_media":0,"comment_status":"closed","ping_status":"closed","sticky":false,"template":"","format":"standard","meta":{"footnotes":""},"categories":[1],"tags":[],"class_list":["post-219","post","type-post","status-publish","format-standard","hentry","category-noticias","item-wrap"],"jetpack_featured_media_url":"","_links":{"self":[{"href":"https:\/\/wp.ufpel.edu.br\/prodic\/wp-json\/wp\/v2\/posts\/219","targetHints":{"allow":["GET"]}}],"collection":[{"href":"https:\/\/wp.ufpel.edu.br\/prodic\/wp-json\/wp\/v2\/posts"}],"about":[{"href":"https:\/\/wp.ufpel.edu.br\/prodic\/wp-json\/wp\/v2\/types\/post"}],"author":[{"embeddable":true,"href":"https:\/\/wp.ufpel.edu.br\/prodic\/wp-json\/wp\/v2\/users\/549"}],"replies":[{"embeddable":true,"href":"https:\/\/wp.ufpel.edu.br\/prodic\/wp-json\/wp\/v2\/comments?post=219"}],"version-history":[{"count":3,"href":"https:\/\/wp.ufpel.edu.br\/prodic\/wp-json\/wp\/v2\/posts\/219\/revisions"}],"predecessor-version":[{"id":229,"href":"https:\/\/wp.ufpel.edu.br\/prodic\/wp-json\/wp\/v2\/posts\/219\/revisions\/229"}],"wp:attachment":[{"href":"https:\/\/wp.ufpel.edu.br\/prodic\/wp-json\/wp\/v2\/media?parent=219"}],"wp:term":[{"taxonomy":"category","embeddable":true,"href":"https:\/\/wp.ufpel.edu.br\/prodic\/wp-json\/wp\/v2\/categories?post=219"},{"taxonomy":"post_tag","embeddable":true,"href":"https:\/\/wp.ufpel.edu.br\/prodic\/wp-json\/wp\/v2\/tags?post=219"}],"curies":[{"name":"wp","href":"https:\/\/api.w.org\/{rel}","templated":true}]}}