{"id":195,"date":"2018-10-18T09:15:03","date_gmt":"2018-10-18T12:15:03","guid":{"rendered":"https:\/\/wp.ufpel.edu.br\/prodic\/?p=195"},"modified":"2018-10-18T09:15:03","modified_gmt":"2018-10-18T12:15:03","slug":"prodic-apoia-o-1o-simposio-estadual-de-dioctofimatose-desafios-e-perspectiva","status":"publish","type":"post","link":"https:\/\/wp.ufpel.edu.br\/prodic\/2018\/10\/18\/prodic-apoia-o-1o-simposio-estadual-de-dioctofimatose-desafios-e-perspectiva\/","title":{"rendered":"PRODIC apoia o 1\u00ba SIMP\u00d3SIO ESTADUAL DE DIOCTOFIMATOSE: DESAFIOS E PERSPECTIVA"},"content":{"rendered":"<p style=\"text-align: justify\">Nos dias 27 e 28 de setembro de 2018 o PRODIC em conjunto com o LAPASIL E FITOPEET realizaram o I Simp\u00f3sio Estadual da Dioctofimatose: Desafios e Perspectivas no Audit\u00f3rio do IFSul, Pelotas &#8211; RS. O evento teve \u00eanfase na dioctofimatose, uma parasitose em ascens\u00e3o na regi\u00e3o sul do Rio Grande do Sul, e contou com diversos palestrantes nacionais e internacionais a fim de esclarecer as mais diversas peculiaridades sobre <em>Dioctophyme renale<\/em>.<\/p>\n<p><a href=\"https:\/\/wp.ufpel.edu.br\/prodic\/files\/2018\/10\/Capturar.png\"><img loading=\"lazy\" decoding=\"async\" class=\"aligncenter size-full wp-image-199\" src=\"https:\/\/wp.ufpel.edu.br\/prodic\/files\/2018\/10\/Capturar.png\" alt=\"\" width=\"376\" height=\"145\" srcset=\"https:\/\/wp.ufpel.edu.br\/prodic\/files\/2018\/10\/Capturar.png 376w, https:\/\/wp.ufpel.edu.br\/prodic\/files\/2018\/10\/Capturar-212x82.png 212w\" sizes=\"auto, (max-width: 376px) 100vw, 376px\" \/><\/a><\/p>\n<p style=\"text-align: justify\">O Simp\u00f3sio foi um grande sucesso com o interesse dos graduandos, p\u00f3s-graduandos e profissionais em aprender ainda mais sobre a dioctofimatose, uma zoonose t\u00e3o importante p para a sa\u00fade humana e animal.<\/p>\n<p>\u00a0 \u00a0 \u00a0 \u00a0 \u00a0 \u00a0 \u00a0 \u00a0 \u00a0 \u00a0 \u00a0 \u00a0 \u00a0 \u00a0 \u00a0 \u00a0 \u00a0 \u00a0 \u00a0 \u00a0 \u00a0 \u00a0 \u00a0 \u00a0 \u00a0 \u00a0 \u00a0 Apoio<\/p>\n<p><a href=\"https:\/\/wp.ufpel.edu.br\/prodic\/files\/2018\/10\/APOIO.png\">\u00a0 \u00a0 \u00a0 \u00a0 \u00a0 \u00a0 \u00a0 \u00a0 \u00a0 \u00a0 \u00a0 \u00a0 \u00a0 \u00a0 \u00a0 \u00a0 \u00a0 \u00a0 \u00a0 \u00a0 \u00a0<img loading=\"lazy\" decoding=\"async\" class=\"wp-image-198 alignnone\" src=\"https:\/\/wp.ufpel.edu.br\/prodic\/files\/2018\/10\/APOIO.png\" alt=\"\" width=\"140\" height=\"205\" \/>\u00a0<\/a><a href=\"https:\/\/wp.ufpel.edu.br\/prodic\/files\/2018\/10\/38679715_649800375378405_3357278997871329280_n.jpg\"><img loading=\"lazy\" decoding=\"async\" class=\"wp-image-197 alignnone\" src=\"https:\/\/wp.ufpel.edu.br\/prodic\/files\/2018\/10\/38679715_649800375378405_3357278997871329280_n.jpg\" alt=\"\" width=\"212\" height=\"194\" srcset=\"https:\/\/wp.ufpel.edu.br\/prodic\/files\/2018\/10\/38679715_649800375378405_3357278997871329280_n.jpg 267w, https:\/\/wp.ufpel.edu.br\/prodic\/files\/2018\/10\/38679715_649800375378405_3357278997871329280_n-175x159.jpg 175w\" sizes=\"auto, (max-width: 212px) 100vw, 212px\" \/><\/a><\/p>\n","protected":false},"excerpt":{"rendered":"<p>Nos dias 27 e 28 de setembro de 2018 o PRODIC em conjunto com o LAPASIL E FITOPEET realizaram o I Simp\u00f3sio Estadual da Dioctofimatose: Desafios e Perspectivas no Audit\u00f3rio do IFSul, Pelotas &#8211; RS. O evento teve \u00eanfase na dioctofimatose, uma parasitose em ascens\u00e3o na regi\u00e3o sul do Rio Grande do Sul, e contou &hellip; <\/p>\n<p><a class=\"more-link btn\" href=\"https:\/\/wp.ufpel.edu.br\/prodic\/2018\/10\/18\/prodic-apoia-o-1o-simposio-estadual-de-dioctofimatose-desafios-e-perspectiva\/\">Continue lendo<\/a><\/p>\n","protected":false},"author":549,"featured_media":0,"comment_status":"closed","ping_status":"closed","sticky":false,"template":"","format":"standard","meta":{"footnotes":""},"categories":[1],"tags":[],"class_list":["post-195","post","type-post","status-publish","format-standard","hentry","category-noticias","item-wrap"],"jetpack_featured_media_url":"","_links":{"self":[{"href":"https:\/\/wp.ufpel.edu.br\/prodic\/wp-json\/wp\/v2\/posts\/195","targetHints":{"allow":["GET"]}}],"collection":[{"href":"https:\/\/wp.ufpel.edu.br\/prodic\/wp-json\/wp\/v2\/posts"}],"about":[{"href":"https:\/\/wp.ufpel.edu.br\/prodic\/wp-json\/wp\/v2\/types\/post"}],"author":[{"embeddable":true,"href":"https:\/\/wp.ufpel.edu.br\/prodic\/wp-json\/wp\/v2\/users\/549"}],"replies":[{"embeddable":true,"href":"https:\/\/wp.ufpel.edu.br\/prodic\/wp-json\/wp\/v2\/comments?post=195"}],"version-history":[{"count":1,"href":"https:\/\/wp.ufpel.edu.br\/prodic\/wp-json\/wp\/v2\/posts\/195\/revisions"}],"predecessor-version":[{"id":200,"href":"https:\/\/wp.ufpel.edu.br\/prodic\/wp-json\/wp\/v2\/posts\/195\/revisions\/200"}],"wp:attachment":[{"href":"https:\/\/wp.ufpel.edu.br\/prodic\/wp-json\/wp\/v2\/media?parent=195"}],"wp:term":[{"taxonomy":"category","embeddable":true,"href":"https:\/\/wp.ufpel.edu.br\/prodic\/wp-json\/wp\/v2\/categories?post=195"},{"taxonomy":"post_tag","embeddable":true,"href":"https:\/\/wp.ufpel.edu.br\/prodic\/wp-json\/wp\/v2\/tags?post=195"}],"curies":[{"name":"wp","href":"https:\/\/api.w.org\/{rel}","templated":true}]}}