{"id":127,"date":"2017-08-11T22:24:29","date_gmt":"2017-08-12T01:24:29","guid":{"rendered":"https:\/\/wp.ufpel.edu.br\/prodic\/?p=127"},"modified":"2017-08-11T22:24:29","modified_gmt":"2017-08-12T01:24:29","slug":"mais-um-dia-de-sucesso-no-tratamento-de-caes-da-ong-a4","status":"publish","type":"post","link":"https:\/\/wp.ufpel.edu.br\/prodic\/2017\/08\/11\/mais-um-dia-de-sucesso-no-tratamento-de-caes-da-ong-a4\/","title":{"rendered":"Mais um dia de sucesso no tratamento de c\u00e3es da ONG A4!"},"content":{"rendered":"<p style=\"text-align: justify\">No \u00faltimo s\u00e1bado, dia 5 de agosto de 2017, o PRODIC, com apoio da equipe m\u00e9dica do Hospital de Cl\u00ednicas Veterin\u00e1ria da Universidade Federal de Pelotas, incluindo professores, m\u00e9dicos-veterin\u00e1rios, m\u00e9dicos-veterin\u00e1rios residentes, laboratoristas e \u00a0estudantes de gradua\u00e7\u00e3o e p\u00f3s-gradua\u00e7\u00e3o, realizou novamente atendimento aos animais albergados pela ONG A4 \u2013 Associa\u00e7\u00e3o dos Amigos dos Animais Abandonados.<\/p>\n<p><a href=\"https:\/\/wp.ufpel.edu.br\/prodic\/files\/2017\/08\/20663767_1635058686535490_3168449992426293330_n.jpg\"><img loading=\"lazy\" decoding=\"async\" class=\"size-medium wp-image-147 aligncenter\" src=\"https:\/\/wp.ufpel.edu.br\/prodic\/files\/2017\/08\/20663767_1635058686535490_3168449992426293330_n-424x318.jpg\" alt=\"\" width=\"424\" height=\"318\" srcset=\"https:\/\/wp.ufpel.edu.br\/prodic\/files\/2017\/08\/20663767_1635058686535490_3168449992426293330_n-424x318.jpg 424w, https:\/\/wp.ufpel.edu.br\/prodic\/files\/2017\/08\/20663767_1635058686535490_3168449992426293330_n-212x159.jpg 212w, https:\/\/wp.ufpel.edu.br\/prodic\/files\/2017\/08\/20663767_1635058686535490_3168449992426293330_n-768x576.jpg 768w, https:\/\/wp.ufpel.edu.br\/prodic\/files\/2017\/08\/20663767_1635058686535490_3168449992426293330_n-945x709.jpg 945w, https:\/\/wp.ufpel.edu.br\/prodic\/files\/2017\/08\/20663767_1635058686535490_3168449992426293330_n-600x450.jpg 600w, https:\/\/wp.ufpel.edu.br\/prodic\/files\/2017\/08\/20663767_1635058686535490_3168449992426293330_n.jpg 960w\" sizes=\"auto, (max-width: 424px) 100vw, 424px\" \/><\/a><\/p>\n<p style=\"text-align: justify\">Neste dia, novos dez pacientes foram atendidos pela equipe de Cl\u00ednica M\u00e9dica, sendo microchipados e passando por consulta cl\u00ednica, para o diagn\u00f3stico e tratamento de diversas enfermidades. Ao mesmo tempo, 12 pacientes atendidos no dia 24 de junho foram trazidos novamente aos HCV-UFPel, para realiza\u00e7\u00e3o de diversas especialidades cir\u00fargicas, como castra\u00e7\u00e3o de f\u00eameas e machos e tratamento da dioctofimatose, causada pelo verme do rim.<\/p>\n<p><a href=\"https:\/\/wp.ufpel.edu.br\/prodic\/files\/2017\/08\/d9386b96-b3af-4232-a151-cf25fb042a6e-1.jpg\"><img loading=\"lazy\" decoding=\"async\" class=\"size-medium wp-image-150 aligncenter\" src=\"https:\/\/wp.ufpel.edu.br\/prodic\/files\/2017\/08\/d9386b96-b3af-4232-a151-cf25fb042a6e-1-424x318.jpg\" alt=\"\" width=\"424\" height=\"318\" srcset=\"https:\/\/wp.ufpel.edu.br\/prodic\/files\/2017\/08\/d9386b96-b3af-4232-a151-cf25fb042a6e-1-424x318.jpg 424w, https:\/\/wp.ufpel.edu.br\/prodic\/files\/2017\/08\/d9386b96-b3af-4232-a151-cf25fb042a6e-1-212x159.jpg 212w, https:\/\/wp.ufpel.edu.br\/prodic\/files\/2017\/08\/d9386b96-b3af-4232-a151-cf25fb042a6e-1-768x576.jpg 768w, https:\/\/wp.ufpel.edu.br\/prodic\/files\/2017\/08\/d9386b96-b3af-4232-a151-cf25fb042a6e-1-945x709.jpg 945w, https:\/\/wp.ufpel.edu.br\/prodic\/files\/2017\/08\/d9386b96-b3af-4232-a151-cf25fb042a6e-1-600x450.jpg 600w, https:\/\/wp.ufpel.edu.br\/prodic\/files\/2017\/08\/d9386b96-b3af-4232-a151-cf25fb042a6e-1.jpg 1280w\" sizes=\"auto, (max-width: 424px) 100vw, 424px\" \/><\/a><a href=\"https:\/\/wp.ufpel.edu.br\/prodic\/files\/2017\/08\/b92b497b-5ec3-4af5-b6b6-6ccbabbfde9e-1.jpg\"><img loading=\"lazy\" decoding=\"async\" class=\"size-medium wp-image-149 aligncenter\" src=\"https:\/\/wp.ufpel.edu.br\/prodic\/files\/2017\/08\/b92b497b-5ec3-4af5-b6b6-6ccbabbfde9e-1-336x318.jpg\" alt=\"\" width=\"336\" height=\"318\" srcset=\"https:\/\/wp.ufpel.edu.br\/prodic\/files\/2017\/08\/b92b497b-5ec3-4af5-b6b6-6ccbabbfde9e-1-336x318.jpg 336w, https:\/\/wp.ufpel.edu.br\/prodic\/files\/2017\/08\/b92b497b-5ec3-4af5-b6b6-6ccbabbfde9e-1-168x159.jpg 168w, https:\/\/wp.ufpel.edu.br\/prodic\/files\/2017\/08\/b92b497b-5ec3-4af5-b6b6-6ccbabbfde9e-1-768x728.jpg 768w, https:\/\/wp.ufpel.edu.br\/prodic\/files\/2017\/08\/b92b497b-5ec3-4af5-b6b6-6ccbabbfde9e-1-945x896.jpg 945w, https:\/\/wp.ufpel.edu.br\/prodic\/files\/2017\/08\/b92b497b-5ec3-4af5-b6b6-6ccbabbfde9e-1-600x569.jpg 600w, https:\/\/wp.ufpel.edu.br\/prodic\/files\/2017\/08\/b92b497b-5ec3-4af5-b6b6-6ccbabbfde9e-1.jpg 1013w\" sizes=\"auto, (max-width: 336px) 100vw, 336px\" \/><\/a><\/p>\n<p style=\"text-align: justify\">Toda a equipe PRODIC fica extremamente feliz por poder ajudar os animais da ONG A4 e acredita que esta parceria continuar\u00e1 rendendo bons frutos. Em nota oficial, a ONG A4 se reportou demonstrando muita felicidade nesta parceria. Em pequeno trecho, Eliane Diniz comenta:<\/p>\n<p style=\"text-align: center\"><em>&#8220;&#8230; por ora quero registrar o que sinto, agrade\u00e7o a Deus por permitir que, entre as dores f\u00edsicas e as penalidades psicol\u00f3gicas a que tenho sido exposta, o fato de ter realizado um sonho de mais de 20 anos &#8211; ver os c\u00e3es serem tratados com respeito, carinho e com todo amor que pude observar sendo emitido pelos participantes desse projeto-piloto \u2013 afirmo que, apesar de cada batalha se mostrar quase imposs\u00edvel de ser vencida, tudo est\u00e1 valendo a pena!\u00a0Meu muito obrigada a todos, Eliane Diniz.&#8221;<\/em><\/p>\n<div id=\"attachment_146\" style=\"width: 232px\" class=\"wp-caption aligncenter\"><a href=\"https:\/\/wp.ufpel.edu.br\/prodic\/files\/2017\/08\/19895110_1465568916897824_4479832065040869198_n-1.jpg\"><img loading=\"lazy\" decoding=\"async\" aria-describedby=\"caption-attachment-146\" class=\"wp-image-146 size-medium\" src=\"https:\/\/wp.ufpel.edu.br\/prodic\/files\/2017\/08\/19895110_1465568916897824_4479832065040869198_n-1-232x318.jpg\" alt=\"\" width=\"232\" height=\"318\" srcset=\"https:\/\/wp.ufpel.edu.br\/prodic\/files\/2017\/08\/19895110_1465568916897824_4479832065040869198_n-1-232x318.jpg 232w, https:\/\/wp.ufpel.edu.br\/prodic\/files\/2017\/08\/19895110_1465568916897824_4479832065040869198_n-1-116x159.jpg 116w, https:\/\/wp.ufpel.edu.br\/prodic\/files\/2017\/08\/19895110_1465568916897824_4479832065040869198_n-1-600x824.jpg 600w, https:\/\/wp.ufpel.edu.br\/prodic\/files\/2017\/08\/19895110_1465568916897824_4479832065040869198_n-1.jpg 635w\" sizes=\"auto, (max-width: 232px) 100vw, 232px\" \/><\/a><p id=\"caption-attachment-146\" class=\"wp-caption-text\">Professora Dra. Josaine Rappeti, coordenadora do PRODIC &#8211; Projeto Dioctophyma renale em c\u00e3es e gatos &#8211; realizando tratamento cir\u00fargico dos pacientes da ONG A4.<\/p><\/div>\n<p><a href=\"https:\/\/wp.ufpel.edu.br\/prodic\/files\/2017\/08\/74ec3f9e-de1a-42a2-8234-b0c92281dd66-2.jpg\"><img loading=\"lazy\" decoding=\"async\" class=\"size-medium wp-image-144 aligncenter\" src=\"https:\/\/wp.ufpel.edu.br\/prodic\/files\/2017\/08\/74ec3f9e-de1a-42a2-8234-b0c92281dd66-2-424x318.jpg\" alt=\"\" width=\"424\" height=\"318\" srcset=\"https:\/\/wp.ufpel.edu.br\/prodic\/files\/2017\/08\/74ec3f9e-de1a-42a2-8234-b0c92281dd66-2-424x318.jpg 424w, https:\/\/wp.ufpel.edu.br\/prodic\/files\/2017\/08\/74ec3f9e-de1a-42a2-8234-b0c92281dd66-2-212x159.jpg 212w, https:\/\/wp.ufpel.edu.br\/prodic\/files\/2017\/08\/74ec3f9e-de1a-42a2-8234-b0c92281dd66-2-768x576.jpg 768w, https:\/\/wp.ufpel.edu.br\/prodic\/files\/2017\/08\/74ec3f9e-de1a-42a2-8234-b0c92281dd66-2-945x709.jpg 945w, https:\/\/wp.ufpel.edu.br\/prodic\/files\/2017\/08\/74ec3f9e-de1a-42a2-8234-b0c92281dd66-2-600x450.jpg 600w, https:\/\/wp.ufpel.edu.br\/prodic\/files\/2017\/08\/74ec3f9e-de1a-42a2-8234-b0c92281dd66-2.jpg 1280w\" sizes=\"auto, (max-width: 424px) 100vw, 424px\" \/><\/a><\/p>\n<p style=\"text-align: justify\">Agradecemos enormemente \u00e0 professora Eliane Diniz pela exaustiva dedica\u00e7\u00e3o e esfor\u00e7o com os cuidados dos nossos pacientes. Ao professor Dr. Carlos Eduardo Wayne Nogueira por colaborar com a iniciativa e ceder, de forma t\u00e3o bonita, todas as instala\u00e7\u00f5es do HCV-UFPel para a realiza\u00e7\u00e3o dos trabalhos. Aos demais envolvidos, seja com a ONG ou com a realiza\u00e7\u00e3o dos trabalhos dentro do Hospital, nosso mais sincero agradecimento. Al\u00e9m disso, agradecemos tamb\u00e9m a todos os participantes do I DIOCTOFIMATOSE EM FOCO, pois os pacientes com dioctofimatose tiveram o tratamento custeado com o valor arrecadado durante o ciclo.\u00a0<strong>Sem voc\u00eas, nada disso seria poss\u00edvel!<\/strong><\/p>\n<p><a href=\"https:\/\/wp.ufpel.edu.br\/prodic\/files\/2017\/08\/1e0da5b2-a996-4805-b609-bfdb9155644d-2.jpg\"><img loading=\"lazy\" decoding=\"async\" class=\"size-medium wp-image-141 aligncenter\" src=\"https:\/\/wp.ufpel.edu.br\/prodic\/files\/2017\/08\/1e0da5b2-a996-4805-b609-bfdb9155644d-2-424x318.jpg\" alt=\"\" width=\"424\" height=\"318\" srcset=\"https:\/\/wp.ufpel.edu.br\/prodic\/files\/2017\/08\/1e0da5b2-a996-4805-b609-bfdb9155644d-2-424x318.jpg 424w, https:\/\/wp.ufpel.edu.br\/prodic\/files\/2017\/08\/1e0da5b2-a996-4805-b609-bfdb9155644d-2-212x159.jpg 212w, https:\/\/wp.ufpel.edu.br\/prodic\/files\/2017\/08\/1e0da5b2-a996-4805-b609-bfdb9155644d-2-768x576.jpg 768w, https:\/\/wp.ufpel.edu.br\/prodic\/files\/2017\/08\/1e0da5b2-a996-4805-b609-bfdb9155644d-2-945x709.jpg 945w, https:\/\/wp.ufpel.edu.br\/prodic\/files\/2017\/08\/1e0da5b2-a996-4805-b609-bfdb9155644d-2-600x450.jpg 600w, https:\/\/wp.ufpel.edu.br\/prodic\/files\/2017\/08\/1e0da5b2-a996-4805-b609-bfdb9155644d-2.jpg 1280w\" sizes=\"auto, (max-width: 424px) 100vw, 424px\" \/><\/a><\/p>\n<p style=\"text-align: center\"><strong>\u201cCoisas pequenas tornam-se grandes quando feitas com amor\u201d<\/strong><\/p>\n","protected":false},"excerpt":{"rendered":"<p>No \u00faltimo s\u00e1bado, dia 5 de agosto de 2017, o PRODIC, com apoio da equipe m\u00e9dica do Hospital de Cl\u00ednicas Veterin\u00e1ria da Universidade Federal de Pelotas, incluindo professores, m\u00e9dicos-veterin\u00e1rios, m\u00e9dicos-veterin\u00e1rios residentes, laboratoristas e \u00a0estudantes de gradua\u00e7\u00e3o e p\u00f3s-gradua\u00e7\u00e3o, realizou novamente atendimento aos animais albergados pela ONG A4 \u2013 Associa\u00e7\u00e3o dos Amigos dos Animais Abandonados. Neste &hellip; <\/p>\n<p><a class=\"more-link btn\" href=\"https:\/\/wp.ufpel.edu.br\/prodic\/2017\/08\/11\/mais-um-dia-de-sucesso-no-tratamento-de-caes-da-ong-a4\/\">Continue lendo<\/a><\/p>\n","protected":false},"author":549,"featured_media":0,"comment_status":"closed","ping_status":"closed","sticky":false,"template":"","format":"standard","meta":{"footnotes":""},"categories":[1],"tags":[],"class_list":["post-127","post","type-post","status-publish","format-standard","hentry","category-noticias","item-wrap"],"jetpack_featured_media_url":"","_links":{"self":[{"href":"https:\/\/wp.ufpel.edu.br\/prodic\/wp-json\/wp\/v2\/posts\/127","targetHints":{"allow":["GET"]}}],"collection":[{"href":"https:\/\/wp.ufpel.edu.br\/prodic\/wp-json\/wp\/v2\/posts"}],"about":[{"href":"https:\/\/wp.ufpel.edu.br\/prodic\/wp-json\/wp\/v2\/types\/post"}],"author":[{"embeddable":true,"href":"https:\/\/wp.ufpel.edu.br\/prodic\/wp-json\/wp\/v2\/users\/549"}],"replies":[{"embeddable":true,"href":"https:\/\/wp.ufpel.edu.br\/prodic\/wp-json\/wp\/v2\/comments?post=127"}],"version-history":[{"count":6,"href":"https:\/\/wp.ufpel.edu.br\/prodic\/wp-json\/wp\/v2\/posts\/127\/revisions"}],"predecessor-version":[{"id":156,"href":"https:\/\/wp.ufpel.edu.br\/prodic\/wp-json\/wp\/v2\/posts\/127\/revisions\/156"}],"wp:attachment":[{"href":"https:\/\/wp.ufpel.edu.br\/prodic\/wp-json\/wp\/v2\/media?parent=127"}],"wp:term":[{"taxonomy":"category","embeddable":true,"href":"https:\/\/wp.ufpel.edu.br\/prodic\/wp-json\/wp\/v2\/categories?post=127"},{"taxonomy":"post_tag","embeddable":true,"href":"https:\/\/wp.ufpel.edu.br\/prodic\/wp-json\/wp\/v2\/tags?post=127"}],"curies":[{"name":"wp","href":"https:\/\/api.w.org\/{rel}","templated":true}]}}