{"id":118,"date":"2017-07-24T00:19:25","date_gmt":"2017-07-24T03:19:25","guid":{"rendered":"https:\/\/wp.ufpel.edu.br\/prodic\/?p=118"},"modified":"2017-07-24T00:19:25","modified_gmt":"2017-07-24T03:19:25","slug":"novas-conquistas-do-prodic","status":"publish","type":"post","link":"https:\/\/wp.ufpel.edu.br\/prodic\/2017\/07\/24\/novas-conquistas-do-prodic\/","title":{"rendered":"Novas conquistas do PRODIC!"},"content":{"rendered":"<p>Com grande alegria a Equipe PRODIC \u00a0comemora as suas \u00faltimas conquistas! \u00a0No dia 14 da Julho a colaboradora Marina Zanin ganhou o pr\u00eamio de <strong>DESTAQUE<\/strong> na \u00e1rea de Extens\u00e3o do V Simp\u00f3sio de Biotecnologia . O Simp\u00f3sio foi organizado por alunos do curso de Biotecnologia da Universidade Federal de Pelotas e ocorreu de 10 \u00e0 14 de julho, na Faculdade de Agronomia Eliseu Maciel.<\/p>\n<p>&nbsp;<\/p>\n<p><a href=\"https:\/\/wp.ufpel.edu.br\/prodic\/files\/2017\/07\/19905135_1459634777464337_1151301255403500937_n.jpg\"><img loading=\"lazy\" decoding=\"async\" class=\"size-medium wp-image-120 aligncenter\" src=\"https:\/\/wp.ufpel.edu.br\/prodic\/files\/2017\/07\/19905135_1459634777464337_1151301255403500937_n-318x318.jpg\" alt=\"\" width=\"318\" height=\"318\" srcset=\"https:\/\/wp.ufpel.edu.br\/prodic\/files\/2017\/07\/19905135_1459634777464337_1151301255403500937_n-318x318.jpg 318w, https:\/\/wp.ufpel.edu.br\/prodic\/files\/2017\/07\/19905135_1459634777464337_1151301255403500937_n-159x159.jpg 159w, https:\/\/wp.ufpel.edu.br\/prodic\/files\/2017\/07\/19905135_1459634777464337_1151301255403500937_n-768x768.jpg 768w, https:\/\/wp.ufpel.edu.br\/prodic\/files\/2017\/07\/19905135_1459634777464337_1151301255403500937_n-945x945.jpg 945w, https:\/\/wp.ufpel.edu.br\/prodic\/files\/2017\/07\/19905135_1459634777464337_1151301255403500937_n-600x600.jpg 600w, https:\/\/wp.ufpel.edu.br\/prodic\/files\/2017\/07\/19905135_1459634777464337_1151301255403500937_n.jpg 960w\" sizes=\"auto, (max-width: 318px) 100vw, 318px\" \/><\/a><\/p>\n<p>&nbsp;<\/p>\n<p>Al\u00e9m disso, no dia 18 de Julho, o trabalho intitulado &#8220;Uso da rede municipal de ensino para divulga\u00e7\u00e3o da doen\u00e7a dioctofimatose (verme gigante do rim) na cidade de Pelotas-RS&#8221; \u00a0foi classificado entre os 15 melhores trabalhos da Universidade Federal de Pelotas. Os trabalhos classificados ser\u00e3o levados ao 35\u00ba SEURS &#8211; Semin\u00e1rio de Extens\u00e3o Universit\u00e1ria da Regi\u00e3o Sul, a ocorrer em Foz do Igua\u00e7u-PR no per\u00edodo de 30 de outubro a 01 de novembro. O PRODIC ser\u00e1 representado por sua bolsista de extens\u00e3o Vit\u00f3ria Gausmann, na modalidade Apresenta\u00e7\u00e3o Oral.<\/p>\n<p><img loading=\"lazy\" decoding=\"async\" class=\"size-medium wp-image-121 aligncenter\" src=\"https:\/\/wp.ufpel.edu.br\/prodic\/files\/2017\/07\/selecionados-359x318.png\" alt=\"\" width=\"359\" height=\"318\" srcset=\"https:\/\/wp.ufpel.edu.br\/prodic\/files\/2017\/07\/selecionados-359x318.png 359w, https:\/\/wp.ufpel.edu.br\/prodic\/files\/2017\/07\/selecionados-180x159.png 180w, https:\/\/wp.ufpel.edu.br\/prodic\/files\/2017\/07\/selecionados-600x531.png 600w, https:\/\/wp.ufpel.edu.br\/prodic\/files\/2017\/07\/selecionados.png 609w\" sizes=\"auto, (max-width: 359px) 100vw, 359px\" \/><\/p>\n<p>&nbsp;<\/p>\n<p>Ambos trabalhos foram realizados sob orienta\u00e7\u00e3o da Professora Doutora Josaine Cristina da Silva Rappeti, coordenadora do grupo PRODIC.<\/p>\n<p>&nbsp;<\/p>\n<p>&nbsp;<\/p>\n<p>&nbsp;<\/p>\n","protected":false},"excerpt":{"rendered":"<p>Com grande alegria a Equipe PRODIC \u00a0comemora as suas \u00faltimas conquistas! \u00a0No dia 14 da Julho a colaboradora Marina Zanin ganhou o pr\u00eamio de DESTAQUE na \u00e1rea de Extens\u00e3o do V Simp\u00f3sio de Biotecnologia . O Simp\u00f3sio foi organizado por alunos do curso de Biotecnologia da Universidade Federal de Pelotas e ocorreu de 10 \u00e0 &hellip; <\/p>\n<p><a class=\"more-link btn\" href=\"https:\/\/wp.ufpel.edu.br\/prodic\/2017\/07\/24\/novas-conquistas-do-prodic\/\">Continue lendo<\/a><\/p>\n","protected":false},"author":549,"featured_media":0,"comment_status":"closed","ping_status":"closed","sticky":false,"template":"","format":"standard","meta":{"footnotes":""},"categories":[1],"tags":[],"class_list":["post-118","post","type-post","status-publish","format-standard","hentry","category-noticias","item-wrap"],"jetpack_featured_media_url":"","_links":{"self":[{"href":"https:\/\/wp.ufpel.edu.br\/prodic\/wp-json\/wp\/v2\/posts\/118","targetHints":{"allow":["GET"]}}],"collection":[{"href":"https:\/\/wp.ufpel.edu.br\/prodic\/wp-json\/wp\/v2\/posts"}],"about":[{"href":"https:\/\/wp.ufpel.edu.br\/prodic\/wp-json\/wp\/v2\/types\/post"}],"author":[{"embeddable":true,"href":"https:\/\/wp.ufpel.edu.br\/prodic\/wp-json\/wp\/v2\/users\/549"}],"replies":[{"embeddable":true,"href":"https:\/\/wp.ufpel.edu.br\/prodic\/wp-json\/wp\/v2\/comments?post=118"}],"version-history":[{"count":4,"href":"https:\/\/wp.ufpel.edu.br\/prodic\/wp-json\/wp\/v2\/posts\/118\/revisions"}],"predecessor-version":[{"id":125,"href":"https:\/\/wp.ufpel.edu.br\/prodic\/wp-json\/wp\/v2\/posts\/118\/revisions\/125"}],"wp:attachment":[{"href":"https:\/\/wp.ufpel.edu.br\/prodic\/wp-json\/wp\/v2\/media?parent=118"}],"wp:term":[{"taxonomy":"category","embeddable":true,"href":"https:\/\/wp.ufpel.edu.br\/prodic\/wp-json\/wp\/v2\/categories?post=118"},{"taxonomy":"post_tag","embeddable":true,"href":"https:\/\/wp.ufpel.edu.br\/prodic\/wp-json\/wp\/v2\/tags?post=118"}],"curies":[{"name":"wp","href":"https:\/\/api.w.org\/{rel}","templated":true}]}}