{"id":101,"date":"2017-07-10T21:48:02","date_gmt":"2017-07-11T00:48:02","guid":{"rendered":"https:\/\/wp.ufpel.edu.br\/prodic\/?p=101"},"modified":"2017-07-10T21:48:02","modified_gmt":"2017-07-11T00:48:02","slug":"i-ciclo-de-palestras-dioctofimatose-em-foco-sucesso-absoluto","status":"publish","type":"post","link":"https:\/\/wp.ufpel.edu.br\/prodic\/2017\/07\/10\/i-ciclo-de-palestras-dioctofimatose-em-foco-sucesso-absoluto\/","title":{"rendered":"I Ciclo de Palestras DIOCTOFIMATOSE EM FOCO &#8211; Sucesso absoluto!"},"content":{"rendered":"<p style=\"text-align: justify\">Na \u00faltima semana, entre os dias 3 e 6 de Julho de 2017 o PRODIC realizou o I Ciclo de Palestras DIOCTOFIMATOSE EM FOCO na Faculdade de Veterin\u00e1ria. Contando com quatro palestras, o evento abordou os pontos mais importantes relacionados \u00e0 Dioctofimatose.<\/p>\n<p><a href=\"https:\/\/wp.ufpel.edu.br\/prodic\/files\/2017\/06\/dioctofimatose-em-foco-1.png\"><img loading=\"lazy\" decoding=\"async\" class=\" wp-image-86 aligncenter\" src=\"https:\/\/wp.ufpel.edu.br\/prodic\/files\/2017\/06\/dioctofimatose-em-foco-1-239x318.png\" alt=\"\" width=\"295\" height=\"393\" srcset=\"https:\/\/wp.ufpel.edu.br\/prodic\/files\/2017\/06\/dioctofimatose-em-foco-1-239x318.png 239w, https:\/\/wp.ufpel.edu.br\/prodic\/files\/2017\/06\/dioctofimatose-em-foco-1-120x159.png 120w, https:\/\/wp.ufpel.edu.br\/prodic\/files\/2017\/06\/dioctofimatose-em-foco-1.png 573w\" sizes=\"auto, (max-width: 295px) 100vw, 295px\" \/><\/a><\/p>\n<p>&nbsp;<\/p>\n<p style=\"text-align: justify\">A Dra. Carolina Mascarenhas abordou diversos t\u00f3picos sobre a biologia de\u00a0<em>Dioctophyme renale\u00a0<\/em>e a epidemiologia da dioctofimatose. O Dr. Guilherme Cavalcanti destacou a import\u00e2ncia dos m\u00e9todos de diagn\u00f3stico por imagem e da eletrocardiografia no paciente com dioctofimatose.<\/p>\n<p>&nbsp;<\/p>\n<p><a href=\"https:\/\/wp.ufpel.edu.br\/prodic\/files\/2017\/07\/19731926_1461505277304188_2007198865029901735_n.jpg\"><img loading=\"lazy\" decoding=\"async\" class=\"alignnone  wp-image-106\" src=\"https:\/\/wp.ufpel.edu.br\/prodic\/files\/2017\/07\/19731926_1461505277304188_2007198865029901735_n-424x318.jpg\" alt=\"\" width=\"303\" height=\"227\" srcset=\"https:\/\/wp.ufpel.edu.br\/prodic\/files\/2017\/07\/19731926_1461505277304188_2007198865029901735_n-424x318.jpg 424w, https:\/\/wp.ufpel.edu.br\/prodic\/files\/2017\/07\/19731926_1461505277304188_2007198865029901735_n-212x159.jpg 212w, https:\/\/wp.ufpel.edu.br\/prodic\/files\/2017\/07\/19731926_1461505277304188_2007198865029901735_n-768x576.jpg 768w, https:\/\/wp.ufpel.edu.br\/prodic\/files\/2017\/07\/19731926_1461505277304188_2007198865029901735_n-945x709.jpg 945w, https:\/\/wp.ufpel.edu.br\/prodic\/files\/2017\/07\/19731926_1461505277304188_2007198865029901735_n-600x450.jpg 600w, https:\/\/wp.ufpel.edu.br\/prodic\/files\/2017\/07\/19731926_1461505277304188_2007198865029901735_n.jpg 960w\" sizes=\"auto, (max-width: 303px) 100vw, 303px\" \/><\/a> <a href=\"https:\/\/wp.ufpel.edu.br\/prodic\/files\/2017\/07\/19732277_1461505607304155_1614864111238090171_n.jpg\"><img loading=\"lazy\" decoding=\"async\" class=\"wp-image-107 alignright\" src=\"https:\/\/wp.ufpel.edu.br\/prodic\/files\/2017\/07\/19732277_1461505607304155_1614864111238090171_n-424x318.jpg\" alt=\"\" width=\"300\" height=\"225\" srcset=\"https:\/\/wp.ufpel.edu.br\/prodic\/files\/2017\/07\/19732277_1461505607304155_1614864111238090171_n-424x318.jpg 424w, https:\/\/wp.ufpel.edu.br\/prodic\/files\/2017\/07\/19732277_1461505607304155_1614864111238090171_n-212x159.jpg 212w, https:\/\/wp.ufpel.edu.br\/prodic\/files\/2017\/07\/19732277_1461505607304155_1614864111238090171_n-768x576.jpg 768w, https:\/\/wp.ufpel.edu.br\/prodic\/files\/2017\/07\/19732277_1461505607304155_1614864111238090171_n-945x709.jpg 945w, https:\/\/wp.ufpel.edu.br\/prodic\/files\/2017\/07\/19732277_1461505607304155_1614864111238090171_n-600x450.jpg 600w, https:\/\/wp.ufpel.edu.br\/prodic\/files\/2017\/07\/19732277_1461505607304155_1614864111238090171_n.jpg 960w\" sizes=\"auto, (max-width: 300px) 100vw, 300px\" \/><\/a><\/p>\n<p style=\"text-align: justify\">O Dr. Martielo Gehrcke discursou sobre a anestesia e o seu impacto sobre o sistema renal. J\u00e1 a Dra. Josaine Rappeti compartilhou diversos casos e curiosidades acerca da dioctofimatose, registrados na sua pr\u00e1tica como cirurgi\u00e3.<\/p>\n<p style=\"text-align: justify\">O evento, de cunho beneficente, permitir\u00e1 o tratamento de <strong>oito pacientes com dioctofimatose<\/strong>, a serem tratados no Hospital de Cl\u00ednicas Veterin\u00e1ria da Universidade Federal de Pelotas. O professor Martielo Gehrcke, representando o HCV-UFPel, recebeu a quantia arrecadada, como forma de registrar o acordo realizado.<\/p>\n<p>&nbsp;<\/p>\n<p><a href=\"https:\/\/wp.ufpel.edu.br\/prodic\/files\/2017\/07\/DSCF0082.jpg\"><img loading=\"lazy\" decoding=\"async\" class=\"alignnone  wp-image-109\" src=\"https:\/\/wp.ufpel.edu.br\/prodic\/files\/2017\/07\/DSCF0082-424x318.jpg\" alt=\"\" width=\"308\" height=\"231\" srcset=\"https:\/\/wp.ufpel.edu.br\/prodic\/files\/2017\/07\/DSCF0082-424x318.jpg 424w, https:\/\/wp.ufpel.edu.br\/prodic\/files\/2017\/07\/DSCF0082-212x159.jpg 212w, https:\/\/wp.ufpel.edu.br\/prodic\/files\/2017\/07\/DSCF0082-768x576.jpg 768w, https:\/\/wp.ufpel.edu.br\/prodic\/files\/2017\/07\/DSCF0082-945x709.jpg 945w, https:\/\/wp.ufpel.edu.br\/prodic\/files\/2017\/07\/DSCF0082-600x450.jpg 600w\" sizes=\"auto, (max-width: 308px) 100vw, 308px\" \/><\/a><a href=\"https:\/\/wp.ufpel.edu.br\/prodic\/files\/2017\/07\/DSCF0085.jpg\"><img loading=\"lazy\" decoding=\"async\" class=\"wp-image-110 alignright\" src=\"https:\/\/wp.ufpel.edu.br\/prodic\/files\/2017\/07\/DSCF0085-424x318.jpg\" alt=\"\" width=\"319\" height=\"239\" srcset=\"https:\/\/wp.ufpel.edu.br\/prodic\/files\/2017\/07\/DSCF0085-424x318.jpg 424w, https:\/\/wp.ufpel.edu.br\/prodic\/files\/2017\/07\/DSCF0085-212x159.jpg 212w, https:\/\/wp.ufpel.edu.br\/prodic\/files\/2017\/07\/DSCF0085-768x576.jpg 768w, https:\/\/wp.ufpel.edu.br\/prodic\/files\/2017\/07\/DSCF0085-945x709.jpg 945w, https:\/\/wp.ufpel.edu.br\/prodic\/files\/2017\/07\/DSCF0085-600x450.jpg 600w\" sizes=\"auto, (max-width: 319px) 100vw, 319px\" \/><\/a><\/p>\n<p>&nbsp;<\/p>\n<p style=\"text-align: justify\">O PRODIC considera o I CICLO DE PALESTRAS DIOCTOFIMATOSE EM FOCO um sucesso e comemora com extrema alegria a possibilidade de tratar 8 pacientes, oriundos de fam\u00edlias carentes, com os recursos arrecadados.<\/p>\n<p style=\"text-align: justify\">Agradecemos principalmente a voc\u00ea, por nos prestigiar neste evento t\u00e3o importante!<\/p>\n<div id=\"attachment_111\" style=\"width: 424px\" class=\"wp-caption aligncenter\"><a href=\"https:\/\/wp.ufpel.edu.br\/prodic\/files\/2017\/07\/DSCF0092.jpg\"><img loading=\"lazy\" decoding=\"async\" aria-describedby=\"caption-attachment-111\" class=\"wp-image-111 size-medium\" src=\"https:\/\/wp.ufpel.edu.br\/prodic\/files\/2017\/07\/DSCF0092-424x318.jpg\" alt=\"\" width=\"424\" height=\"318\" srcset=\"https:\/\/wp.ufpel.edu.br\/prodic\/files\/2017\/07\/DSCF0092-424x318.jpg 424w, https:\/\/wp.ufpel.edu.br\/prodic\/files\/2017\/07\/DSCF0092-212x159.jpg 212w, https:\/\/wp.ufpel.edu.br\/prodic\/files\/2017\/07\/DSCF0092-768x576.jpg 768w, https:\/\/wp.ufpel.edu.br\/prodic\/files\/2017\/07\/DSCF0092-945x709.jpg 945w, https:\/\/wp.ufpel.edu.br\/prodic\/files\/2017\/07\/DSCF0092-600x450.jpg 600w\" sizes=\"auto, (max-width: 424px) 100vw, 424px\" \/><\/a><p id=\"caption-attachment-111\" class=\"wp-caption-text\">Equipe PRODIC e demais atuantes do I CICLO DE PALESTRAS DIOCTOFIMATOSE EM FOCO<\/p><\/div>\n<p>&nbsp;<\/p>\n","protected":false},"excerpt":{"rendered":"<p>Na \u00faltima semana, entre os dias 3 e 6 de Julho de 2017 o PRODIC realizou o I Ciclo de Palestras DIOCTOFIMATOSE EM FOCO na Faculdade de Veterin\u00e1ria. Contando com quatro palestras, o evento abordou os pontos mais importantes relacionados \u00e0 Dioctofimatose. &nbsp; A Dra. Carolina Mascarenhas abordou diversos t\u00f3picos sobre a biologia de\u00a0Dioctophyme renale\u00a0e &hellip; <\/p>\n<p><a class=\"more-link btn\" href=\"https:\/\/wp.ufpel.edu.br\/prodic\/2017\/07\/10\/i-ciclo-de-palestras-dioctofimatose-em-foco-sucesso-absoluto\/\">Continue lendo<\/a><\/p>\n","protected":false},"author":549,"featured_media":0,"comment_status":"closed","ping_status":"closed","sticky":false,"template":"","format":"standard","meta":{"footnotes":""},"categories":[1],"tags":[],"class_list":["post-101","post","type-post","status-publish","format-standard","hentry","category-noticias","item-wrap"],"jetpack_featured_media_url":"","_links":{"self":[{"href":"https:\/\/wp.ufpel.edu.br\/prodic\/wp-json\/wp\/v2\/posts\/101","targetHints":{"allow":["GET"]}}],"collection":[{"href":"https:\/\/wp.ufpel.edu.br\/prodic\/wp-json\/wp\/v2\/posts"}],"about":[{"href":"https:\/\/wp.ufpel.edu.br\/prodic\/wp-json\/wp\/v2\/types\/post"}],"author":[{"embeddable":true,"href":"https:\/\/wp.ufpel.edu.br\/prodic\/wp-json\/wp\/v2\/users\/549"}],"replies":[{"embeddable":true,"href":"https:\/\/wp.ufpel.edu.br\/prodic\/wp-json\/wp\/v2\/comments?post=101"}],"version-history":[{"count":7,"href":"https:\/\/wp.ufpel.edu.br\/prodic\/wp-json\/wp\/v2\/posts\/101\/revisions"}],"predecessor-version":[{"id":116,"href":"https:\/\/wp.ufpel.edu.br\/prodic\/wp-json\/wp\/v2\/posts\/101\/revisions\/116"}],"wp:attachment":[{"href":"https:\/\/wp.ufpel.edu.br\/prodic\/wp-json\/wp\/v2\/media?parent=101"}],"wp:term":[{"taxonomy":"category","embeddable":true,"href":"https:\/\/wp.ufpel.edu.br\/prodic\/wp-json\/wp\/v2\/categories?post=101"},{"taxonomy":"post_tag","embeddable":true,"href":"https:\/\/wp.ufpel.edu.br\/prodic\/wp-json\/wp\/v2\/tags?post=101"}],"curies":[{"name":"wp","href":"https:\/\/api.w.org\/{rel}","templated":true}]}}