{"id":1261,"date":"2023-09-18T16:00:04","date_gmt":"2023-09-18T19:00:04","guid":{"rendered":"https:\/\/wp.ufpel.edu.br\/processosgerenciais\/?p=1261"},"modified":"2024-08-06T19:38:58","modified_gmt":"2024-08-06T22:38:58","slug":"defesas-de-tcc-2023-1-do-processos-gerenciais","status":"publish","type":"post","link":"https:\/\/wp.ufpel.edu.br\/processosgerenciais\/2023\/09\/18\/defesas-de-tcc-2023-1-do-processos-gerenciais\/","title":{"rendered":"Defesas de TCC 2023\/1 do Processos Gerenciais"},"content":{"rendered":"<p>&#8230;&#8230;&#8230;&#8230;&#8230;&#8230;&#8230;&#8230;&#8230;&#8230;&#8230;&#8230;&#8230;&#8230;&#8230;&#8230;&#8230;&#8230;&#8230;&#8230;.<\/p>\n<p><strong>Discente<\/strong>: LAIZA DA SILVA MACHADO<\/p>\n<p><strong>Orientadora<\/strong>: <span style=\"font-weight: 400;\">Francielle Molon da Silva<\/span><\/p>\n<p><strong>Banca<\/strong>: <span style=\"font-weight: 400;\">Francielle Molon da Silva,\u00a0<\/span><span style=\"font-weight: 400;\">Luciana Fiorentino Novo e\u00a0<\/span><span style=\"font-weight: 400;\">Flavia Braga Azambuja<\/span><\/p>\n<p><strong>T\u00edtulo do Trabalho<\/strong>: <span style=\"font-weight: 400;\">Trajet\u00f3ria das egressas do curso de Processos Gerenciais para assumirem cargos de <\/span><span style=\"font-weight: 400;\">lideran\u00e7a<\/span><\/p>\n<p><strong>Data e hor\u00e1rio<\/strong>: <span style=\"font-weight: 400;\">14\/09\/2023 \u00e0s <\/span><span style=\"font-weight: 400;\">17:30<\/span><\/p>\n<p><strong>Local<\/strong>: Sala da P\u00f3s-Gradua\u00e7\u00e3o 2 do CCSO<\/p>\n<p>&#8230;&#8230;&#8230;&#8230;&#8230;&#8230;&#8230;&#8230;&#8230;&#8230;&#8230;&#8230;&#8230;&#8230;&#8230;&#8230;&#8230;&#8230;&#8230;&#8230;.<\/p>\n<p><strong>Discente<\/strong>: WENDELL PETERS GARCIA<\/p>\n<p><strong>Orientadora<\/strong>: <span style=\"font-weight: 400;\">Maurel Rosa de Oliveira<\/span><\/p>\n<p><strong>Banca<\/strong>: <span style=\"font-weight: 400;\">Francielle Molon da Silva e <\/span><span style=\"font-weight: 400;\">Alisson Eduardo Maehler<\/span><\/p>\n<p><strong>T\u00edtulo do Trabalho<\/strong>: <span style=\"font-weight: 400;\">Plano Neg\u00f3cio &#8211; <\/span><span style=\"font-weight: 400;\">Apolo Solu\u00e7\u00f5es &#8211; Consultoria para Distribuidoras <\/span><\/p>\n<p><strong>Data e hor\u00e1rio<\/strong>: <span style=\"font-weight: 400;\">22\/09\/2023 \u00e0s <\/span><span style=\"font-weight: 400;\">16:00<\/span><\/p>\n<p><strong>Local<\/strong>: Salas da P\u00f3s-Gradua\u00e7\u00e3o do CCSO<\/p>\n<p>&#8230;&#8230;&#8230;&#8230;&#8230;&#8230;&#8230;&#8230;&#8230;&#8230;&#8230;&#8230;&#8230;&#8230;&#8230;&#8230;&#8230;&#8230;&#8230;&#8230;.<\/p>\n<p><strong>Discente<\/strong>: <span style=\"font-weight: 400;\">ADRIANO ROCKEMBACH GON\u00c7ALVES<\/span><\/p>\n<p><strong>Orientadora<\/strong>: <span style=\"font-weight: 400;\">Ana Paula Lemos Centeno<\/span><\/p>\n<p><strong>Banca<\/strong>:\u00a0<span style=\"font-weight: 400;\">Francielle Molon da Silva e\u00a0<\/span><span style=\"font-weight: 400;\">Mait\u00ea de Siqueira Brahm<\/span><\/p>\n<p><strong>T\u00edtulo do Trabalho<\/strong>: <span style=\"font-weight: 400;\">Empreendedorismo das pessoas com defici\u00eancia na cidade de Pelotas<\/span><\/p>\n<p><strong>Data e hor\u00e1rio<\/strong>: <span style=\"font-weight: 400;\">27\/09\/2023, \u00e0s 14h<\/span><\/p>\n<p><strong>Local<\/strong>: Sala 2 da P\u00f3s-Gradua\u00e7\u00e3o do CCSO<\/p>\n<p>&#8230;&#8230;&#8230;&#8230;&#8230;&#8230;&#8230;&#8230;&#8230;&#8230;&#8230;&#8230;&#8230;&#8230;&#8230;&#8230;&#8230;&#8230;&#8230;&#8230;.<\/p>\n<p><strong>Discente<\/strong>: <span style=\"font-weight: 400;\">J\u00e9ssica Miriam Vieira da Silveira e G<\/span><span style=\"font-weight: 400;\">uilherme Gon\u00e7alves dos Santos Trindade<\/span><\/p>\n<p><strong>Orientadora<\/strong>: <span style=\"font-weight: 400;\">Ana Paula Lemos Centeno<\/span><\/p>\n<p><strong>Banca<\/strong>:\u00a0<span style=\"font-weight: 400;\">Isabel Teresinha Dutra Soares e\u00a0<\/span><span style=\"font-weight: 400;\">Luciana Nunes Ferreira<\/span><\/p>\n<p><strong>T\u00edtulo do Trabalho<\/strong>: <span style=\"font-weight: 400;\">Tri Doces &#8211; Doces de Pote<\/span><\/p>\n<p><strong>Data e hor\u00e1rio<\/strong>: <span style=\"font-weight: 400;\">27\/09\/2023, \u00e0s 15h<\/span><\/p>\n<p><strong>Local<\/strong>: Sala 2 da P\u00f3s-Gradua\u00e7\u00e3o do CCSO<\/p>\n<p>&#8230;&#8230;&#8230;&#8230;&#8230;&#8230;&#8230;&#8230;&#8230;&#8230;&#8230;&#8230;&#8230;&#8230;&#8230;&#8230;&#8230;&#8230;&#8230;&#8230;.<\/p>\n<p><strong>Discente<\/strong>: <span style=\"font-weight: 400;\">Anthony Manoel Ferreira\u00a0 Pinto e <\/span><span style=\"font-weight: 400;\">Luciano Cabreira Lopes Junior<\/span><\/p>\n<p><strong>Orientadora<\/strong>: <span style=\"font-weight: 400;\">Ana Paula Lemos Centeno<\/span><\/p>\n<p><strong>Banca<\/strong>:\u00a0<span style=\"font-weight: 400;\">Priscila Nesello e\u00a0<\/span><span style=\"font-weight: 400;\">Isabel Teresinha Dutra Soares<\/span><\/p>\n<p><strong>T\u00edtulo do Trabalho<\/strong>: <span style=\"font-weight: 400;\">The Old School Barbershop<\/span><\/p>\n<p><strong>Data e hor\u00e1rio<\/strong>: <span style=\"font-weight: 400;\">27\/09\/2023, \u00e0s 19h<\/span><\/p>\n<p><strong>Local<\/strong>: https:\/\/webconf.ufpel.edu.br\/b\/ana-lm0-haj-ckx<\/p>\n<p>&#8230;&#8230;&#8230;&#8230;&#8230;&#8230;&#8230;&#8230;&#8230;&#8230;&#8230;&#8230;&#8230;&#8230;&#8230;&#8230;&#8230;&#8230;&#8230;&#8230;.<\/p>\n<p><strong>Discente<\/strong>: GUSTAVO DA SILVA GASTAL<\/p>\n<p><strong>Orientadora<\/strong>: <span style=\"font-weight: 400;\">Maurel Rosa de Oliveira<\/span><\/p>\n<p><strong>Banca<\/strong>: <span style=\"font-weight: 400;\">Francielle Molon da Silva e <\/span><span style=\"font-weight: 400;\">Alisson Eduardo Maehler<\/span><\/p>\n<p><strong>T\u00edtulo do Trabalho<\/strong>: <span style=\"font-weight: 400;\">Marketing e pandemia da COVID-19; o impacto do uso das ferramentas do marketing digital na renda de presta\u00e7\u00f5es de servi\u00e7os na cidade de Pelotas-RS<\/span><\/p>\n<p><strong>Data e hor\u00e1rio<\/strong>: <span style=\"font-weight: 400;\">28\/09\/2023 \u00e0s <\/span><span style=\"font-weight: 400;\">16:00<\/span><\/p>\n<p><strong>Local<\/strong>: Salas da P\u00f3s-Gradua\u00e7\u00e3o do CCSO<\/p>\n<p>&#8230;&#8230;&#8230;&#8230;&#8230;&#8230;&#8230;&#8230;&#8230;&#8230;&#8230;&#8230;&#8230;&#8230;&#8230;&#8230;&#8230;&#8230;&#8230;&#8230;.<\/p>\n<p><strong>Discentes<\/strong>: ITIARA DIAS FERNANDES e RITHIELY RITTER FARIAS<\/p>\n<p><strong>Orientadora<\/strong>: <span style=\"font-weight: 400;\">Francielle Molon da Silva<\/span><\/p>\n<p><strong>Banca<\/strong>: <span style=\"font-weight: 400;\">Francielle Molon da Silva, <\/span><span style=\"font-weight: 400;\">Ana Paula Lemos Centeno e\u00a0<\/span><span style=\"font-weight: 400;\">Maurel Rosa de Oliveira<\/span><\/p>\n<p><strong>T\u00edtulo do Trabalho<\/strong>: <span style=\"font-weight: 400;\">PESQUISA DE CLIMA ORGANIZACIONAL: AN\u00c1LISE EM UMA <\/span><span style=\"font-weight: 400;\">ASSOCIA\u00c7\u00c3O DE EX-FUNCION\u00c1RIO EM PELOTAS<\/span><\/p>\n<p><strong>Data e hor\u00e1rio<\/strong>: <span style=\"font-weight: 400;\">28\/09\/2023 \u00e0s\u00a0<\/span><span style=\"font-weight: 400;\">17:00<\/span><\/p>\n<p><strong>Local<\/strong>: Sala da P\u00f3s-Gradua\u00e7\u00e3o 2 do CCSO<\/p>\n<p>&#8230;&#8230;&#8230;&#8230;&#8230;&#8230;&#8230;&#8230;&#8230;&#8230;&#8230;&#8230;&#8230;&#8230;&#8230;&#8230;&#8230;&#8230;&#8230;&#8230;.<\/p>\n<p><strong>Discente<\/strong>: ISABELLA DA SILVA ISLAB\u00c3O<\/p>\n<p><strong>Orientadora<\/strong>: <span style=\"font-weight: 400;\">Francielle Molon da Silva<\/span><\/p>\n<p><strong>Banca<\/strong>: <span style=\"font-weight: 400;\">Francielle Molon da Silva, <\/span><span style=\"font-weight: 400;\">Ana Paula Lemos Centeno e\u00a0<\/span><span style=\"font-weight: 400;\">Maurel Rosa de Oliveira<\/span><\/p>\n<p><strong>T\u00b4\u00edtulo do Trabalho<\/strong>: <span style=\"font-weight: 400;\">Satisfa\u00e7\u00e3o no trabalho: avalia\u00e7\u00e3o de uma empresa em Pelotas\/RS<\/span><\/p>\n<p><strong>Data e hor\u00e1rio<\/strong>: <span style=\"font-weight: 400;\">28\/09\/2023 \u00e0s <\/span><span style=\"font-weight: 400;\">18:00<\/span><\/p>\n<p><strong>Local<\/strong>: Sala da P\u00f3s-Gradua\u00e7\u00e3o 2 do CCSO<\/p>\n<p>&#8230;&#8230;&#8230;&#8230;&#8230;&#8230;&#8230;&#8230;&#8230;&#8230;&#8230;&#8230;&#8230;&#8230;&#8230;&#8230;&#8230;&#8230;&#8230;&#8230;.<\/p>\n<p><strong>Discentes<\/strong>: <span style=\"font-weight: 400;\">FRANCIELE ADAMS DE QUEIROZ e <\/span>HENRIQUE CARRILHO SOUSA<\/p>\n<p><strong>Orientadora<\/strong>: <span style=\"font-weight: 400;\">Francielle Molon da Silva<\/span><\/p>\n<p><strong>Banca<\/strong>: <span style=\"font-weight: 400;\">Francielle Molon da Silva, <\/span><span style=\"font-weight: 400;\">Ana Paula Lemos Centeno e\u00a0<\/span><span style=\"font-weight: 400;\">Maurel Rosa de Oliveira<\/span><\/p>\n<p><strong>T\u00b4\u00edtulo do Trabalho<\/strong>: <span style=\"font-weight: 400;\">O SENTIDO DO TRABALHO: Um estudo com artistas circenses<\/span><\/p>\n<p><strong>Data e hor\u00e1rio<\/strong>: <span style=\"font-weight: 400;\">28\/09\/2023 \u00e0s <\/span><span style=\"font-weight: 400;\">19:30<\/span><\/p>\n<p><strong>Local<\/strong>: Sala da P\u00f3s-Gradua\u00e7\u00e3o 2 do CCSO<\/p>\n<p>&#8230;&#8230;&#8230;&#8230;&#8230;&#8230;&#8230;&#8230;&#8230;&#8230;&#8230;&#8230;&#8230;&#8230;&#8230;&#8230;&#8230;&#8230;&#8230;&#8230;.<\/p>\n<p>&nbsp;<\/p>\n","protected":false},"excerpt":{"rendered":"<p>&#8230;&#8230;&#8230;&#8230;&#8230;&#8230;&#8230;&#8230;&#8230;&#8230;&#8230;&#8230;&#8230;&#8230;&#8230;&#8230;&#8230;&#8230;&#8230;&#8230;. Discente: LAIZA DA SILVA MACHADO Orientadora: Francielle Molon da Silva Banca: Francielle Molon da Silva,\u00a0Luciana Fiorentino Novo e\u00a0Flavia Braga Azambuja T\u00edtulo do Trabalho: Trajet\u00f3ria das egressas do curso de Processos Gerenciais para assumirem cargos de lideran\u00e7a Data e hor\u00e1rio: 14\/09\/2023 \u00e0s 17:30 Local: Sala da P\u00f3s-Gradua\u00e7\u00e3o 2 do CCSO &#8230;&#8230;&#8230;&#8230;&#8230;&#8230;&#8230;&#8230;&#8230;&#8230;&#8230;&#8230;&#8230;&#8230;&#8230;&#8230;&#8230;&#8230;&#8230;&#8230;. Discente: WENDELL PETERS GARCIA [&hellip;]<\/p>\n","protected":false},"author":99,"featured_media":0,"comment_status":"closed","ping_status":"closed","sticky":false,"template":"","format":"standard","meta":{"footnotes":""},"categories":[18],"tags":[],"class_list":["post-1261","post","type-post","status-publish","format-standard","hentry","category-sem-categoria"],"jetpack_featured_media_url":"","_links":{"self":[{"href":"https:\/\/wp.ufpel.edu.br\/processosgerenciais\/wp-json\/wp\/v2\/posts\/1261","targetHints":{"allow":["GET"]}}],"collection":[{"href":"https:\/\/wp.ufpel.edu.br\/processosgerenciais\/wp-json\/wp\/v2\/posts"}],"about":[{"href":"https:\/\/wp.ufpel.edu.br\/processosgerenciais\/wp-json\/wp\/v2\/types\/post"}],"author":[{"embeddable":true,"href":"https:\/\/wp.ufpel.edu.br\/processosgerenciais\/wp-json\/wp\/v2\/users\/99"}],"replies":[{"embeddable":true,"href":"https:\/\/wp.ufpel.edu.br\/processosgerenciais\/wp-json\/wp\/v2\/comments?post=1261"}],"version-history":[{"count":6,"href":"https:\/\/wp.ufpel.edu.br\/processosgerenciais\/wp-json\/wp\/v2\/posts\/1261\/revisions"}],"predecessor-version":[{"id":1269,"href":"https:\/\/wp.ufpel.edu.br\/processosgerenciais\/wp-json\/wp\/v2\/posts\/1261\/revisions\/1269"}],"wp:attachment":[{"href":"https:\/\/wp.ufpel.edu.br\/processosgerenciais\/wp-json\/wp\/v2\/media?parent=1261"}],"wp:term":[{"taxonomy":"category","embeddable":true,"href":"https:\/\/wp.ufpel.edu.br\/processosgerenciais\/wp-json\/wp\/v2\/categories?post=1261"},{"taxonomy":"post_tag","embeddable":true,"href":"https:\/\/wp.ufpel.edu.br\/processosgerenciais\/wp-json\/wp\/v2\/tags?post=1261"}],"curies":[{"name":"wp","href":"https:\/\/api.w.org\/{rel}","templated":true}]}}