{"id":6155,"date":"2016-07-06T10:26:40","date_gmt":"2016-07-06T13:26:40","guid":{"rendered":"https:\/\/wp.ufpel.edu.br\/proben\/?p=6155"},"modified":"2016-07-13T09:08:43","modified_gmt":"2016-07-13T12:08:43","slug":"via-procel-sebrae-apresenta-programa-de-eficiencia-energetica-em-pinhalzinho","status":"publish","type":"post","link":"https:\/\/wp.ufpel.edu.br\/proben\/via-procel-sebrae-apresenta-programa-de-eficiencia-energetica-em-pinhalzinho\/","title":{"rendered":"Sebrae apresenta Programa de Efici\u00eancia Energ\u00e9tica em Pinhalzinho"},"content":{"rendered":"<p>Fonte: FACISC \u2013 30.06.2016<\/p>\n<p><strong>Via PROCEL<\/strong><\/p>\n<p style=\"text-align: left\"><a href=\"https:\/\/wp.ufpel.edu.br\/proben\/files\/2016\/07\/sebraesc.jpg\"><img loading=\"lazy\" decoding=\"async\" class=\" wp-image-6171 alignleft\" src=\"https:\/\/wp.ufpel.edu.br\/proben\/files\/2016\/07\/sebraesc.jpg\" alt=\"sebraesc\" width=\"253\" height=\"189\" srcset=\"https:\/\/wp.ufpel.edu.br\/proben\/files\/2016\/07\/sebraesc.jpg 450w, https:\/\/wp.ufpel.edu.br\/proben\/files\/2016\/07\/sebraesc-212x159.jpg 212w, https:\/\/wp.ufpel.edu.br\/proben\/files\/2016\/07\/sebraesc-424x318.jpg 424w\" sizes=\"auto, (max-width: 253px) 100vw, 253px\" \/><\/a><\/p>\n<div id=\"conteudo\">\n<div class=\"fonte\">\n<p style=\"text-align: justify\">Santa Catarina \u2013 Nesta semana, o Sebrae-SC apresentou aos empres\u00e1rios pinhalenses o Programa de Efici\u00eancia Energ\u00e9tica que visa promover a utiliza\u00e7\u00e3o racional e consciente da energia el\u00e9trica, incentivando a redu\u00e7\u00e3o do desperd\u00edcio.<\/p>\n<p style=\"text-align: justify\">O escopo de fornecimento \u00e9 dividido em dois tipos de an\u00e1lise: a An\u00e1lise Individual e An\u00e1lise Coletiva. Na an\u00e1lise individual s\u00e3o analisadas as 12 \u00faltimas faturas de energia da empresa, \u00e9 realizada uma entrevista com o empres\u00e1rio, o sistema de ilumina\u00e7\u00e3o e equipamentos s\u00e3o avaliados, al\u00e9m da seguran\u00e7a das instala\u00e7\u00f5es el\u00e9tricas e qualidade do fornecimento de energia. Finalizando a an\u00e1lise individual ser\u00e1 analisado a viabilidade de gera\u00e7\u00e3o de energia solar. Ao final dos estudos ser\u00e1 entregue um relat\u00f3rio com os resultados obtidos ao empres\u00e1rio para ser feito uma an\u00e1lise coletiva. O objetivo da an\u00e1lise coletiva \u00e9 de apresentar uma pr\u00e9via da composi\u00e7\u00e3o do sistema el\u00e9trico, a\u00e7\u00f5es e atividades que implementadas proporcionam redu\u00e7\u00e3o do consumo e consequentemente de custos.<\/p>\n<p style=\"text-align: justify\">Os empres\u00e1rios pinhalenses presentes na apresenta\u00e7\u00e3o demonstraram grande interesse no programa. O Programa oferece t\u00e9cnicas e pr\u00e1ticas mais econ\u00f4micas e eficientes para o uso da energia el\u00e9trica, contribuindo para a economia, redu\u00e7\u00e3o do impacto ambiental e aumento da competitividade das empresas. Atrav\u00e9s da iniciativa \u00e9 poss\u00edvel identificar as causas do desperd\u00edcio e tra\u00e7ar o melhor caminho para reduzir o consumo.<\/p>\n<\/div>\n<\/div>\n<div class=\"fonte\"><\/div>\n<div class=\"fonte\">\u00a0Not\u00edcia retirada de:\u00a0<a href=\"http:\/\/www.procelinfo.com.br\/main.asp?View=%7BF5EAADD6-CCB0-4E29-A0C4-482D3D66BB65%7D&amp;Team=&amp;params=itemID=%7BD8CA3E40-E925-4CFF-A147-00762F6886EA%7D;&amp;UIPartUID=%7BD90F22DB-05D4-4644-A8F2-FAD4803C8898%7D\" target=\"_blank\">http:\/\/www.procelinfo.com.br\/main.asp?<\/a><\/div>\n","protected":false},"excerpt":{"rendered":"<p>Fonte: FACISC \u2013 30.06.2016 Via PROCEL Santa Catarina \u2013 Nesta semana, o Sebrae-SC apresentou aos empres\u00e1rios pinhalenses o Programa de Efici\u00eancia Energ\u00e9tica que visa promover a utiliza\u00e7\u00e3o racional e consciente da energia el\u00e9trica, incentivando a redu\u00e7\u00e3o do desperd\u00edcio. O escopo de fornecimento \u00e9 dividido em dois tipos de an\u00e1lise: a An\u00e1lise Individual e An\u00e1lise Coletiva&#8230;. <\/p>\n<div class=\"link-more\"><a href=\"https:\/\/wp.ufpel.edu.br\/proben\/via-procel-sebrae-apresenta-programa-de-eficiencia-energetica-em-pinhalzinho\/\">Leia mais<\/a><\/div>\n","protected":false},"author":303,"featured_media":6171,"comment_status":"closed","ping_status":"closed","sticky":false,"template":"","format":"standard","meta":{"_jetpack_memberships_contains_paid_content":false,"footnotes":""},"categories":[46690],"tags":[],"class_list":["post-6155","post","type-post","status-publish","format-standard","has-post-thumbnail","hentry","category-procel"],"jetpack_featured_media_url":"https:\/\/wp.ufpel.edu.br\/proben\/files\/2016\/07\/sebraesc.jpg","jetpack_sharing_enabled":true,"_links":{"self":[{"href":"https:\/\/wp.ufpel.edu.br\/proben\/wp-json\/wp\/v2\/posts\/6155","targetHints":{"allow":["GET"]}}],"collection":[{"href":"https:\/\/wp.ufpel.edu.br\/proben\/wp-json\/wp\/v2\/posts"}],"about":[{"href":"https:\/\/wp.ufpel.edu.br\/proben\/wp-json\/wp\/v2\/types\/post"}],"author":[{"embeddable":true,"href":"https:\/\/wp.ufpel.edu.br\/proben\/wp-json\/wp\/v2\/users\/303"}],"replies":[{"embeddable":true,"href":"https:\/\/wp.ufpel.edu.br\/proben\/wp-json\/wp\/v2\/comments?post=6155"}],"version-history":[{"count":9,"href":"https:\/\/wp.ufpel.edu.br\/proben\/wp-json\/wp\/v2\/posts\/6155\/revisions"}],"predecessor-version":[{"id":6201,"href":"https:\/\/wp.ufpel.edu.br\/proben\/wp-json\/wp\/v2\/posts\/6155\/revisions\/6201"}],"wp:featuredmedia":[{"embeddable":true,"href":"https:\/\/wp.ufpel.edu.br\/proben\/wp-json\/wp\/v2\/media\/6171"}],"wp:attachment":[{"href":"https:\/\/wp.ufpel.edu.br\/proben\/wp-json\/wp\/v2\/media?parent=6155"}],"wp:term":[{"taxonomy":"category","embeddable":true,"href":"https:\/\/wp.ufpel.edu.br\/proben\/wp-json\/wp\/v2\/categories?post=6155"},{"taxonomy":"post_tag","embeddable":true,"href":"https:\/\/wp.ufpel.edu.br\/proben\/wp-json\/wp\/v2\/tags?post=6155"}],"curies":[{"name":"wp","href":"https:\/\/api.w.org\/{rel}","templated":true}]}}