{"id":498,"date":"2019-04-02T09:54:09","date_gmt":"2019-04-02T12:54:09","guid":{"rendered":"https:\/\/wp.ufpel.edu.br\/print\/?p=498"},"modified":"2019-04-03T10:47:43","modified_gmt":"2019-04-03T13:47:43","slug":"498","status":"publish","type":"post","link":"https:\/\/wp.ufpel.edu.br\/print\/2019\/04\/02\/498\/","title":{"rendered":"Acompanhamento da execu\u00e7\u00e3o do Projeto e esclarecimentos sobre editais vigentes"},"content":{"rendered":"<p style=\"text-align: justify\">No \u00faltimo dia 1\u00ba de abril, na Ag\u00eancia Lagoa Mirim, ocorreu mais uma reuni\u00e3o convocada pelo Coordenador do Projeto Institucional de Internacionaliza\u00e7\u00e3o, Prof. Flavio Demarco. Estiveram presentes os Coordenadores dos Projetos de Coopera\u00e7\u00e3o Internacional e Coordenadores dos Programas de P\u00f3s-Gradua\u00e7\u00e3o envolvidos no Projeto. Dentre os assuntos da pauta, foram esclarecidos pontos espec\u00edficos dos editais vigentes e ouvidas as demandas dos Programas.<\/p>\n","protected":false},"excerpt":{"rendered":"<p>No \u00faltimo dia 1\u00ba de abril, na Ag\u00eancia Lagoa Mirim, ocorreu mais uma reuni\u00e3o convocada pelo Coordenador do Projeto Institucional de Internacionaliza\u00e7\u00e3o, Prof. Flavio Demarco. Estiveram presentes os Coordenadores dos Projetos de Coopera\u00e7\u00e3o Internacional e Coordenadores dos Programas de P\u00f3s-Gradua\u00e7\u00e3o envolvidos no Projeto. Dentre os assuntos da pauta, foram esclarecidos pontos espec\u00edficos dos editais vigentes [&hellip;]<\/p>\n","protected":false},"author":887,"featured_media":500,"comment_status":"closed","ping_status":"closed","sticky":false,"template":"","format":"standard","meta":{"_jetpack_memberships_contains_paid_content":false,"footnotes":""},"categories":[1],"tags":[],"class_list":["post-498","post","type-post","status-publish","format-standard","has-post-thumbnail","hentry","category-noticias"],"jetpack_featured_media_url":"https:\/\/wp.ufpel.edu.br\/print\/files\/2019\/04\/reuni\u00e3o-comit\u00ea.jpg","jetpack_sharing_enabled":true,"_links":{"self":[{"href":"https:\/\/wp.ufpel.edu.br\/print\/wp-json\/wp\/v2\/posts\/498","targetHints":{"allow":["GET"]}}],"collection":[{"href":"https:\/\/wp.ufpel.edu.br\/print\/wp-json\/wp\/v2\/posts"}],"about":[{"href":"https:\/\/wp.ufpel.edu.br\/print\/wp-json\/wp\/v2\/types\/post"}],"author":[{"embeddable":true,"href":"https:\/\/wp.ufpel.edu.br\/print\/wp-json\/wp\/v2\/users\/887"}],"replies":[{"embeddable":true,"href":"https:\/\/wp.ufpel.edu.br\/print\/wp-json\/wp\/v2\/comments?post=498"}],"version-history":[{"count":5,"href":"https:\/\/wp.ufpel.edu.br\/print\/wp-json\/wp\/v2\/posts\/498\/revisions"}],"predecessor-version":[{"id":521,"href":"https:\/\/wp.ufpel.edu.br\/print\/wp-json\/wp\/v2\/posts\/498\/revisions\/521"}],"wp:featuredmedia":[{"embeddable":true,"href":"https:\/\/wp.ufpel.edu.br\/print\/wp-json\/wp\/v2\/media\/500"}],"wp:attachment":[{"href":"https:\/\/wp.ufpel.edu.br\/print\/wp-json\/wp\/v2\/media?parent=498"}],"wp:term":[{"taxonomy":"category","embeddable":true,"href":"https:\/\/wp.ufpel.edu.br\/print\/wp-json\/wp\/v2\/categories?post=498"},{"taxonomy":"post_tag","embeddable":true,"href":"https:\/\/wp.ufpel.edu.br\/print\/wp-json\/wp\/v2\/tags?post=498"}],"curies":[{"name":"wp","href":"https:\/\/api.w.org\/{rel}","templated":true}]}}