{"id":1379,"date":"2022-11-28T09:10:03","date_gmt":"2022-11-28T12:10:03","guid":{"rendered":"https:\/\/wp.ufpel.edu.br\/print\/?p=1379"},"modified":"2022-11-28T09:11:43","modified_gmt":"2022-11-28T12:11:43","slug":"professora-da-fae-realiza-missao-em-berlim","status":"publish","type":"post","link":"https:\/\/wp.ufpel.edu.br\/print\/2022\/11\/28\/professora-da-fae-realiza-missao-em-berlim\/","title":{"rendered":"Professora da FAE realiza miss\u00e3o em Berlim"},"content":{"rendered":"<p style=\"text-align: justify;\">Entre os dias 02 e 12 de novembro, a professora Patr\u00edcia Weiduschadt, da Faculdade de Educa\u00e7\u00e3o\/Programa de P\u00f3s-Gradua\u00e7\u00e3o em Educa\u00e7\u00e3o, realizou Miss\u00e3o de Trabalho na Universidade de Humboldt\/Alemanha. Em Berlim, suas atividades foram tutoreadas pelo professor Marcelo Caruso. Essa \u00e9 mais uma das frentes que o Observat\u00f3rio Global de Patologias Sociais est\u00e1 abrindo, consolidando a rede transdisciplinar, iniciada em 2018, quando da aprova\u00e7\u00e3o do Print\/UFPel.<\/p>\n<p style=\"text-align: justify;\">A agenda da professora Patr\u00edcia Weiduschadt centrou-se na colabora\u00e7\u00e3o interinstitucional, de modo especial na proposta de uma segunda edi\u00e7\u00e3o do Gloss\u00e1rio de Patologias Sociais. Houve tamb\u00e9m tratativas para futuros interc\u00e2mbios e, ainda, na participa\u00e7\u00e3o no Semin\u00e1rio Online do Observat\u00f3rio.<\/p>\n<p style=\"text-align: justify;\">O professor Marcelo Caruso \u00e9 um pesquisador renomado na \u00e1rea da Hist\u00f3ria Transnacional. Conforme a professora Patr\u00edcia, a viagem era esperada h\u00e1 algum tempo. Por isso, aproximar-se do grupo de pesquisa com o professor Caruso foi uma oportunidade extraordin\u00e1ria. A professora ficou impressionada com a organiza\u00e7\u00e3o dos arquivos que, hoje, a Alemanha oferece aos pesquisadores. Al\u00e9m do mais, as quest\u00f5es conceituais aparecem tamb\u00e9m como um dos aspectos \u201cde especial import\u00e2ncia e relev\u00e2ncia acad\u00eamica\u201d. N\u00e3o h\u00e1 d\u00favidas, salienta a professora Patr\u00edcia, que tudo isso \u00e9 fundamental tanto para a investiga\u00e7\u00e3o como para internacionaliza\u00e7\u00e3o da pesquisa.<\/p>\n<p>&nbsp;<\/p>\n<p><img loading=\"lazy\" decoding=\"async\" class=\" wp-image-1381 aligncenter\" src=\"https:\/\/wp.ufpel.edu.br\/print\/files\/2022\/11\/DSC_9815-001-400x300.jpg\" alt=\"\" width=\"551\" height=\"413\" srcset=\"https:\/\/wp.ufpel.edu.br\/print\/files\/2022\/11\/DSC_9815-001-400x300.jpg 400w, https:\/\/wp.ufpel.edu.br\/print\/files\/2022\/11\/DSC_9815-001-768x576.jpg 768w, https:\/\/wp.ufpel.edu.br\/print\/files\/2022\/11\/DSC_9815-001.jpg 1024w\" sizes=\"auto, (max-width: 551px) 100vw, 551px\" \/><\/p>\n<p style=\"text-align: center;\">Foto no hall da Universidade Humboldt, com a inscri\u00e7\u00e3o de Marx \u201cOs fil\u00f3sofos se preocupam em interpretar o mundo. Mas o que importa \u00e9 transform\u00e1-lo\u201d<\/p>\n<p style=\"text-align: center;\">(Foto cedida por Patr\u00edcia Weiduschadt)<\/p>\n","protected":false},"excerpt":{"rendered":"<p>Entre os dias 02 e 12 de novembro, a professora Patr\u00edcia Weiduschadt, da Faculdade de Educa\u00e7\u00e3o\/Programa de P\u00f3s-Gradua\u00e7\u00e3o em Educa\u00e7\u00e3o, realizou Miss\u00e3o de Trabalho na Universidade de Humboldt\/Alemanha. Em Berlim, suas atividades foram tutoreadas pelo professor Marcelo Caruso. Essa \u00e9 mais uma das frentes que o Observat\u00f3rio Global de Patologias Sociais est\u00e1 abrindo, consolidando a [&hellip;]<\/p>\n","protected":false},"author":887,"featured_media":1381,"comment_status":"closed","ping_status":"closed","sticky":false,"template":"","format":"standard","meta":{"_jetpack_memberships_contains_paid_content":false,"footnotes":""},"categories":[1],"tags":[],"class_list":["post-1379","post","type-post","status-publish","format-standard","has-post-thumbnail","hentry","category-noticias"],"jetpack_featured_media_url":"https:\/\/wp.ufpel.edu.br\/print\/files\/2022\/11\/DSC_9815-001.jpg","jetpack_sharing_enabled":true,"_links":{"self":[{"href":"https:\/\/wp.ufpel.edu.br\/print\/wp-json\/wp\/v2\/posts\/1379","targetHints":{"allow":["GET"]}}],"collection":[{"href":"https:\/\/wp.ufpel.edu.br\/print\/wp-json\/wp\/v2\/posts"}],"about":[{"href":"https:\/\/wp.ufpel.edu.br\/print\/wp-json\/wp\/v2\/types\/post"}],"author":[{"embeddable":true,"href":"https:\/\/wp.ufpel.edu.br\/print\/wp-json\/wp\/v2\/users\/887"}],"replies":[{"embeddable":true,"href":"https:\/\/wp.ufpel.edu.br\/print\/wp-json\/wp\/v2\/comments?post=1379"}],"version-history":[{"count":5,"href":"https:\/\/wp.ufpel.edu.br\/print\/wp-json\/wp\/v2\/posts\/1379\/revisions"}],"predecessor-version":[{"id":1385,"href":"https:\/\/wp.ufpel.edu.br\/print\/wp-json\/wp\/v2\/posts\/1379\/revisions\/1385"}],"wp:featuredmedia":[{"embeddable":true,"href":"https:\/\/wp.ufpel.edu.br\/print\/wp-json\/wp\/v2\/media\/1381"}],"wp:attachment":[{"href":"https:\/\/wp.ufpel.edu.br\/print\/wp-json\/wp\/v2\/media?parent=1379"}],"wp:term":[{"taxonomy":"category","embeddable":true,"href":"https:\/\/wp.ufpel.edu.br\/print\/wp-json\/wp\/v2\/categories?post=1379"},{"taxonomy":"post_tag","embeddable":true,"href":"https:\/\/wp.ufpel.edu.br\/print\/wp-json\/wp\/v2\/tags?post=1379"}],"curies":[{"name":"wp","href":"https:\/\/api.w.org\/{rel}","templated":true}]}}