{"id":1295,"date":"2022-08-19T00:09:07","date_gmt":"2022-08-19T03:09:07","guid":{"rendered":"https:\/\/wp.ufpel.edu.br\/print\/?p=1295"},"modified":"2022-08-19T00:18:44","modified_gmt":"2022-08-19T03:18:44","slug":"observatorio-global-de-patologias-sociais-ogps-reune-se-no-cehus","status":"publish","type":"post","link":"https:\/\/wp.ufpel.edu.br\/print\/2022\/08\/19\/observatorio-global-de-patologias-sociais-ogps-reune-se-no-cehus\/","title":{"rendered":"Observat\u00f3rio Global de Patologias Sociais (OGPS) re\u00fane-se no CEHUS"},"content":{"rendered":"<div>\n<div style=\"text-align: justify;\">\n<p>Dando prosseguimento aos trabalhos, agora de maneira presencial, na manh\u00e3 do dia 10 de agosto, \u00e0s 10h, esteve reunido o grupo de pesquisadores que comp\u00f5em o projeto do Observat\u00f3rio Global de Patologias Sociais, na sala 28 do CEHUS.<\/p>\n<p>Coordenador pelo professor Dr. Jovino Pizzi do Programa de P\u00f3s-gradua\u00e7\u00e3o em Educa\u00e7\u00e3o, o projeto realizar\u00e1 semanalmente encontros presenciais para debater quest\u00f5es pertinentes aos estudos realizados. Na oportunidade, houve a rememora\u00e7\u00e3o das a\u00e7\u00f5es realizadas e das produ\u00e7\u00f5es tais como os artigos, o Gloss\u00e1rio de Patologias Sociais e outros produtos constru\u00eddos pelo grupo desde 2019, ano da implanta\u00e7\u00e3o do Projeto UFPel-CAPES-Print.<\/p>\n<p>Para os pr\u00f3ximos meses, o objetivo do grupo \u00e9 trabalhar no instrumento pr\u00e9-elaborado, no modelo de question\u00e1rio, com o intuito de desenvolv\u00ea-lo para captar a percep\u00e7\u00e3o da popula\u00e7\u00e3o sobre Patologias Sociais e assim monitorar a rela\u00e7\u00e3o entre o gradiente de patologia social percebida ou mensurada e agravos em sa\u00fade bucal e educa\u00e7\u00e3o.<\/p>\n<p>Outra linha de destaque entre as a\u00e7\u00f5es do OGPS tem sido os Semin\u00e1rios Internacionais realizados a partir dos programas de p\u00f3s-gradua\u00e7\u00e3o que s\u00e3o oferecidos a estudantes da UFPel e de outras institui\u00e7\u00f5es. Estes semin\u00e1rios t\u00eam fortalecido a internacionaliza\u00e7\u00e3o institucional, as \u00e1reas e grupos de pesquisadores a partir das redes estabelecidas. Neste semestre, ser\u00e1 ofertado pelo grupo do Observat\u00f3rio o II Semin\u00e1rio virtual Internacional &#8211; \u201cTeor\u00eda Cr\u00edtica, racionalidad comunicativa y patolog\u00edas sociales: lecturas desde Am\u00e9rica Latina&#8221; envolvendo cinco pa\u00edses diferentes e 16 institui\u00e7\u00f5es distintas.<\/p>\n<p>Para mais informa\u00e7\u00f5es sobre os trabalhos e para fazer parte do grupo do Observat\u00f3rio:<\/p>\n<p>&#8211;\u00a0 E-mail:\u00a0 socialpathologies.ufpel@gmail.com<\/p>\n<p>&#8211; Encontro presencial: quartas-feiras, \u00e0s 10h, Sala 28, CEHUS.<\/p>\n<\/div>\n<\/div>\n<div><\/div>\n","protected":false},"excerpt":{"rendered":"<p>Dando prosseguimento aos trabalhos, agora de maneira presencial, na manh\u00e3 do dia 10 de agosto, \u00e0s 10h, esteve reunido o grupo de pesquisadores que comp\u00f5em o projeto do Observat\u00f3rio Global de Patologias Sociais, na sala 28 do CEHUS. Coordenador pelo professor Dr. Jovino Pizzi do Programa de P\u00f3s-gradua\u00e7\u00e3o em Educa\u00e7\u00e3o, o projeto realizar\u00e1 semanalmente encontros [&hellip;]<\/p>\n","protected":false},"author":887,"featured_media":0,"comment_status":"closed","ping_status":"closed","sticky":false,"template":"","format":"standard","meta":{"_jetpack_memberships_contains_paid_content":false,"footnotes":""},"categories":[1],"tags":[],"class_list":["post-1295","post","type-post","status-publish","format-standard","hentry","category-noticias"],"jetpack_featured_media_url":"","jetpack_sharing_enabled":true,"_links":{"self":[{"href":"https:\/\/wp.ufpel.edu.br\/print\/wp-json\/wp\/v2\/posts\/1295","targetHints":{"allow":["GET"]}}],"collection":[{"href":"https:\/\/wp.ufpel.edu.br\/print\/wp-json\/wp\/v2\/posts"}],"about":[{"href":"https:\/\/wp.ufpel.edu.br\/print\/wp-json\/wp\/v2\/types\/post"}],"author":[{"embeddable":true,"href":"https:\/\/wp.ufpel.edu.br\/print\/wp-json\/wp\/v2\/users\/887"}],"replies":[{"embeddable":true,"href":"https:\/\/wp.ufpel.edu.br\/print\/wp-json\/wp\/v2\/comments?post=1295"}],"version-history":[{"count":4,"href":"https:\/\/wp.ufpel.edu.br\/print\/wp-json\/wp\/v2\/posts\/1295\/revisions"}],"predecessor-version":[{"id":1300,"href":"https:\/\/wp.ufpel.edu.br\/print\/wp-json\/wp\/v2\/posts\/1295\/revisions\/1300"}],"wp:attachment":[{"href":"https:\/\/wp.ufpel.edu.br\/print\/wp-json\/wp\/v2\/media?parent=1295"}],"wp:term":[{"taxonomy":"category","embeddable":true,"href":"https:\/\/wp.ufpel.edu.br\/print\/wp-json\/wp\/v2\/categories?post=1295"},{"taxonomy":"post_tag","embeddable":true,"href":"https:\/\/wp.ufpel.edu.br\/print\/wp-json\/wp\/v2\/tags?post=1295"}],"curies":[{"name":"wp","href":"https:\/\/api.w.org\/{rel}","templated":true}]}}