{"id":1277,"date":"2022-06-09T23:07:43","date_gmt":"2022-06-10T02:07:43","guid":{"rendered":"https:\/\/wp.ufpel.edu.br\/print\/?p=1277"},"modified":"2022-06-09T23:47:30","modified_gmt":"2022-06-10T02:47:30","slug":"ciclo-internacional-de-palestras-memoria-e-patrimonio","status":"publish","type":"post","link":"https:\/\/wp.ufpel.edu.br\/print\/2022\/06\/09\/ciclo-internacional-de-palestras-memoria-e-patrimonio\/","title":{"rendered":"Ciclo Internacional de Palestras &#8211; Mem\u00f3ria e Patrim\u00f4nio"},"content":{"rendered":"<p style=\"font-weight: 400; text-align: justify;\">O\u00a0<span style=\"color: #0000ff;\"><a style=\"color: #0000ff;\" href=\"https:\/\/wp.ufpel.edu.br\/ppgmp\/\" data-saferedirecturl=\"https:\/\/www.google.com\/url?q=https:\/\/wp.ufpel.edu.br\/ppgmp\/&amp;source=gmail&amp;ust=1654911241985000&amp;usg=AOvVaw3f1DlkFmLAUEEgCmd1F2FH\">Programa de P\u00f3s-Gradua\u00e7\u00e3o em Mem\u00f3ria Social e Patrim\u00f4nio Cultural<\/a><\/span>\u00a0da UFPel\u00a0(em parceria com LabCom Caf\u00e9 e LabCom da Faculdade de Arquitetura e Urbanismo) divulga ciclo de palestras de acad\u00eamicos internacionais da Eslov\u00eania, do M\u00e9xico, da Argentina e dos EUA em junho, julho e agosto de 2022. Os palestrantes (em modo virtual e presencial) apresentar\u00e3o sobre t\u00f3picos como: M\u00fasica e Conflito, Cultura e Urbanismo, M\u00fasica Tradicional Argentina, Restauro, e Rituais Festivos no Contexto Transatl\u00e2ntico. Ser\u00e3o emitidos certificados de participa\u00e7\u00e3o.<\/p>\n<p style=\"font-weight: 400; text-align: justify;\">Informa\u00e7\u00f5es:<span style=\"color: #0000ff;\">\u00a0<a style=\"color: #0000ff;\" href=\"https:\/\/wp.ufpel.edu.br\/ppgmp\/eventos\/\" data-saferedirecturl=\"https:\/\/www.google.com\/url?q=https:\/\/wp.ufpel.edu.br\/ppgmp\/eventos\/&amp;source=gmail&amp;ust=1654911241985000&amp;usg=AOvVaw3OyjVwHdMKmfxj4c8vd1UF\">https:\/\/wp.ufpel.edu.br\/ppgmp\/eventos\/<\/a>\u00a0<\/span>ou por e-mail\u00a0<span style=\"color: #0000ff;\"><a style=\"color: #0000ff;\" href=\"mailto:memoriapatrimonio@ufpel.edu.br\">memoriapatrimonio@ufpel.edu.br<\/a><\/span><\/p>\n<p style=\"font-weight: 400; text-align: justify;\"><strong>Palestra virtual (em ingl\u00eas)\u00a0<em>\u2013<\/em> Dr. Svanibor Pettan\u00a0(Eslov\u00eania)\u00a0&#8211; Quinta-feira, 09 de junho \u00e0s 09:00 horas.<\/strong><\/p>\n<p style=\"font-weight: 400; text-align: justify;\"><a href=\"https:\/\/www.ff.uni-lj.si\/en\/staff\/svanibor-hubert-pettan\" data-saferedirecturl=\"https:\/\/www.google.com\/url?q=https:\/\/www.ff.uni-lj.si\/en\/staff\/svanibor-hubert-pettan&amp;source=gmail&amp;ust=1654911241985000&amp;usg=AOvVaw23cFDcqZxLWo9jPSvIzSJV\"><span style=\"color: #0000ff;\">Dr. Svanibor Pettan<\/span><\/a>\u00a0\u00e9 atual diretor do\u00a0<span style=\"color: #0000ff;\"><a style=\"color: #0000ff;\" href=\"http:\/\/ictmusic.org\/\" data-saferedirecturl=\"https:\/\/www.google.com\/url?q=http:\/\/ictmusic.org\/&amp;source=gmail&amp;ust=1654911241985000&amp;usg=AOvVaw1Q0fLhryR0Ddc0hzmDLkzY\"><em>International Council for Traditional Music<\/em><\/a><\/span><em>\u00a0<\/em>(Conselho Internacional para a M\u00fasica Tradicional) organiza\u00e7\u00e3o que tem status consultivo como a UNESCO, e \u00e9 professor de etnomusicologia da Universidade de Ljubljana (Eslov\u00eania). Pettan tem pesquisado e publicado sobre m\u00fasica e conflito. Dar\u00e1 uma palestra (em ingl\u00eas)\u00a0<em>&#8220;Post-Yugoslav Reflections on Music, Politics, and War: What Have We Learned?&#8221;<\/em>\u00a0(Reflex\u00f5es p\u00f3s-jugoslavas sobre m\u00fasica, pol\u00edtica e guerra: O que temos aprendido?)<\/p>\n<p style=\"font-weight: 400; text-align: justify;\"><strong>Palestra virtual (em ingl\u00eas)\u00a0<em>\u2013<\/em> Dr. Tom Borrup (EUA) &#8211; Quinta-feira, 30 de junho \u00e0s 16:00 horas.<\/strong><\/p>\n<p style=\"font-weight: 400; text-align: justify;\"><a href=\"https:\/\/ccaps.umn.edu\/story\/meet-acl-faculty-director-tom-borrup\" data-saferedirecturl=\"https:\/\/www.google.com\/url?q=https:\/\/ccaps.umn.edu\/story\/meet-acl-faculty-director-tom-borrup&amp;source=gmail&amp;ust=1654911241985000&amp;usg=AOvVaw1Aa63D7SR6IVsVpQl4FkfV\"><span style=\"color: #0000ff;\">Dr. Tom Borrup<\/span><\/a>\u00a0\u00e9 professor da Universidade de Minnesota (EUA) no Programa de P\u00f3s-Gradua\u00e7\u00e3o em Lideran\u00e7a em Arte e Cultura. Ele \u00e9 fundador da organiza\u00e7\u00e3o\u00a0<span style=\"color: #0000ff;\"><a style=\"color: #0000ff;\" href=\"https:\/\/creativecommunitybuilders.com\/\" data-saferedirecturl=\"https:\/\/www.google.com\/url?q=https:\/\/creativecommunitybuilders.com\/&amp;source=gmail&amp;ust=1654911241985000&amp;usg=AOvVaw31CDVuMI41kovUW4AQFAcG\"><em>Creative Community Builders<\/em><\/a><em>\u00a0<\/em><\/span>(Construtores de Comunidades Criativas) e autor de livros como<span style=\"color: #0000ff;\">\u00a0<a style=\"color: #0000ff;\" href=\"https:\/\/www.routledge.com\/The-Power-of-Culture-in-City-Planning\/Borrup\/p\/book\/9780367223762\" data-saferedirecturl=\"https:\/\/www.google.com\/url?q=https:\/\/www.routledge.com\/The-Power-of-Culture-in-City-Planning\/Borrup\/p\/book\/9780367223762&amp;source=gmail&amp;ust=1654911241985000&amp;usg=AOvVaw3pCCiSIFaglYo3nlJMzIjz\">&#8220;<em>The Power of Culture in City Planning<\/em>&#8221; (Routledge, 2021)<\/a><\/span>\u00a0(O Poder da Cultura no Urbanismo) sobre a interse\u00e7\u00e3o entre arte, cultura e urbanismo. Dar\u00e1 uma palestra (em ingl\u00eas) &#8220;<em>Places Shaped by Memories \/ Memories Shaped by Places<\/em>&#8221; (Lugares formados por mem\u00f3rias \/ Mem\u00f3rias formadas por lugares).<\/p>\n<p style=\"font-weight: 400; text-align: justify;\"><strong>Palestra presencial\u00a0<em>\u2013<\/em>\u00a0Alejandro Brittes (Argentina) &#8211; Quarta-feira, 20 de julho \u00e0s 18:00 horas, PPGMP-UFPel, ICH Campus II, Sala 310, R. Almirante Barroso, 1.202, Pelotas &#8211; RS<\/strong><\/p>\n<p style=\"font-weight: 400; text-align: justify;\"><span style=\"color: #0000ff;\"><a style=\"color: #0000ff;\" href=\"https:\/\/www.facebook.com\/alejandro.brittes\/\" data-saferedirecturl=\"https:\/\/www.google.com\/url?q=https:\/\/www.facebook.com\/alejandro.brittes\/&amp;source=gmail&amp;ust=1654911241985000&amp;usg=AOvVaw28c6I4tYzINVXpzmOcfTtg\">Alejandro Brittes<\/a><\/span>\u00a0\u00e9 um acordeonista e pesquisador argentino de carreira internacional no g\u00e9nero musical de chamam\u00e9. Apresentar\u00e1 o seu livro rec\u00e9m publicado &#8220;A origem do Chamam\u00e9: Uma hist\u00f3ria para ser contada&#8221; (Simpl\u00edssimo, 2021).<\/p>\n<p style=\"font-weight: 400; text-align: justify;\"><strong>Palestra virtual (em espanhol) \u2013 Professor Alfredo Vega-C\u00e1rdenas (M\u00e9xico \/\u00a0<em>\u00c9cole Sup\u00e9rieure d\u2019Art d\u2019Avignon<\/em>-Fran\u00e7a) &#8211; Quarta-feira, 10 de agosto \u00e0s 17:00 horas.<\/strong><\/p>\n<p style=\"font-weight: 400; text-align: justify;\">Palestra remota a ser transmitida no audit\u00f3rio t\u00e9rreo do Campus II.<\/p>\n<p style=\"font-weight: 400; text-align: justify;\"><span style=\"color: #0000ff;\"><a style=\"color: #0000ff;\" href=\"http:\/\/esaavignon.eu\/alfredo-vega-cardenas-2\/\" data-saferedirecturl=\"https:\/\/www.google.com\/url?q=http:\/\/esaavignon.eu\/alfredo-vega-cardenas-2\/&amp;source=gmail&amp;ust=1654911241985000&amp;usg=AOvVaw0DI2WgRmZ_0rMIkp9exF8m\">Alfredo Vega-C\u00e1rdenas<\/a><\/span>\u00a0\u00e9 diretor da Escola Superior de Arte de Avignon.\u00a0Apresentar\u00e1 (em espanhol) o livro \u201c<em>Los nuevos Alquimistas: una sociolog\u00eda de la restauraci\u00f3n desde M\u00e9xico<\/em>\u201d (Iteso, 2018).<\/p>\n<p style=\"font-weight: 400; text-align: justify;\"><strong>Palestra presencial\u00a0<em>\u2013<\/em>\u00a0Jos\u00e9 A. Curbelo (EUA\/Uruguai) &#8211; Quinta-feira, 25 de agosto \u00e0s 16:00 horas, PPGMP-UFPel, ICH Campus II, Sala 310, R. Almirante Barroso, 1.202, Pelotas &#8211; RS<\/strong><\/p>\n<p style=\"font-weight: 400; text-align: justify;\"><span style=\"color: #0000ff;\"><a style=\"color: #0000ff;\" href=\"https:\/\/ufpel.academia.edu\/JoseCurbelo\" data-saferedirecturl=\"https:\/\/www.google.com\/url?q=https:\/\/ufpel.academia.edu\/JoseCurbelo&amp;source=gmail&amp;ust=1654911241985000&amp;usg=AOvVaw3caiaUqpgBK9mD0vK0FMiL\">Jos\u00e9 A. Curbelo<\/a><\/span>\u00a0\u00e9 doutorando no Programa de P\u00f3s-Gradua\u00e7\u00e3o em Mem\u00f3ria Social e Patrim\u00f4nio Cultural da UFPel e tamb\u00e9m participante no\u00a0<span style=\"color: #0000ff;\"><a style=\"color: #0000ff;\" href=\"https:\/\/wp.ufpel.edu.br\/print\/2022\/04\/11\/1200\/\" data-saferedirecturl=\"https:\/\/www.google.com\/url?q=https:\/\/wp.ufpel.edu.br\/print\/2022\/04\/11\/1200\/&amp;source=gmail&amp;ust=1654911241985000&amp;usg=AOvVaw1Q0hkZiPhIH40dKddnRzOG\">Programa Institucional de Internacionaliza\u00e7\u00e3o \u2013 CAPES \u2013 PrInt\/UFPel<\/a>.<\/span> Dar\u00e1 uma palestra sobre a sua pesquisa sobre rituais festivos tradicionais no Uruguai, Espanha e Portugal.<\/p>\n<p style=\"font-weight: 400; text-align: justify;\"><strong>Facebook:\u00a0<\/strong><span style=\"color: #0000ff;\"><a style=\"color: #0000ff;\" href=\"https:\/\/www.facebook.com\/ppgmp\" data-saferedirecturl=\"https:\/\/www.google.com\/url?q=https:\/\/www.facebook.com\/ppgmp&amp;source=gmail&amp;ust=1654911241985000&amp;usg=AOvVaw0ALOavb7IgYp9bUcu1J6ZD\">Programa de P\u00f3s-Gradua\u00e7\u00e3o em Mem\u00f3ria Social e Patrim\u00f4nio Cultural<\/a><\/span><\/p>\n<p style=\"font-weight: 400; text-align: justify;\"><strong>Site:<span style=\"color: #0000ff;\">\u00a0<\/span><\/strong><span style=\"color: #0000ff;\"><a style=\"color: #0000ff;\" href=\"https:\/\/wp.ufpel.edu.br\/ppgmp\/\" data-saferedirecturl=\"https:\/\/www.google.com\/url?q=https:\/\/wp.ufpel.edu.br\/ppgmp\/&amp;source=gmail&amp;ust=1654911241985000&amp;usg=AOvVaw3f1DlkFmLAUEEgCmd1F2FH\">Programa de P\u00f3s-Gradua\u00e7\u00e3o em Mem\u00f3ria Social e Patrim\u00f4nio Cultural<\/a><\/span><\/p>\n<p style=\"font-weight: 400; text-align: justify;\"><strong>O link para as participar nas palestras remotamente \u00e9:<span style=\"color: #0000ff;\">\u00a0<\/span><\/strong><span style=\"color: #0000ff;\"><a style=\"color: #0000ff;\" href=\"https:\/\/webconf.ufpel.edu.br\/b\/dan-p5p-qcz-4ma\" data-saferedirecturl=\"https:\/\/www.google.com\/url?q=https:\/\/webconf.ufpel.edu.br\/b\/dan-p5p-qcz-4ma&amp;source=gmail&amp;ust=1654911241985000&amp;usg=AOvVaw1FYKjCCPLZF1kDg5zO9W78\">https:\/\/webconf.ufpel.edu.br\/b\/dan-p5p-qcz-4ma<\/a><\/span><a href=\"https:\/\/wp.ufpel.edu.br\/print\/files\/2022\/06\/Cartaz-Ciclo-scaled-e1654826783709.jpg\"><img loading=\"lazy\" decoding=\"async\" class=\"aligncenter size-full wp-image-1280\" src=\"https:\/\/wp.ufpel.edu.br\/print\/files\/2022\/06\/Cartaz-Ciclo-scaled-e1654826783709.jpg\" alt=\"\" width=\"1721\" height=\"2425\" srcset=\"https:\/\/wp.ufpel.edu.br\/print\/files\/2022\/06\/Cartaz-Ciclo-scaled-e1654826783709.jpg 1721w, https:\/\/wp.ufpel.edu.br\/print\/files\/2022\/06\/Cartaz-Ciclo-scaled-e1654826783709-284x400.jpg 284w, https:\/\/wp.ufpel.edu.br\/print\/files\/2022\/06\/Cartaz-Ciclo-scaled-e1654826783709-727x1024.jpg 727w, https:\/\/wp.ufpel.edu.br\/print\/files\/2022\/06\/Cartaz-Ciclo-scaled-e1654826783709-768x1082.jpg 768w, https:\/\/wp.ufpel.edu.br\/print\/files\/2022\/06\/Cartaz-Ciclo-scaled-e1654826783709-1090x1536.jpg 1090w, https:\/\/wp.ufpel.edu.br\/print\/files\/2022\/06\/Cartaz-Ciclo-scaled-e1654826783709-1453x2048.jpg 1453w\" sizes=\"auto, (max-width: 1721px) 100vw, 1721px\" \/><\/a><\/p>\n<p style=\"text-align: center;\">(Imagem cedida por Jos\u00e9 A. Curbelo)<\/p>\n","protected":false},"excerpt":{"rendered":"<p>O\u00a0Programa de P\u00f3s-Gradua\u00e7\u00e3o em Mem\u00f3ria Social e Patrim\u00f4nio Cultural\u00a0da UFPel\u00a0(em parceria com LabCom Caf\u00e9 e LabCom da Faculdade de Arquitetura e Urbanismo) divulga ciclo de palestras de acad\u00eamicos internacionais da Eslov\u00eania, do M\u00e9xico, da Argentina e dos EUA em junho, julho e agosto de 2022. Os palestrantes (em modo virtual e presencial) apresentar\u00e3o sobre t\u00f3picos [&hellip;]<\/p>\n","protected":false},"author":887,"featured_media":0,"comment_status":"closed","ping_status":"closed","sticky":false,"template":"","format":"standard","meta":{"_jetpack_memberships_contains_paid_content":false,"footnotes":""},"categories":[1],"tags":[],"class_list":["post-1277","post","type-post","status-publish","format-standard","hentry","category-noticias"],"jetpack_featured_media_url":"","jetpack_sharing_enabled":true,"_links":{"self":[{"href":"https:\/\/wp.ufpel.edu.br\/print\/wp-json\/wp\/v2\/posts\/1277","targetHints":{"allow":["GET"]}}],"collection":[{"href":"https:\/\/wp.ufpel.edu.br\/print\/wp-json\/wp\/v2\/posts"}],"about":[{"href":"https:\/\/wp.ufpel.edu.br\/print\/wp-json\/wp\/v2\/types\/post"}],"author":[{"embeddable":true,"href":"https:\/\/wp.ufpel.edu.br\/print\/wp-json\/wp\/v2\/users\/887"}],"replies":[{"embeddable":true,"href":"https:\/\/wp.ufpel.edu.br\/print\/wp-json\/wp\/v2\/comments?post=1277"}],"version-history":[{"count":8,"href":"https:\/\/wp.ufpel.edu.br\/print\/wp-json\/wp\/v2\/posts\/1277\/revisions"}],"predecessor-version":[{"id":1289,"href":"https:\/\/wp.ufpel.edu.br\/print\/wp-json\/wp\/v2\/posts\/1277\/revisions\/1289"}],"wp:attachment":[{"href":"https:\/\/wp.ufpel.edu.br\/print\/wp-json\/wp\/v2\/media?parent=1277"}],"wp:term":[{"taxonomy":"category","embeddable":true,"href":"https:\/\/wp.ufpel.edu.br\/print\/wp-json\/wp\/v2\/categories?post=1277"},{"taxonomy":"post_tag","embeddable":true,"href":"https:\/\/wp.ufpel.edu.br\/print\/wp-json\/wp\/v2\/tags?post=1277"}],"curies":[{"name":"wp","href":"https:\/\/api.w.org\/{rel}","templated":true}]}}