{"id":9967,"date":"2018-08-31T20:00:29","date_gmt":"2018-08-31T23:00:29","guid":{"rendered":"https:\/\/wp.ufpel.edu.br\/prec\/?p=9967"},"modified":"2018-11-01T16:29:28","modified_gmt":"2018-11-01T19:29:28","slug":"terceiro-numero-de-2018-da-expressa-extensao-e-publicado","status":"publish","type":"post","link":"https:\/\/wp.ufpel.edu.br\/prec\/2018\/08\/31\/terceiro-numero-de-2018-da-expressa-extensao-e-publicado\/","title":{"rendered":"Terceiro n\u00famero de 2018 da Expressa Extens\u00e3o \u00e9 publicado"},"content":{"rendered":"<p>A Revista Expressa Extens\u00e3o, publicada pela Pr\u00f3-Reitoria de Extens\u00e3o e Cultura, lan\u00e7a o terceiro n\u00famero de 2018, com o tema \u201cCulturas acess\u00edveis\u201d.<\/p>\n<p>A equipe editorial da Expressa Extens\u00e3o agradece aos colaboradores e anuncia que estar\u00e1 recebendo submiss\u00f5es para\u00a0o v. 24, n.1, n.2 e n.3 de 2019, com as tem\u00e1ticas \u201cEduca\u00e7\u00e3o, Comunidade e Cultura Popular\u201d, \u201cO Meio Ambiente e a Sociedade\u201d e &#8220;Desenvolvimento Regional&#8221;, respectivamente. Convidamos todos a participar das submiss\u00f5es, al\u00e9m de divulgar e compartilhar aos poss\u00edveis interessados(as).<\/p>\n<p><a href=\"https:\/\/periodicos.ufpel.edu.br\/ojs2\/index.php\/expressaextensao\/issue\/view\/734\">Acesse o n\u00famero da revista.<\/a><\/p>\n<p><!--more--><\/p>\n<p>Neste terceiro n\u00famero do ano de 2018, a Revista re\u00fane seis artigos, oito relat\u00f3rios, tr\u00eas ensaios visuais e inicia pela entrevista feita \u00e0 Professora Patr\u00edcia Dorneles, expoente da acessibilidade cultural no Brasil. O que se pretendeu reunir s\u00e3o relatos de experi\u00eancias diversas advindas de projetos, programas e a\u00e7\u00f5es de extens\u00e3o que ensinam, na forma e na ess\u00eancia, possibilidades de contribui\u00e7\u00e3o para a constru\u00e7\u00e3o de uma sociedade mais inclusiva, a Sociedade do Futuro, que gostar\u00edamos de j\u00e1 estar vivendo no presente. H\u00e1, entre esses, relatos que apontam modelos educativos mais generosos, com not\u00f3ria vontade de impactar positivamente no social. S\u00e3o experi\u00eancias que indicam que as universidades possuem todas as condi\u00e7\u00f5es conceituais para se atribuir a miss\u00e3o de superar os seus limites e as suas limita\u00e7\u00f5es com o intuito de agir sobre o social. Que s\u00e3o institui\u00e7\u00f5es que podem, se assim o quiserem, buscar o compromisso partilhado com os seus p\u00fablicos de modo a contribuir com a melhoria das condi\u00e7\u00f5es de vida das pessoas.<\/p>\n","protected":false},"excerpt":{"rendered":"<p>A Revista Expressa Extens\u00e3o, publicada pela Pr\u00f3-Reitoria de Extens\u00e3o e Cultura, lan\u00e7a o terceiro n\u00famero de 2018, com o tema \u201cCulturas acess\u00edveis\u201d. A equipe editorial da Expressa Extens\u00e3o agradece aos colaboradores e anuncia que estar\u00e1 recebendo submiss\u00f5es para\u00a0o v. 24, n.1, n.2 e n.3 de 2019, com as tem\u00e1ticas \u201cEduca\u00e7\u00e3o, Comunidade e Cultura Popular\u201d, \u201cO [&hellip;]<\/p>\n","protected":false},"author":34,"featured_media":7612,"comment_status":"closed","ping_status":"closed","sticky":false,"template":"","format":"standard","meta":{"_jetpack_newsletter_access":"","_jetpack_dont_email_post_to_subs":false,"_jetpack_newsletter_tier_id":0,"_jetpack_memberships_contains_paywalled_content":false,"_jetpack_memberships_contains_paid_content":false,"footnotes":""},"categories":[4],"tags":[],"class_list":["post-9967","post","type-post","status-publish","format-standard","has-post-thumbnail","hentry","category-noticias"],"jetpack_featured_media_url":"https:\/\/wp.ufpel.edu.br\/prec\/files\/2017\/07\/EXPRESSA-Banner.jpg","jetpack_sharing_enabled":true,"jetpack_shortlink":"https:\/\/wp.me\/p70d9s-2AL","_links":{"self":[{"href":"https:\/\/wp.ufpel.edu.br\/prec\/wp-json\/wp\/v2\/posts\/9967","targetHints":{"allow":["GET"]}}],"collection":[{"href":"https:\/\/wp.ufpel.edu.br\/prec\/wp-json\/wp\/v2\/posts"}],"about":[{"href":"https:\/\/wp.ufpel.edu.br\/prec\/wp-json\/wp\/v2\/types\/post"}],"author":[{"embeddable":true,"href":"https:\/\/wp.ufpel.edu.br\/prec\/wp-json\/wp\/v2\/users\/34"}],"replies":[{"embeddable":true,"href":"https:\/\/wp.ufpel.edu.br\/prec\/wp-json\/wp\/v2\/comments?post=9967"}],"version-history":[{"count":3,"href":"https:\/\/wp.ufpel.edu.br\/prec\/wp-json\/wp\/v2\/posts\/9967\/revisions"}],"predecessor-version":[{"id":9971,"href":"https:\/\/wp.ufpel.edu.br\/prec\/wp-json\/wp\/v2\/posts\/9967\/revisions\/9971"}],"wp:featuredmedia":[{"embeddable":true,"href":"https:\/\/wp.ufpel.edu.br\/prec\/wp-json\/wp\/v2\/media\/7612"}],"wp:attachment":[{"href":"https:\/\/wp.ufpel.edu.br\/prec\/wp-json\/wp\/v2\/media?parent=9967"}],"wp:term":[{"taxonomy":"category","embeddable":true,"href":"https:\/\/wp.ufpel.edu.br\/prec\/wp-json\/wp\/v2\/categories?post=9967"},{"taxonomy":"post_tag","embeddable":true,"href":"https:\/\/wp.ufpel.edu.br\/prec\/wp-json\/wp\/v2\/tags?post=9967"}],"curies":[{"name":"wp","href":"https:\/\/api.w.org\/{rel}","templated":true}]}}