{"id":9762,"date":"2018-08-02T15:44:27","date_gmt":"2018-08-02T18:44:27","guid":{"rendered":"https:\/\/wp.ufpel.edu.br\/prec\/?p=9762"},"modified":"2018-08-03T13:57:21","modified_gmt":"2018-08-03T16:57:21","slug":"revista-expressa-extensao-abre-chamada-para-submissao-de-textos-5","status":"publish","type":"post","link":"https:\/\/wp.ufpel.edu.br\/prec\/2018\/08\/02\/revista-expressa-extensao-abre-chamada-para-submissao-de-textos-5\/","title":{"rendered":"Revista Expressa Extens\u00e3o abre chamada para submiss\u00e3o de textos"},"content":{"rendered":"<p>A Revista Expressa Extens\u00e3o, peri\u00f3dico da Pr\u00f3-Reitoria de Extens\u00e3o e Cultura da Universidade Federal de Pelotas, est\u00e1 com chamada aberta para o v. 24, n.1, n.2 e n.3 de 2019, com as tem\u00e1ticas \u201c<strong>Educa\u00e7\u00e3o, Comunidade e Cultura Popular<\/strong>\u201d, \u201c<strong>O Meio Ambiente e a Sociedade<\/strong>\u201d e &#8220;<strong>Desenvolvimento Regional<\/strong>&#8220;, respectivamente.<\/p>\n<p>A submiss\u00e3o dos trabalhos deve ser realizada na\u00a0p\u00e1gina da revista\u00a0at\u00e9 o dia 20 de setembro de 2018, para o tema \u201cEduca\u00e7\u00e3o, Comunidade e Cultura Popular\u201d, 20 de janeiro de 2019, para o tema \u201cO Meio Ambiente e a Sociedade\u201d, e 20 de maio de 2019, para o tema\u00a0&#8220;Desenvolvimento Regional&#8221;.<\/p>\n<p>Convidamos todos a participar das submiss\u00f5es, al\u00e9m de divulgar e compartilhar aos poss\u00edveis interessados(as).<\/p>\n<p><a href=\"https:\/\/periodicos.ufpel.edu.br\/ojs2\/index.php\/expressaextensao\">Acesse a p\u00e1gina da Revista Expressa Extens\u00e3o.<\/a><\/p>\n<p><a href=\"https:\/\/wp.ufpel.edu.br\/prec\/files\/2018\/08\/Edital-Revista-EE-v24-n1-n2-e-n3.pdf\">Acesse o edital e saiba mais.<\/a><\/p>\n","protected":false},"excerpt":{"rendered":"<p>A Revista Expressa Extens\u00e3o, peri\u00f3dico da Pr\u00f3-Reitoria de Extens\u00e3o e Cultura da Universidade Federal de Pelotas, est\u00e1 com chamada aberta para o v. 24, n.1, n.2 e n.3 de 2019, com as tem\u00e1ticas \u201cEduca\u00e7\u00e3o, Comunidade e Cultura Popular\u201d, \u201cO Meio Ambiente e a Sociedade\u201d e &#8220;Desenvolvimento Regional&#8220;, respectivamente. A submiss\u00e3o dos trabalhos deve ser realizada [&hellip;]<\/p>\n","protected":false},"author":34,"featured_media":7612,"comment_status":"closed","ping_status":"closed","sticky":false,"template":"","format":"standard","meta":{"_jetpack_newsletter_access":"","_jetpack_dont_email_post_to_subs":false,"_jetpack_newsletter_tier_id":0,"_jetpack_memberships_contains_paywalled_content":false,"_jetpack_memberships_contains_paid_content":false,"footnotes":""},"categories":[44810],"tags":[],"class_list":["post-9762","post","type-post","status-publish","format-standard","has-post-thumbnail","hentry","category-destaques"],"jetpack_featured_media_url":"https:\/\/wp.ufpel.edu.br\/prec\/files\/2017\/07\/EXPRESSA-Banner.jpg","jetpack_sharing_enabled":true,"jetpack_shortlink":"https:\/\/wp.me\/p70d9s-2xs","_links":{"self":[{"href":"https:\/\/wp.ufpel.edu.br\/prec\/wp-json\/wp\/v2\/posts\/9762","targetHints":{"allow":["GET"]}}],"collection":[{"href":"https:\/\/wp.ufpel.edu.br\/prec\/wp-json\/wp\/v2\/posts"}],"about":[{"href":"https:\/\/wp.ufpel.edu.br\/prec\/wp-json\/wp\/v2\/types\/post"}],"author":[{"embeddable":true,"href":"https:\/\/wp.ufpel.edu.br\/prec\/wp-json\/wp\/v2\/users\/34"}],"replies":[{"embeddable":true,"href":"https:\/\/wp.ufpel.edu.br\/prec\/wp-json\/wp\/v2\/comments?post=9762"}],"version-history":[{"count":7,"href":"https:\/\/wp.ufpel.edu.br\/prec\/wp-json\/wp\/v2\/posts\/9762\/revisions"}],"predecessor-version":[{"id":9788,"href":"https:\/\/wp.ufpel.edu.br\/prec\/wp-json\/wp\/v2\/posts\/9762\/revisions\/9788"}],"wp:featuredmedia":[{"embeddable":true,"href":"https:\/\/wp.ufpel.edu.br\/prec\/wp-json\/wp\/v2\/media\/7612"}],"wp:attachment":[{"href":"https:\/\/wp.ufpel.edu.br\/prec\/wp-json\/wp\/v2\/media?parent=9762"}],"wp:term":[{"taxonomy":"category","embeddable":true,"href":"https:\/\/wp.ufpel.edu.br\/prec\/wp-json\/wp\/v2\/categories?post=9762"},{"taxonomy":"post_tag","embeddable":true,"href":"https:\/\/wp.ufpel.edu.br\/prec\/wp-json\/wp\/v2\/tags?post=9762"}],"curies":[{"name":"wp","href":"https:\/\/api.w.org\/{rel}","templated":true}]}}